{"id":121880,"date":"2020-12-15T09:08:30","date_gmt":"2020-12-15T08:08:30","guid":{"rendered":"http:\/\/www.tucomarca.com\/wordpress\/segunda\/?p=121880"},"modified":"2020-12-18T13:31:52","modified_gmt":"2020-12-18T12:31:52","slug":"susi-manez-obte-el-primer-premi-del-iii-concurs-de-fotografia-barri-sant-rafael-de-bunol-y-herminio-martinez-gana-el-premi-del-public","status":"publish","type":"post","link":"https:\/\/tucomarca.whitekongsoftware.com\/ca\/susi-manez-obte-el-primer-premi-del-iii-concurs-de-fotografia-barri-sant-rafael-de-bunol-y-herminio-martinez-gana-el-premi-del-public\/","title":{"rendered":"Susi M\u00e1\u00f1ez obt\u00e9 el primer premi del III Concurs de fotografia Barri Sant Rafael de Bu\u00f1ol y Herminio Mart\u00ednez gana el premi del p\u00fablic"},"content":{"rendered":"\n<p class=\"wp-block-paragraph\">Juan Luis Pall\u00e1s, regidor de Cultura de l&#8217;Ajuntament de Bu\u00f1ol, Juncal Carrascosa, alcaldessa de Bu\u00f1ol, junt amb Francisco Soto, president de l&#8217;Associaci\u00f3 de Ve\u00efns del Barri Sant Rafael de Bu\u00f1ol, han fet entrega este passat diumenge, en la Sala de l&#8217;Oscurico del Castillo, dels premis del III Concurs de Fotografia Barri Sant Rafael de Bu\u00f1ol.&#8221;<\/p>\n\n\n\n<p class=\"wp-block-paragraph\"><strong>Els premiats han sigut:<\/strong><\/p>\n\n\n\n<p class=\"wp-block-paragraph\">1  Susi Ma\u00f1ez Ballester<br>2  Carolina Puche Andr\u00e9s<br>3  Venanci Ferrer Tar\u00edn&nbsp;<\/p>\n\n\n\n<ul class=\"wp-block-gallery columns-1 is-cropped wp-block-gallery-1 is-layout-flex wp-block-gallery-is-layout-flex\"><li class=\"blocks-gallery-item\"><figure><img loading=\"lazy\" decoding=\"async\" width=\"787\" height=\"673\" src=\"http:\/\/www.tucomarca.com\/wordpress\/segunda\/wp-content\/uploads\/2020\/12\/Primerpremio.jpg\" alt=\"\" data-id=\"121877\" data-link=\"http:\/\/www.tucomarca.com\/wordpress\/segunda\/?attachment_id=121877\" class=\"wp-image-121877\" srcset=\"https:\/\/tucomarca.whitekongsoftware.com\/wp-content\/uploads\/2020\/12\/Primerpremio.jpg 787w, https:\/\/tucomarca.whitekongsoftware.com\/wp-content\/uploads\/2020\/12\/Primerpremio-300x257.jpg 300w, https:\/\/tucomarca.whitekongsoftware.com\/wp-content\/uploads\/2020\/12\/Primerpremio-768x657.jpg 768w\" sizes=\"auto, (max-width: 787px) 100vw, 787px\" \/><\/figure><\/li><li class=\"blocks-gallery-item\"><figure><img loading=\"lazy\" decoding=\"async\" width=\"787\" height=\"590\" src=\"http:\/\/www.tucomarca.com\/wordpress\/segunda\/wp-content\/uploads\/2020\/12\/Segundopremio.jpg\" alt=\"\" data-id=\"121875\" data-link=\"http:\/\/www.tucomarca.com\/wordpress\/segunda\/?attachment_id=121875\" class=\"wp-image-121875\" srcset=\"https:\/\/tucomarca.whitekongsoftware.com\/wp-content\/uploads\/2020\/12\/Segundopremio.jpg 787w, https:\/\/tucomarca.whitekongsoftware.com\/wp-content\/uploads\/2020\/12\/Segundopremio-300x225.jpg 300w, https:\/\/tucomarca.whitekongsoftware.com\/wp-content\/uploads\/2020\/12\/Segundopremio-768x576.jpg 768w, https:\/\/tucomarca.whitekongsoftware.com\/wp-content\/uploads\/2020\/12\/Segundopremio-678x509.jpg 678w, https:\/\/tucomarca.whitekongsoftware.com\/wp-content\/uploads\/2020\/12\/Segundopremio-326x245.jpg 326w, https:\/\/tucomarca.whitekongsoftware.com\/wp-content\/uploads\/2020\/12\/Segundopremio-80x60.jpg 80w\" sizes=\"auto, (max-width: 787px) 100vw, 787px\" \/><\/figure><\/li><li class=\"blocks-gallery-item\"><figure><img loading=\"lazy\" decoding=\"async\" width=\"787\" height=\"547\" src=\"http:\/\/www.tucomarca.com\/wordpress\/segunda\/wp-content\/uploads\/2020\/12\/TercerPremio.jpg\" alt=\"\" data-id=\"121873\" data-link=\"http:\/\/www.tucomarca.com\/wordpress\/segunda\/?attachment_id=121873\" class=\"wp-image-121873\" srcset=\"https:\/\/tucomarca.whitekongsoftware.com\/wp-content\/uploads\/2020\/12\/TercerPremio.jpg 787w, https:\/\/tucomarca.whitekongsoftware.com\/wp-content\/uploads\/2020\/12\/TercerPremio-300x209.jpg 300w, https:\/\/tucomarca.whitekongsoftware.com\/wp-content\/uploads\/2020\/12\/TercerPremio-768x534.jpg 768w\" sizes=\"auto, (max-width: 787px) 100vw, 787px\" \/><\/figure><\/li><\/ul>\n\n\n\n<p class=\"wp-block-paragraph\"><strong>Premi del P\u00fablic:<\/strong><\/p>\n\n\n\n<p class=\"wp-block-paragraph\"><strong>&nbsp;<\/strong>Herminio Mart\u00ednez Navarro<\/p>\n\n\n\n<p class=\"wp-block-paragraph\">Ara mateix i durant estes festes nadalenques la Sala de l&#8217;Oscurico acull l&#8217;exposici\u00f3 dels alumnes de Pintura de l&#8217;AU que pot visitar-se els caps de setmana de 10 a 14h.<\/p>\n\n\n\n<figure class=\"wp-block-image\"><img loading=\"lazy\" decoding=\"async\" width=\"787\" height=\"568\" src=\"http:\/\/www.tucomarca.com\/wordpress\/segunda\/wp-content\/uploads\/2020\/12\/PremiodelPublico.jpg\" alt=\"\" class=\"wp-image-121871\" srcset=\"https:\/\/tucomarca.whitekongsoftware.com\/wp-content\/uploads\/2020\/12\/PremiodelPublico.jpg 787w, https:\/\/tucomarca.whitekongsoftware.com\/wp-content\/uploads\/2020\/12\/PremiodelPublico-300x217.jpg 300w, https:\/\/tucomarca.whitekongsoftware.com\/wp-content\/uploads\/2020\/12\/PremiodelPublico-768x554.jpg 768w\" sizes=\"auto, (max-width: 787px) 100vw, 787px\" \/><\/figure>\n","protected":false},"excerpt":{"rendered":"<div class=\"mh-excerpt\">Juan Luis Pall\u00e1s, regidor de Cultura de l&#8217;Ajuntament de Bu\u00f1ol, Juncal Carrascosa, alcaldessa de Bu\u00f1ol, junt amb Francisco Soto, president de l&#8217;Associaci\u00f3 de Ve\u00efns del Barri Sant Rafael de Bu\u00f1ol, han fet entrega este passat <a class=\"mh-excerpt-more\" href=\"https:\/\/tucomarca.whitekongsoftware.com\/ca\/susi-manez-obte-el-primer-premi-del-iii-concurs-de-fotografia-barri-sant-rafael-de-bunol-y-herminio-martinez-gana-el-premi-del-public\/\" title=\"Susi M\u00e1\u00f1ez obt\u00e9 el primer premi del III Concurs de fotografia Barri Sant Rafael de Bu\u00f1ol y Herminio Mart\u00ednez gana el premi del p\u00fablic\">[+] <\/a><\/div>\n","protected":false},"author":12,"featured_media":121872,"comment_status":"open","ping_status":"open","sticky":false,"template":"","format":"gallery","meta":{"footnotes":""},"categories":[10911,10894,10912,11007,10896],"tags":[10385,12686,5952],"class_list":["post-121880","post","type-post","status-publish","format-gallery","has-post-thumbnail","category-bunol-ca","category-la-comarca-ca","category-la-hoya-ca","category-ocio-y-cultura-ca","category-seccion-ca","tag-bunol","tag-iii-concurso-de-fotografia-barrio-san-rafael","tag-la-hoya-de-bunol-chiva","post_format-post-format-gallery"],"_links":{"self":[{"href":"https:\/\/tucomarca.whitekongsoftware.com\/ca\/wp-json\/wp\/v2\/posts\/121880","targetHints":{"allow":["GET"]}}],"collection":[{"href":"https:\/\/tucomarca.whitekongsoftware.com\/ca\/wp-json\/wp\/v2\/posts"}],"about":[{"href":"https:\/\/tucomarca.whitekongsoftware.com\/ca\/wp-json\/wp\/v2\/types\/post"}],"author":[{"embeddable":true,"href":"https:\/\/tucomarca.whitekongsoftware.com\/ca\/wp-json\/wp\/v2\/users\/12"}],"replies":[{"embeddable":true,"href":"https:\/\/tucomarca.whitekongsoftware.com\/ca\/wp-json\/wp\/v2\/comments?post=121880"}],"version-history":[{"count":0,"href":"https:\/\/tucomarca.whitekongsoftware.com\/ca\/wp-json\/wp\/v2\/posts\/121880\/revisions"}],"wp:featuredmedia":[{"embeddable":true,"href":"https:\/\/tucomarca.whitekongsoftware.com\/ca\/wp-json\/wp\/v2\/media\/121872"}],"wp:attachment":[{"href":"https:\/\/tucomarca.whitekongsoftware.com\/ca\/wp-json\/wp\/v2\/media?parent=121880"}],"wp:term":[{"taxonomy":"category","embeddable":true,"href":"https:\/\/tucomarca.whitekongsoftware.com\/ca\/wp-json\/wp\/v2\/categories?post=121880"},{"taxonomy":"post_tag","embeddable":true,"href":"https:\/\/tucomarca.whitekongsoftware.com\/ca\/wp-json\/wp\/v2\/tags?post=121880"}],"curies":[{"name":"wp","href":"https:\/\/api.w.org\/{rel}","templated":true}]}}