{"id":121843,"date":"2020-12-14T16:55:09","date_gmt":"2020-12-14T15:55:09","guid":{"rendered":"http:\/\/www.tucomarca.com\/wordpress\/segunda\/?p=121843"},"modified":"2020-12-14T21:34:43","modified_gmt":"2020-12-14T20:34:43","slug":"xest-aporta-24-casos-alzira-13-lalcudia-9-caudete-8-algemesi-6-i-utiel-3-als-2-146-nous-casos-de-coronavirus-a-la-comunitat","status":"publish","type":"post","link":"https:\/\/tucomarca.whitekongsoftware.com\/ca\/xest-aporta-24-casos-alzira-13-lalcudia-9-caudete-8-algemesi-6-i-utiel-3-als-2-146-nous-casos-de-coronavirus-a-la-comunitat\/","title":{"rendered":"Xest aporta 24 casos, Alzira 13, l&#8217;Alc\u00fadia 9, Caudete 8, Algemes\u00ed 6 i Utiel 3 als 2.146 nous casos de coronavirus a la Comunitat"},"content":{"rendered":"\n<p class=\"wp-block-paragraph\">La Comunitat Valenciana ha registrat 2.146 nous casos de coronavirus confirmats per prova PCR o mitjan\u00e7ant test d&#8217;ant\u00edgens, que situen la xifra total de positius en 117.036 persones. Per prov\u00edncies, la distribuci\u00f3 de nous positius \u00e9s la seg\u00fcent: 211 a Castell\u00f3 (12.908 en total); 690 a Alacant (39.853 en total), i 1.245 a la prov\u00edncia de Val\u00e8ncia (64.273 en total). A m\u00e9s, continua havent 2 casos sense assignar. D&#8217;altra banda, des de l&#8217;\u00faltima actualitzaci\u00f3, s&#8217;han registrat 2.349 altes a pacients amb coronavirus. <\/p>\n\n\n\n<p class=\"wp-block-paragraph\">D&#8217;aquesta manera, ja s\u00f3n 114.920 persones a la Comunitat Valenciana les que han superat la malaltia des que va comen\u00e7ar la pand\u00e8mia. Per prov\u00edncies: 13.010 a Castell\u00f3, 39.283 a Alacant i 62.567 a Val\u00e8ncia. A m\u00e9s, hi ha 60 altes sense assignaci\u00f3. D&#8217;aquesta manera, a hores d&#8217;ara hi ha 11.098 casos actius, la qual cosa suposa un 8,63% de l&#8217;total de positius. <\/p>\n\n\n\n<p class=\"wp-block-paragraph\">Els hospitals valencians tenen, actualment, 1.198 persones ingressades: 111 a la prov\u00edncia de Castell\u00f3, amb 18 pacients en UCI; 325 a la prov\u00edncia d&#8217;Alacant, 80 d&#8217;ells a l&#8217;UCI; i 762 a la prov\u00edncia de Val\u00e8ncia, 138 d&#8217;ells a UCI. D&#8217;altra banda, s&#8217;han registrat 32 morts per coronavirus des de l&#8217;\u00faltima actualitzaci\u00f3, de manera que el total de defuncions \u00e9s de 2.613 persones: 345 a la prov\u00edncia de Castell\u00f3, 935 a la d&#8217;Alacant i 1.333 a la de Val\u00e8ncia. <\/p>\n\n\n\n<p class=\"wp-block-paragraph\">El nombre total de proves dutes a terme per a la detecci\u00f3 de l&#8217;coronavirus ascendeix a 1.870.223, de les quals 1.704.201 han estat a trav\u00e9s de PCR i 166.022 mitjan\u00e7ant test r\u00e0pid. <\/p>\n\n\n\n<p class=\"wp-block-paragraph\"><strong>Actualitzaci\u00f3 de la situaci\u00f3 en resid\u00e8ncies <\/strong><\/p>\n\n\n\n<p class=\"wp-block-paragraph\">A dia d&#8217;avui, hi ha algun cas positiu en 87 resid\u00e8ncies de majors (5 a la prov\u00edncia de Castell\u00f3, 25 a la prov\u00edncia d&#8217;Alacant i 57 a la prov\u00edncia de Val\u00e8ncia), 17 centres de diversitat funcional (3 a la prov\u00edncia de Castell\u00f3, 4 a la prov\u00edncia d&#8217;Alacant i 10 a la prov\u00edncia de Val\u00e8ncia) i 5 centres de menors a la prov\u00edncia de Val\u00e8ncia. \u00b7 Residents nous positius: 12 \u00b7 Treballadors i treballadores nous positius: 13 \u00b7 Residents morts: 14 Actualment, es troben sota vigil\u00e0ncia activa de control sanitari 21 resid\u00e8ncies a la Comunitat Valenciana: 9 a la prov\u00edncia d&#8217;Alacant i 12 a la prov\u00edncia de Val\u00e8ncia. <\/p>\n\n\n\n<p class=\"wp-block-paragraph\"><strong>Actualitzaci\u00f3 brots de coronavirus <\/strong><\/p>\n\n\n\n<p class=\"wp-block-paragraph\">Nous brots: 48 (9 a la prov\u00edncia d&#8217;Alacant; 4 a la prov\u00edncia de Castell\u00f3 i 35 a la prov\u00edncia de Val\u00e8ncia)<\/p>\n\n\n\n<p class=\"wp-block-paragraph\">\u00b7 Cheste: 9 casos. Origen social<\/p>\n\n\n\n<p class=\"wp-block-paragraph\">\u00b7 La Vilavella: 4 casos. Origen laboral<\/p>\n\n\n\n<p class=\"wp-block-paragraph\">\u00b7 Val\u00e8ncia: 5 casos. Origen laboral<\/p>\n\n\n\n<p class=\"wp-block-paragraph\">\u00b7 D\u00e9nia: 6 casos. Origen social<\/p>\n\n\n\n<p class=\"wp-block-paragraph\">\u00b7 Alboraya: 6 casos. Origen social<\/p>\n\n\n\n<p class=\"wp-block-paragraph\">\u00b7 Utiel: 3 casos. Origen social<\/p>\n\n\n\n<p class=\"wp-block-paragraph\">\u00b7 Torrevieja: 6 casos. Origen laboral<\/p>\n\n\n\n<p class=\"wp-block-paragraph\">\u00b7 Almorad\u00ed: 5 casos. Origen social<\/p>\n\n\n\n<p class=\"wp-block-paragraph\">\u00b7 Soneja: 6 casos. Origen laboral<\/p>\n\n\n\n<p class=\"wp-block-paragraph\">\u00b7 Val\u00e8ncia: 5 casos. Origen social<\/p>\n\n\n\n<p class=\"wp-block-paragraph\">\u00b7 L&#8217;Alc\u00fadia: 9 casos. Origen social<\/p>\n\n\n\n<p class=\"wp-block-paragraph\">\u00b7 Benidorm: 8 casos. Origen social<\/p>\n\n\n\n<p class=\"wp-block-paragraph\">\u00b7 Val\u00e8ncia: 5 casos. Origen social<\/p>\n\n\n\n<p class=\"wp-block-paragraph\">\u00b7 Alzira: 6 casos. Origen social<\/p>\n\n\n\n<p class=\"wp-block-paragraph\">\u00b7 Gandia: 4 casos. Origen social<\/p>\n\n\n\n<p class=\"wp-block-paragraph\">\u00b7 Val\u00e8ncia: 6 casos. Origen social<\/p>\n\n\n\n<p class=\"wp-block-paragraph\">\u00b7 Caudete de las Fuentes: 8 casos. Origen social<\/p>\n\n\n\n<p class=\"wp-block-paragraph\">\u00b7 Algemes\u00ed: 6 casos. Origen social<\/p>\n\n\n\n<p class=\"wp-block-paragraph\">\u00b7 Alzira: 7 casos. Origen social<\/p>\n\n\n\n<p class=\"wp-block-paragraph\">\u00b7 Catarroja: 7 casos. Origen social<\/p>\n\n\n\n<p class=\"wp-block-paragraph\">\u00b7 Vila-real: 4 casos. Origen social<\/p>\n\n\n\n<p class=\"wp-block-paragraph\">\u00b7 Gandia: 6 casos. Origen social<\/p>\n\n\n\n<p class=\"wp-block-paragraph\">\u00b7 Benidorm: 6 casos. Origen social<\/p>\n\n\n\n<p class=\"wp-block-paragraph\">\u00b7 Val\u00e8ncia: 8 casos. Origen laboral<\/p>\n\n\n\n<p class=\"wp-block-paragraph\">\u00b7 Val\u00e8ncia: 12 casos. \u00c1mbito educativo<\/p>\n\n\n\n<p class=\"wp-block-paragraph\">\u00b7 Val\u00e8ncia: 3 casos. Origen laboral<\/p>\n\n\n\n<p class=\"wp-block-paragraph\">\u00b7 Val\u00e8ncia: 3 casos. Origen laboral<\/p>\n\n\n\n<p class=\"wp-block-paragraph\">\u00b7 Alicante: 5 casos. Origen social<\/p>\n\n\n\n<p class=\"wp-block-paragraph\">\u00b7 Val\u00e8ncia: 3 casos. Origen laboral<\/p>\n\n\n\n<p class=\"wp-block-paragraph\">\u00b7 Elche: 5 casos. Origen laboral<\/p>\n\n\n\n<p class=\"wp-block-paragraph\">\u00b7 Agost: 8 casos. Origen social<\/p>\n\n\n\n<p class=\"wp-block-paragraph\">\u00b7 Val\u00e8ncia: 3 casos. Origen social<\/p>\n\n\n\n<p class=\"wp-block-paragraph\">\u00b7 Val\u00e8ncia: 4 casos. Origen social<\/p>\n\n\n\n<p class=\"wp-block-paragraph\">\u00b7 La Pobla de Farnals: 3 casos. Origen social<\/p>\n\n\n\n<p class=\"wp-block-paragraph\">\u00b7 Val\u00e8ncia: 3 casos. Origen social<\/p>\n\n\n\n<p class=\"wp-block-paragraph\">\u00b7 Val\u00e8ncia: 4 casos. Origen social<\/p>\n\n\n\n<p class=\"wp-block-paragraph\">\u00b7 Soneja: 3 casos. Origen social<\/p>\n\n\n\n<p class=\"wp-block-paragraph\">\u00b7 Val\u00e8ncia: 7 casos. Origen social<\/p>\n\n\n\n<p class=\"wp-block-paragraph\">\u00b7 Val\u00e8ncia: 4 casos. Origen social<\/p>\n\n\n\n<p class=\"wp-block-paragraph\">\u00b7 Quart de Poblet: 5 casos. \u00c1mbito educativo<\/p>\n\n\n\n<p class=\"wp-block-paragraph\">\u00b7 Sagunto: 3 casos. Origen social<\/p>\n\n\n\n<p class=\"wp-block-paragraph\">\u00b7 Val\u00e8ncia: 6 casos. Origen social<\/p>\n\n\n\n<p class=\"wp-block-paragraph\">\u00b7 Manises: 7 casos. Origen social<\/p>\n\n\n\n<p class=\"wp-block-paragraph\">\u00b7 Val\u00e8ncia: 3 casos. Origen social<\/p>\n\n\n\n<p class=\"wp-block-paragraph\">\u00b7 Val\u00e8ncia: 4 casos. Origen social<\/p>\n\n\n\n<p class=\"wp-block-paragraph\">\u00b7 Elche: 13 casos. Origen social<\/p>\n\n\n\n<p class=\"wp-block-paragraph\">\u00b7 Cheste: 11 casos. Origen social<\/p>\n\n\n\n<p class=\"wp-block-paragraph\">\u00b7 Cheste: 4 casos. Origen laboral<\/p>\n","protected":false},"excerpt":{"rendered":"<div class=\"mh-excerpt\">La Comunitat Valenciana ha registrat 2.146 nous casos de coronavirus confirmats per prova PCR o mitjan\u00e7ant test d&#8217;ant\u00edgens, que situen la xifra total de positius en 117.036 persones. Per prov\u00edncies, la distribuci\u00f3 de nous positius <a class=\"mh-excerpt-more\" href=\"https:\/\/tucomarca.whitekongsoftware.com\/ca\/xest-aporta-24-casos-alzira-13-lalcudia-9-caudete-8-algemesi-6-i-utiel-3-als-2-146-nous-casos-de-coronavirus-a-la-comunitat\/\" title=\"Xest aporta 24 casos, Alzira 13, l&#8217;Alc\u00fadia 9, Caudete 8, Algemes\u00ed 6 i Utiel 3 als 2.146 nous casos de coronavirus a la Comunitat\">[+] <\/a><\/div>\n","protected":false},"author":1,"featured_media":100928,"comment_status":"open","ping_status":"open","sticky":false,"template":"","format":"standard","meta":{"footnotes":""},"categories":[10983,10889,11032,12202,10898,10948,10995,10894,10904,10912,10902,10903,10947,10909,10896,10897,10974],"tags":[11071,11939,11940,10914,11077,10910],"class_list":["post-121843","post","type-post","status-publish","format-standard","has-post-thumbnail","category-algemesi-ca","category-alzira-cat","category-caudete-ca","category-covid-19-ca","category-ventana-ca","category-infraestructuras-ca","category-lalcudia-ca","category-la-comarca-ca","category-sin-categorizar-ca","category-la-hoya-ca","category-la-ribera-ca","category-medio-ambiente-la-comarca-ca","category-politica","category-requena-utiel-ca","category-seccion-ca","category-sucesos-la-comarca-ca","category-cheste-ca","tag-cheste","tag-coronavirus-ca","tag-covid-19-ca","tag-la-hoya-de-bunol-chiva-ca","tag-la-ribera-alta-ca","tag-requena-utiel-ca"],"_links":{"self":[{"href":"https:\/\/tucomarca.whitekongsoftware.com\/ca\/wp-json\/wp\/v2\/posts\/121843","targetHints":{"allow":["GET"]}}],"collection":[{"href":"https:\/\/tucomarca.whitekongsoftware.com\/ca\/wp-json\/wp\/v2\/posts"}],"about":[{"href":"https:\/\/tucomarca.whitekongsoftware.com\/ca\/wp-json\/wp\/v2\/types\/post"}],"author":[{"embeddable":true,"href":"https:\/\/tucomarca.whitekongsoftware.com\/ca\/wp-json\/wp\/v2\/users\/1"}],"replies":[{"embeddable":true,"href":"https:\/\/tucomarca.whitekongsoftware.com\/ca\/wp-json\/wp\/v2\/comments?post=121843"}],"version-history":[{"count":0,"href":"https:\/\/tucomarca.whitekongsoftware.com\/ca\/wp-json\/wp\/v2\/posts\/121843\/revisions"}],"wp:featuredmedia":[{"embeddable":true,"href":"https:\/\/tucomarca.whitekongsoftware.com\/ca\/wp-json\/wp\/v2\/media\/100928"}],"wp:attachment":[{"href":"https:\/\/tucomarca.whitekongsoftware.com\/ca\/wp-json\/wp\/v2\/media?parent=121843"}],"wp:term":[{"taxonomy":"category","embeddable":true,"href":"https:\/\/tucomarca.whitekongsoftware.com\/ca\/wp-json\/wp\/v2\/categories?post=121843"},{"taxonomy":"post_tag","embeddable":true,"href":"https:\/\/tucomarca.whitekongsoftware.com\/ca\/wp-json\/wp\/v2\/tags?post=121843"}],"curies":[{"name":"wp","href":"https:\/\/api.w.org\/{rel}","templated":true}]}}