{"id":121821,"date":"2020-12-14T14:14:15","date_gmt":"2020-12-14T13:14:15","guid":{"rendered":"http:\/\/www.tucomarca.com\/wordpress\/segunda\/?p=121821"},"modified":"2020-12-14T21:23:14","modified_gmt":"2020-12-14T20:23:14","slug":"la-guardia-civil-entrega-al-museu-de-prehistoria-de-valencia-una-peca-arqueologica-trobada-en-la-localitat-de-riba-roja","status":"publish","type":"post","link":"https:\/\/tucomarca.whitekongsoftware.com\/ca\/la-guardia-civil-entrega-al-museu-de-prehistoria-de-valencia-una-peca-arqueologica-trobada-en-la-localitat-de-riba-roja\/","title":{"rendered":"La Gu\u00e0rdia Civil entrega al Museu de Prehist\u00f2ria de Val\u00e8ncia una pe\u00e7a arqueol\u00f2gica trobada en la localitat de Riba-roja"},"content":{"rendered":"\n<h4 class=\"wp-block-heading\"><strong>L&#8217;Equip de Policia Judicial de Riba-roja de la Gu\u00e0rdia Civil va comunicar la troballa d&#8217;una pe\u00e7a arqueol\u00f2gica i d&#8217;altres dos tallades a m\u00e0&#8221;<\/strong><\/h4>\n\n\n\n<p class=\"wp-block-paragraph\">L&#8217;Equip de Policia Judicial de Riba-vermella de la Gu\u00e0rdia Civil de Val\u00e8ncia, va fer entrega al Servei d&#8217;Investigacions Prehist\u00f2riques de el Museu de Prehist\u00f2ria de Val\u00e8ncia, dependent de la diputaci\u00f3 de Val\u00e8ncia, d&#8217;una pe\u00e7a arqueol\u00f2gica trobada a les rodalies de la localitat de Riba-roja de T\u00faria.<\/p>\n\n\n\n<p class=\"wp-block-paragraph\">Es tracta de la part superior d&#8217;un cap femen\u00ed humana coronada, tallada en material cer\u00e0mic.<\/p>\n\n\n\n<p class=\"wp-block-paragraph\">Despr\u00e9s d&#8217;una primera valoraci\u00f3 per part de la t\u00e8cnic en Patrimoni de l&#8217;Ajuntament de Riba-roja i de la directora del Museu de Prehist\u00f2ria de Val\u00e8ncia, la pe\u00e7a seria d&#8217;origen visigot, molt possiblement de l&#8217;assentament de Val\u00e8ncia la Vella.<\/p>\n\n\n\n<p class=\"wp-block-paragraph\">Actualment experts en la mat\u00e8ria del Museu de Prehist\u00f2ria de Val\u00e8ncia, estan realitzant treballs amb la pe\u00e7a per determinar la tipologia, proced\u00e8ncia, utilitat i originalitat, per considerar la seva inclusi\u00f3 en el Patrimoni Hist\u00f2ric Espanyol.<\/p>\n\n\n\n<p class=\"wp-block-paragraph\">La troballa del la pe\u00e7a obre la via de realitzar accions complement\u00e0ries, com a estudi amb metodologia arqueol\u00f2gica de el lloc, el qual proporcionar\u00e0 molt possiblement noves dades sobre l&#8217;entorn social i de les condicions principals de vida que es donaven en l&#8217;\u00e8poca.<\/p>\n\n\n\n<p class=\"wp-block-paragraph\">Tamb\u00e9 en el marc de la protecci\u00f3 i defensa de l&#8217;Patrimoni Hist\u00f2ric Espanyol, l&#8217;Equip de Policia Judicial de Riba-roja va comunicar la troballa de dues peces tallades a m\u00e0 que formarien possiblement part d&#8217;una columna d&#8217;una edificaci\u00f3 de l&#8217;jaciment de Val\u00e8ncia la Vella. El departament responsable de Patrimoni de l&#8217;Ajuntament de Riba-roja es va fer c\u00e0rrec del seu trasllat i dip\u00f2sit a un lloc adequat per al seu estudi.<\/p>\n","protected":false},"excerpt":{"rendered":"<div class=\"mh-excerpt\">L&#8217;Equip de Policia Judicial de Riba-roja de la Gu\u00e0rdia Civil va comunicar la troballa d&#8217;una pe\u00e7a arqueol\u00f2gica i d&#8217;altres dos tallades a m\u00e0&#8221; L&#8217;Equip de Policia Judicial de Riba-vermella de la Gu\u00e0rdia Civil de Val\u00e8ncia, <a class=\"mh-excerpt-more\" href=\"https:\/\/tucomarca.whitekongsoftware.com\/ca\/la-guardia-civil-entrega-al-museu-de-prehistoria-de-valencia-una-peca-arqueologica-trobada-en-la-localitat-de-riba-roja\/\" title=\"La Gu\u00e0rdia Civil entrega al Museu de Prehist\u00f2ria de Val\u00e8ncia una pe\u00e7a arqueol\u00f2gica trobada en la localitat de Riba-roja\">[+] <\/a><\/div>\n","protected":false},"author":12,"featured_media":121820,"comment_status":"open","ping_status":"open","sticky":false,"template":"","format":"standard","meta":{"footnotes":""},"categories":[10892,10894,11007,10906,10896,10897],"tags":[10395,13069,8900],"class_list":["post-121821","post","type-post","status-publish","format-standard","has-post-thumbnail","category-camp-de-turia-ca","category-la-comarca-ca","category-ocio-y-cultura-ca","category-riba-roja-ca","category-seccion-ca","category-sucesos-la-comarca-ca","tag-camp-de-turia","tag-guardia-civil-de-riba-roja","tag-riba-roja-del-turia"],"_links":{"self":[{"href":"https:\/\/tucomarca.whitekongsoftware.com\/ca\/wp-json\/wp\/v2\/posts\/121821","targetHints":{"allow":["GET"]}}],"collection":[{"href":"https:\/\/tucomarca.whitekongsoftware.com\/ca\/wp-json\/wp\/v2\/posts"}],"about":[{"href":"https:\/\/tucomarca.whitekongsoftware.com\/ca\/wp-json\/wp\/v2\/types\/post"}],"author":[{"embeddable":true,"href":"https:\/\/tucomarca.whitekongsoftware.com\/ca\/wp-json\/wp\/v2\/users\/12"}],"replies":[{"embeddable":true,"href":"https:\/\/tucomarca.whitekongsoftware.com\/ca\/wp-json\/wp\/v2\/comments?post=121821"}],"version-history":[{"count":0,"href":"https:\/\/tucomarca.whitekongsoftware.com\/ca\/wp-json\/wp\/v2\/posts\/121821\/revisions"}],"wp:featuredmedia":[{"embeddable":true,"href":"https:\/\/tucomarca.whitekongsoftware.com\/ca\/wp-json\/wp\/v2\/media\/121820"}],"wp:attachment":[{"href":"https:\/\/tucomarca.whitekongsoftware.com\/ca\/wp-json\/wp\/v2\/media?parent=121821"}],"wp:term":[{"taxonomy":"category","embeddable":true,"href":"https:\/\/tucomarca.whitekongsoftware.com\/ca\/wp-json\/wp\/v2\/categories?post=121821"},{"taxonomy":"post_tag","embeddable":true,"href":"https:\/\/tucomarca.whitekongsoftware.com\/ca\/wp-json\/wp\/v2\/tags?post=121821"}],"curies":[{"name":"wp","href":"https:\/\/api.w.org\/{rel}","templated":true}]}}