{"id":121810,"date":"2020-12-14T14:00:44","date_gmt":"2020-12-14T13:00:44","guid":{"rendered":"http:\/\/www.tucomarca.com\/wordpress\/segunda\/?p=121810"},"modified":"2020-12-14T21:15:21","modified_gmt":"2020-12-14T20:15:21","slug":"la-musica-i-lhumor-es-fusionen-a-xest-amb-el-desconcert-oda-a-la-clau-de-fa","status":"publish","type":"post","link":"https:\/\/tucomarca.whitekongsoftware.com\/ca\/la-musica-i-lhumor-es-fusionen-a-xest-amb-el-desconcert-oda-a-la-clau-de-fa\/","title":{"rendered":"La m\u00fasica i l&#8217;humor es fusionen a Xest amb el &#8220;desconcert&#8221; Oda a la clau de Fa"},"content":{"rendered":"\n<p class=\"wp-block-paragraph\">Dissabte passat, 12 de desembre, el teatre Liceu de Xest va acollir l&#8217;espectacle Oda a la clau de Fa, una proposta musical did\u00e0ctica i humoristica interpretada per un violoncheslista, Jorge Fanjul, un contrabaixista, Javier Sapi\u00f1a, i un pianista, Carlos Apell\u00e1niz, i condu\u00efda per un peculiar narrador, Juan Manuel Aparisi.<\/p>\n\n\n\n<ul class=\"wp-block-gallery columns-2 is-cropped wp-block-gallery-1 is-layout-flex wp-block-gallery-is-layout-flex\"><li class=\"blocks-gallery-item\"><figure><img loading=\"lazy\" decoding=\"async\" width=\"787\" height=\"525\" src=\"http:\/\/www.tucomarca.com\/wordpress\/segunda\/wp-content\/uploads\/2020\/12\/ChesteOdaFa02.jpg\" alt=\"\" data-id=\"121805\" data-link=\"http:\/\/www.tucomarca.com\/wordpress\/segunda\/?attachment_id=121805\" class=\"wp-image-121805\" srcset=\"https:\/\/tucomarca.whitekongsoftware.com\/wp-content\/uploads\/2020\/12\/ChesteOdaFa02.jpg 787w, https:\/\/tucomarca.whitekongsoftware.com\/wp-content\/uploads\/2020\/12\/ChesteOdaFa02-300x200.jpg 300w, https:\/\/tucomarca.whitekongsoftware.com\/wp-content\/uploads\/2020\/12\/ChesteOdaFa02-768x512.jpg 768w\" sizes=\"auto, (max-width: 787px) 100vw, 787px\" \/><\/figure><\/li><li class=\"blocks-gallery-item\"><figure><img loading=\"lazy\" decoding=\"async\" width=\"787\" height=\"525\" src=\"http:\/\/www.tucomarca.com\/wordpress\/segunda\/wp-content\/uploads\/2020\/12\/ChesteOdaFa01.jpg\" alt=\"\" data-id=\"121803\" data-link=\"http:\/\/www.tucomarca.com\/wordpress\/segunda\/?attachment_id=121803\" class=\"wp-image-121803\" srcset=\"https:\/\/tucomarca.whitekongsoftware.com\/wp-content\/uploads\/2020\/12\/ChesteOdaFa01.jpg 787w, https:\/\/tucomarca.whitekongsoftware.com\/wp-content\/uploads\/2020\/12\/ChesteOdaFa01-300x200.jpg 300w, https:\/\/tucomarca.whitekongsoftware.com\/wp-content\/uploads\/2020\/12\/ChesteOdaFa01-768x512.jpg 768w\" sizes=\"auto, (max-width: 787px) 100vw, 787px\" \/><\/figure><\/li><\/ul>\n\n\n\n<p class=\"wp-block-paragraph\">&#8220;Descobrirem els instruments i la seva hist\u00f2ria amb les composicions que m\u00e9s han influ\u00eft en el repertori d&#8217;aquests grans m\u00fasics, acompanyats per un narrador que, amb els seus versos, rebles i opinions desbaratades, aportar\u00e0 el toc d&#8217;humor &#8220;, introdu\u00efa la regidora, M\u00aa \u00c1ngeles Llorente.<\/p>\n\n\n\n<p class=\"wp-block-paragraph\">El &#8220;concert desconcert&#8221;, aix\u00ed anomenat per l&#8217;agrupaci\u00f3, comen\u00e7ava amb les ir\u00f2niques paraules del narrador: &#8220;No sabem molt b\u00e9 el que van a veure, la idea \u00e9s fer una oda d&#8217;exaltaci\u00f3 a la clau de Fa, als instruments greus, m\u00e9s concretament al contrabaix i al violoncel&#8221;. Amb aquestes pretensions Aparisi va dedicar uns versos per donar pas a les explicacions del contrabaixista i a la interpretaci\u00f3 de les peces.<\/p>\n\n\n\n<p class=\"wp-block-paragraph\">Aix\u00ed, el concert va ser endinsant a el p\u00fablic en l&#8217;univers de les sonoritats profundes, recorrent diferents estils i combinacions de cambra d&#8217;una manera fresca, desenfandada i divertida.<\/p>\n","protected":false},"excerpt":{"rendered":"<div class=\"mh-excerpt\">Dissabte passat, 12 de desembre, el teatre Liceu de Xest va acollir l&#8217;espectacle Oda a la clau de Fa, una proposta musical did\u00e0ctica i humoristica interpretada per un violoncheslista, Jorge Fanjul, un contrabaixista, Javier Sapi\u00f1a, <a class=\"mh-excerpt-more\" href=\"https:\/\/tucomarca.whitekongsoftware.com\/ca\/la-musica-i-lhumor-es-fusionen-a-xest-amb-el-desconcert-oda-a-la-clau-de-fa\/\" title=\"La m\u00fasica i l&#8217;humor es fusionen a Xest amb el &#8220;desconcert&#8221; Oda a la clau de Fa\">[+] <\/a><\/div>\n","protected":false},"author":12,"featured_media":121802,"comment_status":"open","ping_status":"open","sticky":false,"template":"","format":"standard","meta":{"footnotes":""},"categories":[10911,11005,10894,10912,11007,10896,10974],"tags":[10385,11071,13320,5952],"class_list":["post-121810","post","type-post","status-publish","format-standard","has-post-thumbnail","category-bunol-ca","category-canal-musica","category-la-comarca-ca","category-la-hoya-ca","category-ocio-y-cultura-ca","category-seccion-ca","category-cheste-ca","tag-bunol","tag-cheste","tag-juan-manuel-aparisi","tag-la-hoya-de-bunol-chiva"],"_links":{"self":[{"href":"https:\/\/tucomarca.whitekongsoftware.com\/ca\/wp-json\/wp\/v2\/posts\/121810","targetHints":{"allow":["GET"]}}],"collection":[{"href":"https:\/\/tucomarca.whitekongsoftware.com\/ca\/wp-json\/wp\/v2\/posts"}],"about":[{"href":"https:\/\/tucomarca.whitekongsoftware.com\/ca\/wp-json\/wp\/v2\/types\/post"}],"author":[{"embeddable":true,"href":"https:\/\/tucomarca.whitekongsoftware.com\/ca\/wp-json\/wp\/v2\/users\/12"}],"replies":[{"embeddable":true,"href":"https:\/\/tucomarca.whitekongsoftware.com\/ca\/wp-json\/wp\/v2\/comments?post=121810"}],"version-history":[{"count":0,"href":"https:\/\/tucomarca.whitekongsoftware.com\/ca\/wp-json\/wp\/v2\/posts\/121810\/revisions"}],"wp:featuredmedia":[{"embeddable":true,"href":"https:\/\/tucomarca.whitekongsoftware.com\/ca\/wp-json\/wp\/v2\/media\/121802"}],"wp:attachment":[{"href":"https:\/\/tucomarca.whitekongsoftware.com\/ca\/wp-json\/wp\/v2\/media?parent=121810"}],"wp:term":[{"taxonomy":"category","embeddable":true,"href":"https:\/\/tucomarca.whitekongsoftware.com\/ca\/wp-json\/wp\/v2\/categories?post=121810"},{"taxonomy":"post_tag","embeddable":true,"href":"https:\/\/tucomarca.whitekongsoftware.com\/ca\/wp-json\/wp\/v2\/tags?post=121810"}],"curies":[{"name":"wp","href":"https:\/\/api.w.org\/{rel}","templated":true}]}}