{"id":121755,"date":"2020-12-12T22:59:26","date_gmt":"2020-12-12T21:59:26","guid":{"rendered":"http:\/\/www.tucomarca.com\/wordpress\/segunda\/?p=121755"},"modified":"2020-12-14T20:26:15","modified_gmt":"2020-12-14T19:26:15","slug":"el-palau-de-la-musica-de-bunyol-alberga-la-presentacio-de-lultima-novella-del-periodista-maximo-huerta","status":"publish","type":"post","link":"https:\/\/tucomarca.whitekongsoftware.com\/ca\/el-palau-de-la-musica-de-bunyol-alberga-la-presentacio-de-lultima-novella-del-periodista-maximo-huerta\/","title":{"rendered":"El Palau de la M\u00fasica de Bunyol alberga la presentaci\u00f3 de l&#8217;\u00faltima novel\u00b7la del periodista M\u00e1ximo Huerta"},"content":{"rendered":"\n<h4 class=\"wp-block-heading\">La Regidoria de Cultura de l&#8217;Ajuntament de Bu\u00f1ol recorda que esta setmana hi ha una infinitat d&#8217;actes culturals: teatre per a xiquets i audicions i concerts d&#8217;agrupacions musicals del Conservatori de M\u00fasica Professional &#8220;San Rafael&#8221; en diversos enclavaments del municipi.<\/h4>\n\n\n\n<p class=\"wp-block-paragraph\">El periodista bunyolense M\u00e1ximo Huerta presentar\u00e0 este divendres Al Palau de la M\u00fasica de la localitat la seua \u00faltima novel\u00b7la &#8220;Con l&#8217;amor bastaba&#8221; a les 19h. Estar\u00e0 acompanyat de la Brass Band del Conservatori. L&#8217;aforament est\u00e0 limitat a 150 persones. Encara queden unes poques entrades disponibles. Cal arreplegar-les de forma gratu\u00efta en la Biblioteca P\u00fablica Municipal.<\/p>\n\n\n\n<p class=\"wp-block-paragraph\">Ara que estem quasi immersos en Nadal la Regidoria de Cultura de Bunyol continua organitzant actes per a tots els p\u00fablics i totes les edats. Hui, al llarg del dia i en grups a\u00efllats, els alumnes de 4t, 5t i 6t de Prim\u00e0ria dels tres col\u00b7legis de la localitat, assistixen al Palau de la M\u00fasica per a veure l&#8217;obra de teatre en angl\u00e9s crida &#8220;The new Little prince&#8221;, a c\u00e0rrec de la companyia Forum Teatre i Educaci\u00f3.<\/p>\n\n\n\n<p class=\"wp-block-paragraph\">El dimecres, a les 20h en la Sala el Mercat de la localitat audici\u00f3 a c\u00e0rrec del cor del Conservatori Professional de M\u00fasica &#8220;San Rafael&#8221; de Bunyol, davall les ordes del professor Enrique Hern\u00e1ndez. El dijous, a les 20h tamb\u00e9, per\u00f2 en l&#8217;Esgl\u00e9sia Nostra Senyora dels Dolors de Las Ventas, actuar\u00e0 l&#8217;Orquestra del Conservatori Professional de M\u00fasica Sant Rafael de Bunyol, dirigida pel professor Jos\u00e9 Guerrero.<\/p>\n\n\n\n<p class=\"wp-block-paragraph\">Els actes culturals d&#8217;esta setmana finalitzen el divendres a les 19h, amb la presentaci\u00f3 de l&#8217;\u00faltima novel\u00b7la del bu\u00f1olense M\u00e1ximo Huerta, &#8220;Con l&#8217;amor bastaba&#8221; Al Palau de la M\u00fasica. En este acte actuaran la Brass Band del Conservatori, davall la batuta de Francisco Marzo. L&#8217;aforament est\u00e0 limitat a 150 persones. L&#8217;entrada \u00e9s gratu\u00efta, per\u00f2 queden molt poques entrades disponibles. Han d&#8217;anar a la Biblioteca per a poder agafar les \u00faltimes. En este cas, per a tots els que no puguen assistir, R\u00e0dio Bunyol TV far\u00e0 una retransmissi\u00f3 especial en directe de tot l&#8217;acte a trav\u00e9s de la r\u00e0dio, en la 107.9fm, en la web radiotv.bu\u00f1ol.es i en la tele, que podr\u00e0 veure&#8217;s per Facebook i per la web de la televisi\u00f3, tv.bu\u00f1ol.es<\/p>\n\n\n\n<p class=\"wp-block-paragraph\">A m\u00e9s, la setmana seg\u00fcent, per a tots els que no puguen veure-ho en directe, eixe programa s&#8217;editar\u00e0 i es pujar\u00e0 per tots els canals de difusi\u00f3 de R\u00e0dio Bunyol TV.<\/p>\n\n\n\n<p class=\"wp-block-paragraph\">Finalment, Juan Luis Pall\u00e1s recorda que seguix oberta l&#8217;exposici\u00f3 dels artistes fallers locals Emilio Tamarit i Salvador Espert sobre betlems i artesania nadalenca en el Hall de la Biblioteca Municipal fins al 31 de desembre. I tamb\u00e9 es pot continuar visitant l&#8217;exposici\u00f3 dels alumnes de pintura de l&#8217;AU en L&#8217;Oscurico del Castillo de Bunyol els caps de setmana de 10 a 14h fins al 27 de desembre.<br><\/p>\n","protected":false},"excerpt":{"rendered":"<div class=\"mh-excerpt\">La Regidoria de Cultura de l&#8217;Ajuntament de Bu\u00f1ol recorda que esta setmana hi ha una infinitat d&#8217;actes culturals: teatre per a xiquets i audicions i concerts d&#8217;agrupacions musicals del Conservatori de M\u00fasica Professional &#8220;San Rafael&#8221; <a class=\"mh-excerpt-more\" href=\"https:\/\/tucomarca.whitekongsoftware.com\/ca\/el-palau-de-la-musica-de-bunyol-alberga-la-presentacio-de-lultima-novella-del-periodista-maximo-huerta\/\" title=\"El Palau de la M\u00fasica de Bunyol alberga la presentaci\u00f3 de l&#8217;\u00faltima novel\u00b7la del periodista M\u00e1ximo Huerta\">[+] <\/a><\/div>\n","protected":false},"author":12,"featured_media":121039,"comment_status":"open","ping_status":"open","sticky":false,"template":"","format":"standard","meta":{"footnotes":""},"categories":[11019,10911,10894,10912,10896],"tags":[10385,13123,5952,13311],"class_list":["post-121755","post","type-post","status-publish","format-standard","has-post-thumbnail","category-agenda-ca","category-bunol-ca","category-la-comarca-ca","category-la-hoya-ca","category-seccion-ca","tag-bunol","tag-la-cultura-es-segura","tag-la-hoya-de-bunol-chiva","tag-maximo-huerta"],"_links":{"self":[{"href":"https:\/\/tucomarca.whitekongsoftware.com\/ca\/wp-json\/wp\/v2\/posts\/121755","targetHints":{"allow":["GET"]}}],"collection":[{"href":"https:\/\/tucomarca.whitekongsoftware.com\/ca\/wp-json\/wp\/v2\/posts"}],"about":[{"href":"https:\/\/tucomarca.whitekongsoftware.com\/ca\/wp-json\/wp\/v2\/types\/post"}],"author":[{"embeddable":true,"href":"https:\/\/tucomarca.whitekongsoftware.com\/ca\/wp-json\/wp\/v2\/users\/12"}],"replies":[{"embeddable":true,"href":"https:\/\/tucomarca.whitekongsoftware.com\/ca\/wp-json\/wp\/v2\/comments?post=121755"}],"version-history":[{"count":0,"href":"https:\/\/tucomarca.whitekongsoftware.com\/ca\/wp-json\/wp\/v2\/posts\/121755\/revisions"}],"wp:featuredmedia":[{"embeddable":true,"href":"https:\/\/tucomarca.whitekongsoftware.com\/ca\/wp-json\/wp\/v2\/media\/121039"}],"wp:attachment":[{"href":"https:\/\/tucomarca.whitekongsoftware.com\/ca\/wp-json\/wp\/v2\/media?parent=121755"}],"wp:term":[{"taxonomy":"category","embeddable":true,"href":"https:\/\/tucomarca.whitekongsoftware.com\/ca\/wp-json\/wp\/v2\/categories?post=121755"},{"taxonomy":"post_tag","embeddable":true,"href":"https:\/\/tucomarca.whitekongsoftware.com\/ca\/wp-json\/wp\/v2\/tags?post=121755"}],"curies":[{"name":"wp","href":"https:\/\/api.w.org\/{rel}","templated":true}]}}