{"id":121699,"date":"2020-12-12T10:00:30","date_gmt":"2020-12-12T09:00:30","guid":{"rendered":"http:\/\/www.tucomarca.com\/wordpress\/segunda\/?p=121699"},"modified":"2020-12-13T00:12:04","modified_gmt":"2020-12-12T23:12:04","slug":"el-ple-de-consell-nomena-al-cherano-toni-quintana-director-general-dagricultura","status":"publish","type":"post","link":"https:\/\/tucomarca.whitekongsoftware.com\/ca\/el-ple-de-consell-nomena-al-cherano-toni-quintana-director-general-dagricultura\/","title":{"rendered":"El Ple de Consell nomena al cherano Toni Quintana director general d&#8217;Agricultura"},"content":{"rendered":"\n<p class=\"wp-block-paragraph\">El ple del Consell d&#8217;este divendres ha aprovat el nomenament de Toni Quintana com a nou director general d&#8217;Agricultura, Ramaderia i Pesca, en substituci\u00f3 de Roger Llanes, que passa a ser Secretari auton\u00f2mic d&#8217;Agricultura i Desenrotllament Rural. Aix\u00ed ho ha anunciat la Vicepresidenta i Portaveu, M\u00f3nica Oltra, en la roda de premsa posterior a la reuni\u00f3 del Consell. Quintana ha expressat el seu agra\u00efment al President Ximo Puig per la seua confian\u00e7a en ell i ha anunciat que compatibilitzar\u00e0 el nou c\u00e0rrec amb el de primer tinent d&#8217;alcalde de Chera &#8220;para continuar treballant per a tots els cheranos i cheranas des de l&#8217;ajuntament i per a tots els valencians i valencianes des de la Generalitat&#8221;.<\/p>\n\n\n\n<p class=\"wp-block-paragraph\">Per la seua banda l&#8217;alcalde de Chera, Alejandro Porter, s&#8217;ha mostrat &#8220;orgulloso de que Toni Quintana torne a portar el nom del nostre poble tan alto&#8221;. Aix\u00ed mateix, el primer edil ha explicat que &#8220;el de director general d&#8217;Agricultura \u00e9s un lloc que ens afecta directament com a municipi rural i tindre a un cherano en ell assegura que Chera continue estant tan ben atesa com ho ha estat fins ara amb Roger Llanes&#8221;.<\/p>\n\n\n\n<p class=\"wp-block-paragraph\">Toni Quintana Mart\u00ednez \u00e9s primer tinent d&#8217;alcalde de Chera des de 2007. Va ser diputat en el Congr\u00e9s en la XII Legislatura, on va exercir de portaveu adjunt en la Comissi\u00f3 d&#8217;Agricultura, Pesca i Alimentaci\u00f3. Des de 2012 \u00e9s secretari general del PSOE en La Plana d&#8217;Utiel-Requena.<\/p>\n","protected":false},"excerpt":{"rendered":"<div class=\"mh-excerpt\">El ple del Consell d&#8217;este divendres ha aprovat el nomenament de Toni Quintana com a nou director general d&#8217;Agricultura, Ramaderia i Pesca, en substituci\u00f3 de Roger Llanes, que passa a ser Secretari auton\u00f2mic d&#8217;Agricultura i <a class=\"mh-excerpt-more\" href=\"https:\/\/tucomarca.whitekongsoftware.com\/ca\/el-ple-de-consell-nomena-al-cherano-toni-quintana-director-general-dagricultura\/\" title=\"El Ple de Consell nomena al cherano Toni Quintana director general d&#8217;Agricultura\">[+] <\/a><\/div>\n","protected":false},"author":12,"featured_media":121702,"comment_status":"open","ping_status":"open","sticky":false,"template":"","format":"standard","meta":{"footnotes":""},"categories":[11046,10898,10894,10947,10909,10896,11037],"tags":[10415,13262,10716,13263,13264,13269,5280],"class_list":["post-121699","post","type-post","status-publish","format-standard","has-post-thumbnail","category-los-serranos-ca","category-ventana-ca","category-la-comarca-ca","category-politica","category-requena-utiel-ca","category-seccion-ca","category-chera-los-serranos-ca","tag-chera","tag-director-general-agricultura","tag-generalitat-valenciana","tag-pleno-del-consell","tag-pspv-psoe-chera","tag-pspv-psoe-la-plana-de-utiel-requena","tag-toni-quintana"],"_links":{"self":[{"href":"https:\/\/tucomarca.whitekongsoftware.com\/ca\/wp-json\/wp\/v2\/posts\/121699","targetHints":{"allow":["GET"]}}],"collection":[{"href":"https:\/\/tucomarca.whitekongsoftware.com\/ca\/wp-json\/wp\/v2\/posts"}],"about":[{"href":"https:\/\/tucomarca.whitekongsoftware.com\/ca\/wp-json\/wp\/v2\/types\/post"}],"author":[{"embeddable":true,"href":"https:\/\/tucomarca.whitekongsoftware.com\/ca\/wp-json\/wp\/v2\/users\/12"}],"replies":[{"embeddable":true,"href":"https:\/\/tucomarca.whitekongsoftware.com\/ca\/wp-json\/wp\/v2\/comments?post=121699"}],"version-history":[{"count":0,"href":"https:\/\/tucomarca.whitekongsoftware.com\/ca\/wp-json\/wp\/v2\/posts\/121699\/revisions"}],"wp:featuredmedia":[{"embeddable":true,"href":"https:\/\/tucomarca.whitekongsoftware.com\/ca\/wp-json\/wp\/v2\/media\/121702"}],"wp:attachment":[{"href":"https:\/\/tucomarca.whitekongsoftware.com\/ca\/wp-json\/wp\/v2\/media?parent=121699"}],"wp:term":[{"taxonomy":"category","embeddable":true,"href":"https:\/\/tucomarca.whitekongsoftware.com\/ca\/wp-json\/wp\/v2\/categories?post=121699"},{"taxonomy":"post_tag","embeddable":true,"href":"https:\/\/tucomarca.whitekongsoftware.com\/ca\/wp-json\/wp\/v2\/tags?post=121699"}],"curies":[{"name":"wp","href":"https:\/\/api.w.org\/{rel}","templated":true}]}}