{"id":121687,"date":"2020-12-10T20:00:36","date_gmt":"2020-12-10T19:00:36","guid":{"rendered":"http:\/\/www.tucomarca.com\/wordpress\/segunda\/?p=121687"},"modified":"2020-12-12T10:22:58","modified_gmt":"2020-12-12T09:22:58","slug":"alzira-aporta-15-contagis-casinos-6-leliana-5-casas-altas-5-carlet-4-aiora-3-y-utiel-3-a-1-695-nous-casos-de-coronavirus-a-la-comunitat","status":"publish","type":"post","link":"https:\/\/tucomarca.whitekongsoftware.com\/ca\/alzira-aporta-15-contagis-casinos-6-leliana-5-casas-altas-5-carlet-4-aiora-3-y-utiel-3-a-1-695-nous-casos-de-coronavirus-a-la-comunitat\/","title":{"rendered":"Alzira aporta 15 contagis, Casinos 6, L\u2019Eliana 5, Casas Altas 5, Carlet 4, Aiora 3 y Utiel 3 a 1.695 nous casos de coronavirus a la Comunitat"},"content":{"rendered":"\n<p class=\"wp-block-paragraph\">La Comunitat Valenciana ha registrat 1.695 nous casos de coronavirus confirmats per prova PCR o a trav\u00e9s de prova d\u2019antig\u00e8nics, que situen la xifra total de positius en 113.430 persones. Per prov\u00edncies, la distribuci\u00f3 de nous positius \u00e9s el seg\u00fcent: 147 a Castell\u00f3 (12.587 en total); 537 a Alacant (38.689 en total), i 1.011 a la prov\u00edncia de Val\u00e8ncia (62.152 en total). A m\u00e9s, continua tenint 2 casos sense assignar.<\/p>\n\n\n\n<p class=\"wp-block-paragraph\">Per una altra part, des de l&#8217;\u00faltima actualitzaci\u00f3, ha registrat 1.583 altes a pacients amb coronavirus. De aquesta forma, ja son 110.945 persones a la Comunitat Valenciana les que han superat la malaltia des que va comen\u00e7ar la pand\u00e8mia. Per prov\u00edncies: 12.670 a Castell\u00f3, 38.036 a Alacant i 60.179 a Val\u00e8ncia. A m\u00e9s, hi ha 60 altes sense assignaci\u00f3.<\/p>\n\n\n\n<p class=\"wp-block-paragraph\">De aquesta forma, en aquests moments hi ha 11.431 casos actius, el que suposa un 9,15% del total de positius.<\/p>\n\n\n\n<p class=\"wp-block-paragraph\">Els hospitals valencians tenen, actualment, 1.147 persones ingressades: 116 a la prov\u00edncia de Castell\u00f3, amb 20 pacients a UCI; 312 a la prov\u00edncia d&#8217;Alacant, 80 d&#8217;ells a la UCI; y 719 en la provincia de Valencia, 134 d&#8217;ells en UCI.<\/p>\n\n\n\n<p class=\"wp-block-paragraph\">Per un altre costat, s&#8217;ha registrat 22 falliments per coronavirus des de l&#8217;\u00faltima actualitzaci\u00f3, per lo que el total de defuncions \u00e9s de 2.550 persones: 339 a la prov\u00edncia de Castell\u00f3, 920 a la d&#8217;Alacant i 1.291 a la de Val\u00e8ncia.<\/p>\n\n\n\n<p class=\"wp-block-paragraph\">El nombre total de proves es va dur a terme per a la detecci\u00f3 del coronavirus a la secci\u00f3 1.833.372, de les que 1.668.112 han estat a trav\u00e9s de PCR i 165.260 mitjan\u00e7ant test r\u00e0pid.<\/p>\n\n\n\n<p class=\"wp-block-paragraph\"><strong>Actualitzaci\u00f3 de la situaci\u00f3 en resid\u00e8ncies<\/strong><\/p>\n\n\n\n<p class=\"wp-block-paragraph\">Actualment hi ha algun cas positiu en 84 resid\u00e8ncies de majors (4 a la prov\u00edncia de Castell\u00f3, 27 a la prov\u00edncia d\u2019Alacant i 53 a la prov\u00edncia de Val\u00e8ncia), 15 centres de diversitat funcional (3 a la prov\u00edncia de Castell\u00f3, 3 a la prov\u00edncia d\u2019Alacant i 9 a la prov\u00edncia de Val\u00e8ncia) i 4 centres de menors a la prov\u00edncia de Val\u00e8ncia.<\/p>\n\n\n\n<p class=\"wp-block-paragraph\">&#8211; Residentes nuevos positivos: 13<\/p>\n\n\n\n<p class=\"wp-block-paragraph\">&#8211; Personas trabajadoras nuevos positivos: 10<\/p>\n\n\n\n<p class=\"wp-block-paragraph\">&#8211; Residentes fallecidos: 6<\/p>\n\n\n\n<p class=\"wp-block-paragraph\">Se encuentran bajo vigilancia activa de control sanitario 22 residencias en la Comunitat Valenciana: 9 en la provincia de Alicante y 13 en la provincia de Valencia.<\/p>\n\n\n\n<p class=\"wp-block-paragraph\"><strong>Actualizaci\u00f3n brotes de coronavirus<\/strong><\/p>\n\n\n\n<p class=\"wp-block-paragraph\">Nuevos brotes: 62 (9 en la provincia de Alicante; 5 en la provincia de Castell\u00f3n y 48 en la provincia de Valencia)<\/p>\n\n\n\n<p class=\"wp-block-paragraph\">\u00b7 Val\u00e8ncia: 3 casos. Origen laboral<\/p>\n\n\n\n<p class=\"wp-block-paragraph\">\u00b7 Albalat dels Sorells: 4 casos. Origen social<\/p>\n\n\n\n<p class=\"wp-block-paragraph\">\u00b7 Val\u00e8ncia: 11 casos. Origen laboral<\/p>\n\n\n\n<p class=\"wp-block-paragraph\">\u00b7 Val\u00e8ncia: 5 casos. Origen social<\/p>\n\n\n\n<p class=\"wp-block-paragraph\">\u00b7 Val\u00e8ncia: 4 casos. Origen social<\/p>\n\n\n\n<p class=\"wp-block-paragraph\">\u00b7 Sagunto: 3 casos. \u00c1mbito educativo<\/p>\n\n\n\n<p class=\"wp-block-paragraph\">\u00b7 Vila-Real: 4 casos. Origen laboral<\/p>\n\n\n\n<p class=\"wp-block-paragraph\">\u00b7 Alfafar: 4 casos. Origen social<\/p>\n\n\n\n<p class=\"wp-block-paragraph\">\u00b7 Alfafar: 3 casos. Origen social<\/p>\n\n\n\n<p class=\"wp-block-paragraph\">\u00b7 Vinar\u00f2s: 3 casos. Origen social<\/p>\n\n\n\n<p class=\"wp-block-paragraph\">\u00b7 Carlet: 4 casos. Origen social<\/p>\n\n\n\n<p class=\"wp-block-paragraph\">\u00b7 Alfafar: 3 casos. Origen social<\/p>\n\n\n\n<p class=\"wp-block-paragraph\">\u00b7 Orihuela: 3 casos. Origen social<\/p>\n\n\n\n<p class=\"wp-block-paragraph\">\u00b7 Val\u00e8ncia: 3 casos. Origen laboral<\/p>\n\n\n\n<p class=\"wp-block-paragraph\">\u00b7 Elche: 3 casos. Origen social<\/p>\n\n\n\n<p class=\"wp-block-paragraph\">\u00b7 X\u00e0bia: 5 casos. Origen laboral<\/p>\n\n\n\n<p class=\"wp-block-paragraph\">\u00b7 Alzira: 8 casos. Origen social<\/p>\n\n\n\n<p class=\"wp-block-paragraph\">\u00b7 Vinar\u00f2s: 3 casos. Origen laboral<\/p>\n\n\n\n<p class=\"wp-block-paragraph\">\u00b7 Sagunto: 3 casos. Origen social<\/p>\n\n\n\n<p class=\"wp-block-paragraph\">\u00b7 Val\u00e8ncia: 4 casos. Origen social<\/p>\n\n\n\n<p class=\"wp-block-paragraph\">\u00b7 Pu\u00e7ol: 3 casos. Origen social<\/p>\n\n\n\n<p class=\"wp-block-paragraph\">\u00b7 Val\u00e8ncia: 4 casos. Origen social<\/p>\n\n\n\n<p class=\"wp-block-paragraph\">\u00b7 Alicante: 10 casos. Origen social<\/p>\n\n\n\n<p class=\"wp-block-paragraph\">\u00b7 Val\u00e8ncia: 3 casos. Origen laboral<\/p>\n\n\n\n<p class=\"wp-block-paragraph\">\u00b7 Casas Altas: 5 casos. Origen social<\/p>\n\n\n\n<p class=\"wp-block-paragraph\">\u00b7 Ayora: 3 casos. Origen social<\/p>\n\n\n\n<p class=\"wp-block-paragraph\">\u00b7 Sagunto: 5 casos. Origen laboral<\/p>\n\n\n\n<p class=\"wp-block-paragraph\">\u00b7 Val\u00e8ncia: 3 casos. Origen social<\/p>\n\n\n\n<p class=\"wp-block-paragraph\">\u00b7 Val\u00e8ncia: 4 casos. Origen social<\/p>\n\n\n\n<p class=\"wp-block-paragraph\">\u00b7 Val\u00e8ncia: 3 casos. Origen social<\/p>\n\n\n\n<p class=\"wp-block-paragraph\">\u00b7 Val\u00e8ncia: 6 casos. Origen laboral<\/p>\n\n\n\n<p class=\"wp-block-paragraph\">\u00b7 Altea: 10 casos. Origen social<\/p>\n\n\n\n<p class=\"wp-block-paragraph\">\u00b7 Elche: 5 casos. Origen social<\/p>\n\n\n\n<p class=\"wp-block-paragraph\">\u00b7 Nules: 10 casos. Origen laboral<\/p>\n\n\n\n<p class=\"wp-block-paragraph\">\u00b7 Val\u00e8ncia: 4 casos. Origen social<\/p>\n\n\n\n<p class=\"wp-block-paragraph\">\u00b7 Val\u00e8ncia: 7 casos. Origen social<\/p>\n\n\n\n<p class=\"wp-block-paragraph\">\u00b7 Torrent: 4 casos. \u00c1mbito educativo<\/p>\n\n\n\n<p class=\"wp-block-paragraph\">\u00b7 Val\u00e8ncia: 6 casos. Origen social<\/p>\n\n\n\n<p class=\"wp-block-paragraph\">\u00b7 Mislata: 5 casos. Origen social<\/p>\n\n\n\n<p class=\"wp-block-paragraph\">\u00b7 Utiel: 5 casos. Origen laboral<\/p>\n\n\n\n<p class=\"wp-block-paragraph\">\u00b7 Casinos: 6 casos. Origen social<\/p>\n\n\n\n<p class=\"wp-block-paragraph\">\u00b7 Los Montesinos: 3 casos. Origen social<\/p>\n\n\n\n<p class=\"wp-block-paragraph\">\u00b7 Val\u00e8ncia: 3 casos. Origen social<\/p>\n\n\n\n<p class=\"wp-block-paragraph\">\u00b7 Alzira: 4 casos. Origen social<\/p>\n\n\n\n<p class=\"wp-block-paragraph\">\u00b7 San Fulgencio: 4 casos. Origen social<\/p>\n\n\n\n<p class=\"wp-block-paragraph\">\u00b7 Picassent: 5 casos. \u00c1mbito educativo<\/p>\n\n\n\n<p class=\"wp-block-paragraph\">\u00b7 Alzira: 3 casos. Origen social<\/p>\n\n\n\n<p class=\"wp-block-paragraph\">\u00b7 Castell\u00f3 de La Plana: 3 casos. Origen laboral<\/p>\n\n\n\n<p class=\"wp-block-paragraph\">\u00b7 Elche: 4 casos. Origen laboral<\/p>\n\n\n\n<p class=\"wp-block-paragraph\">\u00b7 Val\u00e8ncia: 4 casos. Origen laboral<\/p>\n\n\n\n<p class=\"wp-block-paragraph\">\u00b7 Val\u00e8ncia: 4 casos. Origen social<\/p>\n\n\n\n<p class=\"wp-block-paragraph\">\u00b7 Torrent: 5 casos. \u00c1mbito educativo<\/p>\n\n\n\n<p class=\"wp-block-paragraph\">\u00b7 Val\u00e8ncia: 4 casos. Origen social<\/p>\n\n\n\n<p class=\"wp-block-paragraph\">\u00b7 Val\u00e8ncia: 5 casos. Origen social<\/p>\n\n\n\n<p class=\"wp-block-paragraph\">\u00b7 Val\u00e8ncia: 4 casos. Origen social<\/p>\n\n\n\n<p class=\"wp-block-paragraph\">\u00b7 Utiel: 3 casos. Origen social<\/p>\n\n\n\n<p class=\"wp-block-paragraph\">\u00b7 Val\u00e8ncia: 6 casos. Origen laboral<\/p>\n\n\n\n<p class=\"wp-block-paragraph\">\u00b7 Paterna: 3 casos. Origen social<\/p>\n\n\n\n<p class=\"wp-block-paragraph\">\u00b7 Massamagrell: 5 casos. Origen social<\/p>\n\n\n\n<p class=\"wp-block-paragraph\">\u00b7 Val\u00e8ncia: 3 casos. Origen laboral<\/p>\n\n\n\n<p class=\"wp-block-paragraph\">\u00b7 L&#8217;Eliana: 5 casos. Origen social<\/p>\n\n\n\n<p class=\"wp-block-paragraph\">\u00b7 Moncada: 9 casos. Origen social<\/p>\n","protected":false},"excerpt":{"rendered":"<div class=\"mh-excerpt\">La Comunitat Valenciana ha registrat 1.695 nous casos de coronavirus confirmats per prova PCR o a trav\u00e9s de prova d\u2019antig\u00e8nics, que situen la xifra total de positius en 113.430 persones. Per prov\u00edncies, la distribuci\u00f3 de <a class=\"mh-excerpt-more\" href=\"https:\/\/tucomarca.whitekongsoftware.com\/ca\/alzira-aporta-15-contagis-casinos-6-leliana-5-casas-altas-5-carlet-4-aiora-3-y-utiel-3-a-1-695-nous-casos-de-coronavirus-a-la-comunitat\/\" title=\"Alzira aporta 15 contagis, Casinos 6, L\u2019Eliana 5, Casas Altas 5, Carlet 4, Aiora 3 y Utiel 3 a 1.695 nous casos de coronavirus a la Comunitat\">[+] <\/a><\/div>\n","protected":false},"author":1,"featured_media":119244,"comment_status":"open","ping_status":"open","sticky":false,"template":"","format":"standard","meta":{"footnotes":""},"categories":[10890,10954,10951,10889,10892,10990,10923,10930,10904,10902,10893,10909,10896,11059],"tags":[11097,11216,10899,11939,11940,11077,10910],"class_list":["post-121687","post","type-post","status-publish","format-standard","has-post-thumbnail","category-ademus","category-ayora-ca","category-ayora-cofrentes-ca","category-alzira-cat","category-camp-de-turia-ca","category-carlet-ca","category-cases-altes","category-casinos-ca","category-sin-categorizar-ca","category-la-ribera-ca","category-leliana-ca","category-requena-utiel-ca","category-seccion-ca","category-utiel-ca","tag-ademuz-ca","tag-ayora-cofrentes-ca","tag-camp-de-turia-ca","tag-coronavirus-ca","tag-covid-19-ca","tag-la-ribera-alta-ca","tag-requena-utiel-ca"],"_links":{"self":[{"href":"https:\/\/tucomarca.whitekongsoftware.com\/ca\/wp-json\/wp\/v2\/posts\/121687","targetHints":{"allow":["GET"]}}],"collection":[{"href":"https:\/\/tucomarca.whitekongsoftware.com\/ca\/wp-json\/wp\/v2\/posts"}],"about":[{"href":"https:\/\/tucomarca.whitekongsoftware.com\/ca\/wp-json\/wp\/v2\/types\/post"}],"author":[{"embeddable":true,"href":"https:\/\/tucomarca.whitekongsoftware.com\/ca\/wp-json\/wp\/v2\/users\/1"}],"replies":[{"embeddable":true,"href":"https:\/\/tucomarca.whitekongsoftware.com\/ca\/wp-json\/wp\/v2\/comments?post=121687"}],"version-history":[{"count":0,"href":"https:\/\/tucomarca.whitekongsoftware.com\/ca\/wp-json\/wp\/v2\/posts\/121687\/revisions"}],"wp:featuredmedia":[{"embeddable":true,"href":"https:\/\/tucomarca.whitekongsoftware.com\/ca\/wp-json\/wp\/v2\/media\/119244"}],"wp:attachment":[{"href":"https:\/\/tucomarca.whitekongsoftware.com\/ca\/wp-json\/wp\/v2\/media?parent=121687"}],"wp:term":[{"taxonomy":"category","embeddable":true,"href":"https:\/\/tucomarca.whitekongsoftware.com\/ca\/wp-json\/wp\/v2\/categories?post=121687"},{"taxonomy":"post_tag","embeddable":true,"href":"https:\/\/tucomarca.whitekongsoftware.com\/ca\/wp-json\/wp\/v2\/tags?post=121687"}],"curies":[{"name":"wp","href":"https:\/\/api.w.org\/{rel}","templated":true}]}}