{"id":121682,"date":"2020-12-11T23:23:03","date_gmt":"2020-12-11T22:23:03","guid":{"rendered":"http:\/\/www.tucomarca.com\/wordpress\/segunda\/?p=121682"},"modified":"2020-12-12T09:38:29","modified_gmt":"2020-12-12T08:38:29","slug":"la-diputacio-collaborara-en-el-nou-projecte-de-creacio-docupacio-de-lenova","status":"publish","type":"post","link":"https:\/\/tucomarca.whitekongsoftware.com\/ca\/la-diputacio-collaborara-en-el-nou-projecte-de-creacio-docupacio-de-lenova\/","title":{"rendered":"La Diputaci\u00f3 col\u00b7laborar\u00e0 en el nou projecte de creaci\u00f3 d&#8217;ocupaci\u00f3 de L&#8217;\u00c8nova"},"content":{"rendered":"\n<p class=\"wp-block-paragraph\">El responsable de l&#8217;\u00e0rea de Desenvolupament Rural i Pol\u00edtiques contra la Despoblaci\u00f3 de la corporaci\u00f3 provincial, Ramiro Rivera, ha visitat el municipi de L&#8217;\u00c8nova amb l&#8217;objectiu principal de con\u00e9ixer de primera m\u00e0 el nou projecte d&#8217;activaci\u00f3 econ\u00f2mica i emprenedoria que l&#8217;ajuntament vol posar en marxa pr\u00f2ximament. La finalitat d&#8217;este pla \u00e9s la creaci\u00f3 d&#8217;ocupaci\u00f3 a partir de la potenciaci\u00f3 del producte local (b\u00e0sicament agr\u00edcola), donant suport a les diferents iniciatives empresarials mitjan\u00e7ant la formaci\u00f3 i el finan\u00e7ament, aix\u00ed com ajudant en tasques de m\u00e0rqueting, distribuci\u00f3 i internacionalitzaci\u00f3.&nbsp;<\/p>\n\n\n\n<p class=\"wp-block-paragraph\">La Diputaci\u00f3 de Val\u00e8ncia estudiar\u00e0 diverses f\u00f3rmules per a col\u00b7laborar en un projecte fonamental per a diversificar l&#8217;activitat del municipi, posar en valor els productes locals (cas de la taronja salustiana) i atraure poblaci\u00f3. \u00c9s una manera, a m\u00e9s, de rellan\u00e7ar les Pimes orientant-les en la seua adaptaci\u00f3 a nous mercats i escenaris.&nbsp;<\/p>\n\n\n\n<p class=\"wp-block-paragraph\">Durant la seua visita a L&#8217;\u00c8nova, localitat pertanyent a la comarca de la Ribera Alta, Ramiro Rivera s&#8217;ha reunit amb Tom\u00e1s Giner, alcalde d&#8217;este municipi de menys de 1.000 habitants, i ha signat en el llibre de visites del consistori.\u00a0<\/p>\n","protected":false},"excerpt":{"rendered":"<div class=\"mh-excerpt\">El responsable de l&#8217;\u00e0rea de Desenvolupament Rural i Pol\u00edtiques contra la Despoblaci\u00f3 de la corporaci\u00f3 provincial, Ramiro Rivera, ha visitat el municipi de L&#8217;\u00c8nova amb l&#8217;objectiu principal de con\u00e9ixer de primera m\u00e0 el nou projecte <a class=\"mh-excerpt-more\" href=\"https:\/\/tucomarca.whitekongsoftware.com\/ca\/la-diputacio-collaborara-en-el-nou-projecte-de-creacio-docupacio-de-lenova\/\" title=\"La Diputaci\u00f3 col\u00b7laborar\u00e0 en el nou projecte de creaci\u00f3 d&#8217;ocupaci\u00f3 de L&#8217;\u00c8nova\">[+] <\/a><\/div>\n","protected":false},"author":1,"featured_media":121680,"comment_status":"open","ping_status":"open","sticky":false,"template":"","format":"standard","meta":{"footnotes":""},"categories":[10948,10996,10894,10902,10947,10896],"tags":[11077,3640],"class_list":["post-121682","post","type-post","status-publish","format-standard","has-post-thumbnail","category-infraestructuras-ca","category-lenova-ca","category-la-comarca-ca","category-la-ribera-ca","category-politica","category-seccion-ca","tag-la-ribera-alta-ca","tag-la-ribera-alta"],"_links":{"self":[{"href":"https:\/\/tucomarca.whitekongsoftware.com\/ca\/wp-json\/wp\/v2\/posts\/121682","targetHints":{"allow":["GET"]}}],"collection":[{"href":"https:\/\/tucomarca.whitekongsoftware.com\/ca\/wp-json\/wp\/v2\/posts"}],"about":[{"href":"https:\/\/tucomarca.whitekongsoftware.com\/ca\/wp-json\/wp\/v2\/types\/post"}],"author":[{"embeddable":true,"href":"https:\/\/tucomarca.whitekongsoftware.com\/ca\/wp-json\/wp\/v2\/users\/1"}],"replies":[{"embeddable":true,"href":"https:\/\/tucomarca.whitekongsoftware.com\/ca\/wp-json\/wp\/v2\/comments?post=121682"}],"version-history":[{"count":0,"href":"https:\/\/tucomarca.whitekongsoftware.com\/ca\/wp-json\/wp\/v2\/posts\/121682\/revisions"}],"wp:featuredmedia":[{"embeddable":true,"href":"https:\/\/tucomarca.whitekongsoftware.com\/ca\/wp-json\/wp\/v2\/media\/121680"}],"wp:attachment":[{"href":"https:\/\/tucomarca.whitekongsoftware.com\/ca\/wp-json\/wp\/v2\/media?parent=121682"}],"wp:term":[{"taxonomy":"category","embeddable":true,"href":"https:\/\/tucomarca.whitekongsoftware.com\/ca\/wp-json\/wp\/v2\/categories?post=121682"},{"taxonomy":"post_tag","embeddable":true,"href":"https:\/\/tucomarca.whitekongsoftware.com\/ca\/wp-json\/wp\/v2\/tags?post=121682"}],"curies":[{"name":"wp","href":"https:\/\/api.w.org\/{rel}","templated":true}]}}