{"id":121552,"date":"2020-12-10T09:08:15","date_gmt":"2020-12-10T08:08:15","guid":{"rendered":"http:\/\/www.tucomarca.com\/wordpress\/segunda\/?p=121552"},"modified":"2020-12-11T11:04:49","modified_gmt":"2020-12-11T10:04:49","slug":"arrels-amb-olor-de-espigol-dangela-martinez-imatge-guanyadora-al-certamen-joventut-i-vida-rural-dutiel","status":"publish","type":"post","link":"https:\/\/tucomarca.whitekongsoftware.com\/ca\/arrels-amb-olor-de-espigol-dangela-martinez-imatge-guanyadora-al-certamen-joventut-i-vida-rural-dutiel\/","title":{"rendered":"&#8220;Arrels amb olor de esp\u00edgol&#8221; d&#8217;\u00c0ngela Mart\u00ednez, imatge guanyadora al certamen &#8220;Joventut i Vida Rural&#8221; d&#8217;Utiel"},"content":{"rendered":"\n<h4 class=\"wp-block-heading\">El concurs de fotografia ha comptat amb 18 participants d&#8217;entre 12 i 30 anys que han mostrat la seua visi\u00f3 m\u00e9s personal del medi rural.<\/h4>\n\n\n\n<p class=\"wp-block-paragraph\">\u00c1ngela Mart\u00ednez Riaza ha estat la guanyadora  del Certamen Fotogr\u00e0fic &#8220;Joventut i Vida Rural&#8221; per la seua imatge presentada sota el t\u00edtol &#8220;Arrels amb olor de esp\u00edgol&#8221; en qu\u00e8 mostra una jove amb la seua \u00e0via al seu pas per la pla\u00e7a de l&#8217;Ajuntament amb els balcons engalanats amb motiu de la Fira i Festes.<\/p>\n\n\n\n<p class=\"wp-block-paragraph\">\u00c1ngela, utielana de 22 a\u00f1os estudiante de Medicina, explica en la descripci\u00f3n de su fotograf\u00eda: \u201c<em>Somos muchos los j\u00f3venes que nos tenemos que ir de Utiel para trabajar o estudiar, los que buscamos nuestro hogar en otro lugar.&nbsp; Para m\u00ed, esta fotograf\u00eda plasma el sentimiento de todos estos j\u00f3venes: el sentimiento de que por mucho recorrido que hagamos, por mucho mundo que descubramos, nuestro hogar siempre ser\u00e1 Utiel.&nbsp; Los balcones engalanados en septiembre siempre nos emocionar\u00e1n. El color morado ser\u00e1 siempre nuestra bandera. La fiesta siempre nos oler\u00e1 a espliego y el 8 de septiembre siempre ser\u00e1 un d\u00eda especial. La juventud ha de esforzarse por mantener vivo ese esp\u00edritu utielano, por dejarse ense\u00f1ar por nuestros mayores, no olvidar nunca nuestras ra\u00edces y defenderlas con orgullo. Unas ra\u00edces con olor a espliego\u201d.<\/em><\/p>\n\n\n\n<p class=\"wp-block-paragraph\">La ganadora recibir\u00e1 como premio un cheque-regalo de 300 \u20ac para realizar la compra de una c\u00e1mara fotogr\u00e1fica en un comercio de Utiel.<\/p>\n\n\n\n<p class=\"wp-block-paragraph\">Los participantes usaron la c\u00e1mara del tel\u00e9fono m\u00f3vil y dieron rienda suelta a su creatividad capturando los momentos y lugares que mejor les identificaban con el medio rural de Utiel y sus pedan\u00edas (paisajes, actividades, objetos identificativos del entorno rural\u2026)&nbsp;<\/p>\n\n\n\n<p class=\"wp-block-paragraph\">El certamen contemplaba una imagen ganadora y 5 fotograf\u00edas finalistas. As\u00ed, tras la puntuaci\u00f3n del jurado, el fallo ha sido:<\/p>\n\n\n\n<ul class=\"wp-block-list\"><li><strong>PRIMER PREMIO:<\/strong>&nbsp; \u00c1NGELA MARTINEZ RIAZA<\/li><\/ul>\n\n\n\n<p class=\"wp-block-paragraph\">Por su fotograf\u00eda titulada: \u201cRAICES CON OLOR A ESPLIEGO\u201d<\/p>\n\n\n\n<ul class=\"wp-block-list\"><li><strong>FINALISTAS<\/strong><\/li><li><strong>Primer finalista:<\/strong> VIRGINIA ARIZA HERN\u00c1NDEZ<\/li><\/ul>\n\n\n\n<p class=\"wp-block-paragraph\">Por su fotograf\u00eda titulada \u201cSE TRASPASA\u201d<\/p>\n\n\n\n<ul class=\"wp-block-list\"><li><strong>Segundo finalista:<\/strong> JUANMA FR\u00cdAS HERN\u00c1NDEZ<\/li><\/ul>\n\n\n\n<p class=\"wp-block-paragraph\">Por su fotograf\u00eda titulada \u201cATARDECER EN LA SIERRA DEL NEGRETE\u201d<\/p>\n\n\n\n<ul class=\"wp-block-list\"><li><strong>Tercer finalista<\/strong>: MIRIAM MART\u00cdNEZ SAHUQUILLO<\/li><\/ul>\n\n\n\n<p class=\"wp-block-paragraph\">Por su fotograf\u00eda titulada \u201cANTE UN ESTADO DE ALARMA EL OTO\u00d1O NOS REGALA UN ESTADO DE CALMA\u201d<\/p>\n\n\n\n<ul class=\"wp-block-list\"><li><strong>Cuarto finalista: <\/strong>ELENA DEJOZ GARC\u00cdA<\/li><\/ul>\n\n\n\n<p class=\"wp-block-paragraph\">Por su fotograf\u00eda titulada \u201cDURA PASI\u00d3N\u201d<\/p>\n\n\n\n<ul class=\"wp-block-list\"><li><strong>Quinto finalista: <\/strong>RUB\u00c9N PLATERO AZNAR<\/li><\/ul>\n\n\n\n<p class=\"wp-block-paragraph\">Por su fotograf\u00eda titulada \u201cADI\u00d3S DULCE VERANO, BIENVENIDO C\u00c1LIDO OTO\u00d1O\u201d<\/p>\n\n\n\n<p class=\"wp-block-paragraph\">Las 6 fotograf\u00edas seleccionadas por el fallo del jurado junto con 5 im\u00e1genes realizadas por la ganadora del certamen, estar\u00e1n expuestas en los paneles exteriores de la Casa de Cultura de Utiel durante el periodo navide\u00f1o.<\/p>\n\n\n\n<p class=\"wp-block-paragraph\">La fotograf\u00eda ganadora ser\u00e1 publicada tanto en el Libro de la Feria y Fiestas de Utiel como en la revista cultural \u201cUtielan\u00edas\u201d y, adem\u00e1s, las im\u00e1genes del certamen podr\u00e1n formar parte de otras exposiciones de juventud de la Comunidad Valenciana.<br><\/p>\n","protected":false},"excerpt":{"rendered":"<div class=\"mh-excerpt\">El concurs de fotografia ha comptat amb 18 participants d&#8217;entre 12 i 30 anys que han mostrat la seua visi\u00f3 m\u00e9s personal del medi rural. \u00c1ngela Mart\u00ednez Riaza ha estat la guanyadora del Certamen Fotogr\u00e0fic <a class=\"mh-excerpt-more\" href=\"https:\/\/tucomarca.whitekongsoftware.com\/ca\/arrels-amb-olor-de-espigol-dangela-martinez-imatge-guanyadora-al-certamen-joventut-i-vida-rural-dutiel\/\" title=\"&#8220;Arrels amb olor de esp\u00edgol&#8221; d&#8217;\u00c0ngela Mart\u00ednez, imatge guanyadora al certamen &#8220;Joventut i Vida Rural&#8221; d&#8217;Utiel\">[+] <\/a><\/div>\n","protected":false},"author":12,"featured_media":121551,"comment_status":"open","ping_status":"open","sticky":false,"template":"","format":"standard","meta":{"footnotes":""},"categories":[10894,11007,10909,10896,11059],"tags":[5764,10389,1987],"class_list":["post-121552","post","type-post","status-publish","format-standard","has-post-thumbnail","category-la-comarca-ca","category-ocio-y-cultura-ca","category-requena-utiel-ca","category-seccion-ca","category-utiel-ca","tag-concurso-fotografico","tag-utiel","tag-utiel-requena"],"_links":{"self":[{"href":"https:\/\/tucomarca.whitekongsoftware.com\/ca\/wp-json\/wp\/v2\/posts\/121552","targetHints":{"allow":["GET"]}}],"collection":[{"href":"https:\/\/tucomarca.whitekongsoftware.com\/ca\/wp-json\/wp\/v2\/posts"}],"about":[{"href":"https:\/\/tucomarca.whitekongsoftware.com\/ca\/wp-json\/wp\/v2\/types\/post"}],"author":[{"embeddable":true,"href":"https:\/\/tucomarca.whitekongsoftware.com\/ca\/wp-json\/wp\/v2\/users\/12"}],"replies":[{"embeddable":true,"href":"https:\/\/tucomarca.whitekongsoftware.com\/ca\/wp-json\/wp\/v2\/comments?post=121552"}],"version-history":[{"count":0,"href":"https:\/\/tucomarca.whitekongsoftware.com\/ca\/wp-json\/wp\/v2\/posts\/121552\/revisions"}],"wp:featuredmedia":[{"embeddable":true,"href":"https:\/\/tucomarca.whitekongsoftware.com\/ca\/wp-json\/wp\/v2\/media\/121551"}],"wp:attachment":[{"href":"https:\/\/tucomarca.whitekongsoftware.com\/ca\/wp-json\/wp\/v2\/media?parent=121552"}],"wp:term":[{"taxonomy":"category","embeddable":true,"href":"https:\/\/tucomarca.whitekongsoftware.com\/ca\/wp-json\/wp\/v2\/categories?post=121552"},{"taxonomy":"post_tag","embeddable":true,"href":"https:\/\/tucomarca.whitekongsoftware.com\/ca\/wp-json\/wp\/v2\/tags?post=121552"}],"curies":[{"name":"wp","href":"https:\/\/api.w.org\/{rel}","templated":true}]}}