{"id":121540,"date":"2020-12-10T09:03:44","date_gmt":"2020-12-10T08:03:44","guid":{"rendered":"http:\/\/www.tucomarca.com\/wordpress\/segunda\/?p=121540"},"modified":"2020-12-11T12:25:00","modified_gmt":"2020-12-11T11:25:00","slug":"la-unio-de-llauradors-satribuix-situar-en-els-pressupostos-generals-de-lestat-el-contracte-electric-de-temporada-per-al-regadiu","status":"publish","type":"post","link":"https:\/\/tucomarca.whitekongsoftware.com\/ca\/la-unio-de-llauradors-satribuix-situar-en-els-pressupostos-generals-de-lestat-el-contracte-electric-de-temporada-per-al-regadiu\/","title":{"rendered":"La Uni\u00f3 de Llauradors s&#8217;atribu\u00efx situar en els Pressupostos Generals de l&#8217;Estat el contracte el\u00e8ctric de temporada per al regadiu"},"content":{"rendered":"\n<h4 class=\"wp-block-heading\"><strong>Tamb\u00e9 s&#8217;ha aprovat com a esmena la integraci\u00f3 de les llacunes de cotitzaci\u00f3 en la jubilaci\u00f3 per a aut\u00f2noms i treballadors agraris<\/strong><\/h4>\n\n\n\n<p class=\"wp-block-paragraph\">La Uni\u00f3 de de Llauradors mostra la seua satisfacci\u00f3 perqu\u00e8 dues de les esmenes als Pressupostos Generals de l&#8217;Estat que va presentar -al costat de la resta d&#8217;organitzacions de la Uni\u00f3 de Uniones- als grups parlamentaris de Congr\u00e9s, el contracte el\u00e8ctric de doble tarifa per al regadiu i una millora per al c\u00e0lcul de la jubilaci\u00f3 d&#8217;aut\u00f2noms i treballadors agraris, s&#8217;han incorporat a l&#8217;articulat de el projecte de Llei en les votacions de la passada setmana en el Ple de Congr\u00e9s.<\/p>\n\n\n\n<p class=\"wp-block-paragraph\">A la sessi\u00f3 de Ple de Congr\u00e9s el dia 2, en qu\u00e8 es votava el dictamen de la Cambra sobre l&#8217;articulat de el projecte de Llei de Pressupostos Generals de l&#8217;Estat, es va aprovar la incorporaci\u00f3 a el text de dues esmenes, la 2077 i la 2084, que responen textualment a les propostes impulsades per l&#8217;organitzaci\u00f3 i presentades a tots els grups parlamentaris el passat 12 de novembre, previ a l&#8217;inici dels debats parlamentari.<\/p>\n\n\n\n<p class=\"wp-block-paragraph\">La proposta 2084 obligaria a el Govern a desenvolupar reglament\u00e0riament, en un termini de 6 mesos des de l&#8217;entrada en vigor de la Llei, el contracte d&#8217;acc\u00e9s el\u00e8ctric per al regadiu amb la possibilitat de disposar de dues pot\u00e8ncies diferents al llarg de 12 mesos. &#8220;El Govern ha anat donant llargues a aquesta mesura perqu\u00e8 no tenia data l\u00edmit per fer-ho&#8221;, expliquen des de l&#8217;organitzaci\u00f3, que buscava amb aquesta esmena posar-li un horitz\u00f3 temporal per a la seva posada en marxa. Aquesta esmena, tramitada per Grup Plural (Junts per Catalunya), va ser tamb\u00e9 recollida i presentada en termes similars per Esquerra i Ciutadans.<\/p>\n\n\n\n<p class=\"wp-block-paragraph\"> Juntament amb aquesta esmena es votava i, per tant tamb\u00e9 s&#8217;ha aprovat, una altra (la 2077) igualment a inst\u00e0ncies de les organitzacions de la Uni\u00f3 d&#8217;Unions i tramitada de la mateixa manera per Junts per Catalunya, per la qual el Govern ha d&#8217;emprendre els estudis i consultes necessaris per integrar en la pensi\u00f3 de jubilaci\u00f3 d&#8217;aut\u00f2noms i treballadors agraris les llacunes de cotitzaci\u00f3 quan no hi hagi aquesta obligaci\u00f3. &#8220;Del que es tracta \u00e9s d&#8217;eliminar una discriminaci\u00f3 que patim els agricultors i els nostres treballadors de el r\u00e8gim agrari, respecte dels treballadors de r\u00e8gim general&#8221; aclareixen, implantant tots, els mateixos o equivalents mecanismes d&#8217;integraci\u00f3 de llacunes de cotitzaci\u00f3, fet que suposa una millora en el c\u00e0lcul de les pensions de jubilaci\u00f3 en l&#8217;agricultura.<\/p>\n\n\n\n<p class=\"wp-block-paragraph\">Del total de 21 propostes d&#8217;esmena presentades per la Uni\u00f3 d&#8217;Unions als Grups, nom\u00e9s aquestes dues han resultat aprovades en aquesta fase de la tramitaci\u00f3, malgrat l&#8217;oposici\u00f3 principal dels grups Socialista i Unides Podem. &#8220;Ens encarreguem de que les nostres propostes arribin a tots els grups&#8221; informen des de l&#8217;organitzaci\u00f3 &#8220;uns les recullen i altres no, uns els donen suport i altres no; per\u00f2 tenint en compte el complicat que \u00e9s cal\u00e7ar una esmena en el debat de pressupostos no \u00e9s poca cosa que aquestes dues hagin sortit endavant&#8221;.<\/p>\n\n\n\n<p class=\"wp-block-paragraph\">L&#8217;organitzaci\u00f3, que seguir\u00e0 insistint amb la resta de propostes en el pas de la Llei pel Senat, agraeix el gest als grups que han recollit i presentat com a pr\u00f2pies les seves demandes, aix\u00ed com a aquells que han votat a favor de les mateixes i confia que arribin a bon terme en les fases posteriors de l&#8217;procediment parlamentari que queda encara per davant. Informa,<strong> Luis Ib\u00e1\u00f1ez<\/strong>.<\/p>\n","protected":false},"excerpt":{"rendered":"<div class=\"mh-excerpt\">Tamb\u00e9 s&#8217;ha aprovat com a esmena la integraci\u00f3 de les llacunes de cotitzaci\u00f3 en la jubilaci\u00f3 per a aut\u00f2noms i treballadors agraris La Uni\u00f3 de de Llauradors mostra la seua satisfacci\u00f3 perqu\u00e8 dues de les <a class=\"mh-excerpt-more\" href=\"https:\/\/tucomarca.whitekongsoftware.com\/ca\/la-unio-de-llauradors-satribuix-situar-en-els-pressupostos-generals-de-lestat-el-contracte-electric-de-temporada-per-al-regadiu\/\" title=\"La Uni\u00f3 de Llauradors s&#8217;atribu\u00efx situar en els Pressupostos Generals de l&#8217;Estat el contracte el\u00e8ctric de temporada per al regadiu\">[+] <\/a><\/div>\n","protected":false},"author":12,"featured_media":121539,"comment_status":"open","ping_status":"open","sticky":false,"template":"","format":"standard","meta":{"footnotes":""},"categories":[10890,10905,10892,11046,10948,10894,10904,10947,10896],"tags":[11926,13238],"class_list":["post-121540","post","type-post","status-publish","format-standard","has-post-thumbnail","category-ademus","category-agricultura-la-comarca-ca","category-camp-de-turia-ca","category-los-serranos-ca","category-infraestructuras-ca","category-la-comarca-ca","category-sin-categorizar-ca","category-politica","category-seccion-ca","tag-la-unio-de-llauradors","tag-presupuestos-generales-del-estado"],"_links":{"self":[{"href":"https:\/\/tucomarca.whitekongsoftware.com\/ca\/wp-json\/wp\/v2\/posts\/121540","targetHints":{"allow":["GET"]}}],"collection":[{"href":"https:\/\/tucomarca.whitekongsoftware.com\/ca\/wp-json\/wp\/v2\/posts"}],"about":[{"href":"https:\/\/tucomarca.whitekongsoftware.com\/ca\/wp-json\/wp\/v2\/types\/post"}],"author":[{"embeddable":true,"href":"https:\/\/tucomarca.whitekongsoftware.com\/ca\/wp-json\/wp\/v2\/users\/12"}],"replies":[{"embeddable":true,"href":"https:\/\/tucomarca.whitekongsoftware.com\/ca\/wp-json\/wp\/v2\/comments?post=121540"}],"version-history":[{"count":0,"href":"https:\/\/tucomarca.whitekongsoftware.com\/ca\/wp-json\/wp\/v2\/posts\/121540\/revisions"}],"wp:featuredmedia":[{"embeddable":true,"href":"https:\/\/tucomarca.whitekongsoftware.com\/ca\/wp-json\/wp\/v2\/media\/121539"}],"wp:attachment":[{"href":"https:\/\/tucomarca.whitekongsoftware.com\/ca\/wp-json\/wp\/v2\/media?parent=121540"}],"wp:term":[{"taxonomy":"category","embeddable":true,"href":"https:\/\/tucomarca.whitekongsoftware.com\/ca\/wp-json\/wp\/v2\/categories?post=121540"},{"taxonomy":"post_tag","embeddable":true,"href":"https:\/\/tucomarca.whitekongsoftware.com\/ca\/wp-json\/wp\/v2\/tags?post=121540"}],"curies":[{"name":"wp","href":"https:\/\/api.w.org\/{rel}","templated":true}]}}