{"id":121529,"date":"2020-12-09T18:27:12","date_gmt":"2020-12-09T17:27:12","guid":{"rendered":"http:\/\/www.tucomarca.com\/wordpress\/segunda\/?p=121529"},"modified":"2020-12-09T22:32:47","modified_gmt":"2020-12-09T21:32:47","slug":"aiora-aporta-11-casos-utiel-4-san-antonio-de-benageber-3-y-algemesi-3-a-1-527-nous-contagis-de-coronavirus-registrats-a-la-comunitat","status":"publish","type":"post","link":"https:\/\/tucomarca.whitekongsoftware.com\/ca\/aiora-aporta-11-casos-utiel-4-san-antonio-de-benageber-3-y-algemesi-3-a-1-527-nous-contagis-de-coronavirus-registrats-a-la-comunitat\/","title":{"rendered":"Aiora aporta 11 casos, Utiel 4, San Antonio de Benag\u00e9ber 3 y Algemes\u00ed 3 a 1.527 nous contagis de coronavirus registrats a la Comunitat"},"content":{"rendered":"\n<p class=\"wp-block-paragraph\">La Comunitat Valenciana ha registrat 1.527 nous casos de coronavirus confirmats per prova PCR o a trav\u00e9s de prova d\u2019ant\u00edgens, que se situen la xifra total de positius en 111.735 persones. Per prov\u00edncies, la distribuci\u00f3 de nous positius \u00e9s el seg\u00fcent: 166 a Castell\u00f3 (12.440 en total); 411 a Alacant (38.152 en total), i 950 a la prov\u00edncia de Val\u00e8ncia (61.141 en total). A m\u00e9s, continua tenint 2 casos sense assignar. <\/p>\n\n\n\n<p class=\"wp-block-paragraph\">Per una altra part, des de l&#8217;\u00faltima actualitzaci\u00f3, ha registrat 2.668 altes a pacients amb coronavirus. De esta forma, ya son 109.362 personas en la Comunitat Valenciana les que han superat la malaltia des que va comen\u00e7ar la pand\u00e8mia. <\/p>\n\n\n\n<p class=\"wp-block-paragraph\">Per prov\u00edncies, s\u2019ha registrat un total de 12.543 a Castell\u00f3, 37.531 a Alacant i 59.231 a Val\u00e8ncia. A m\u00e9s, continua tenint 57 altes sense assignaci\u00f3. De aquesta forma, en aquests moments hi ha 11.270 casos actius, el que suposa un 9,15% del total de positius. <\/p>\n\n\n\n<p class=\"wp-block-paragraph\">Els hospitals valencians tenen, actualment, 1.173 persones ingressades: 112 a la prov\u00edncia de Castell\u00f3, amb 20 pacients a UCI; 326 a la prov\u00edncia d&#8217;Alacant, 79 d&#8217;ells a la UCI; y 735 en la provincia de Valencia, 144 de ellos en UCI. Per un altre costat, s&#8217;ha registrat 37 falliments per coronavirus des de l&#8217;\u00faltima actualitzaci\u00f3, per lo que el total de defuncions \u00e9s de 2.528 persones: 335 a la prov\u00edncia de Castell\u00f3, 910 a la d&#8217;Alacant i 1.283 a la de Val\u00e8ncia. El nombre total de proves es va dur a terme per a la detecci\u00f3 del coronavirus a la secci\u00f3 1.823.891, del 1.659.451 que ha estat a trav\u00e9s de PCR i 164.440 mitjan\u00e7ant test r\u00e0pid. <\/p>\n\n\n\n<p class=\"wp-block-paragraph\"><strong>Actualitzaci\u00f3 de la situaci\u00f3 en resid\u00e8ncies<\/strong><\/p>\n\n\n\n<p class=\"wp-block-paragraph\">A d\u00eda de hoy, hay alg\u00fan caso positivo en 86 residencias de mayores (4 en la provincia de Castell\u00f3n, 26 en la provincia de Alicante y 56 en la provincia de Valencia), 15 centres de diversitat funcional (3 en la prov\u00edncia de Castell\u00f3, 3 a la prov\u00edncia d&#8217;Alacant i 9 a la prov\u00edncia de Val\u00e8ncia) i 4 centres de menors a la prov\u00edncia de Val\u00e8ncia. <\/p>\n\n\n\n<p class=\"wp-block-paragraph\">&#8211; Residents nous positius: 39 &#8211; Treballadors i treballadors nous positius: 19 &#8211; Residents que han fallit: 5 Actualment, es troba baix vigil\u00e0ncia activa de control sanitari 21 resid\u00e8ncies a la Comunitat Valenciana: 9 a la prov\u00edncia d\u2019Alacant i 12 a la prov\u00edncia de Val\u00e8ncia. <\/p>\n\n\n\n<p class=\"wp-block-paragraph\">Actualitzaci\u00f3 brotes de coronavirus <\/p>\n\n\n\n<p class=\"wp-block-paragraph\">Nuevos brotes: 45 (9 a la prov\u00edncia d&#8217;Alacant; 6 a la prov\u00edncia de Castell\u00f3 i 30 a la prov\u00edncia de Val\u00e8ncia) \u00b7 Sueca: 9 casos. Origen social \u00b7 D\u00e9nia: 18 casos. Origen social \u00b7 Elx: 4 casos. Origen social \u00b7 Crevillent: 6 casos. Origen social \u00b7 Val\u00e8ncia: 3 casos. Origen social \u00b7 Val\u00e8ncia: 7 casos. Origen social \u00b7 Utiel: 4 casos. Origen social \u00b7 Algar de Pal\u00e0ncia: 5 casos. Origen social \u00b7 La Vall d&#8217;Uix\u00f3: 3 casos. \u00c0mbit educatiu \u00b7 Ayora: 5 casos. Origen social \u00b7 Val\u00e8ncia: 3 casos. Origen social \u00b7 Val\u00e8ncia: 6 casos. Origen laboral \u00b7 Benidorm: 4 casos. Origen social \u00b7 Algemes\u00ed: 3 casos. \u00c0mbit educatiu \u00b7 Benifair\u00f3 de les Valls: 3 casos. Origen social \u00b7 Castell\u00f3 de la Plana: 5 casos. Origen laboral \u00b7 Val\u00e8ncia: 3 casos. Origen social \u00b7 Segorbe: 4 casos. Origen social \u00b7 Ayora: 3 casos. Origen social \u00b7 Benidorm: 5 casos. Origen social \u00b7 Castell\u00f3 de la Plana: 6 casos. Origen laboral \u00b7 Val\u00e8ncia: 5 casos. Origen social \u00b7 Val\u00e8ncia: 8 casos. Origen laboral \u00b7 Val\u00e8ncia: 4 casos. Origen social \u00b7 Val\u00e8ncia: 3 casos. Origen social \u00b7 Elx: 4 casos. Origen social \u00b7 Vila-Real: 7 casos. Origen social \u00b7 Burjassot: 8 casos. Origen social \u00b7 Aldaia: 6 casos. Origen social \u00b7 Sagunt: 6 casos. Origen laboral \u00b7 Benicarl\u00f3: 11 casos. Origen social \u00b7 San Antonio de Benag\u00e9ber: 3 casos. Origen laboral \u00b7 Pilar de la Horadada: 7 casos. Origen social \u00b7 Meliana: 8 casos. Origen social \u00b7 Val\u00e8ncia: 5 casos. Origen social \u00b7 Meliana: 6 casos. Origen social \u00b7 Ayora: 3 casos. Origen social \u00b7 Val\u00e8ncia: 3 casos. Origen social \u00b7 Val\u00e8ncia: 3 casos. Origen laboral \u00b7 Sagunt: 6 casos. Origen laboral \u00b7 Val\u00e8ncia: 4 casos. Origen social \u00b7 Val\u00e8ncia: 3 casos. Origen social \u00b7 Val\u00e8ncia: 4 casos. Origen social \u00b7 Aspecte: 4 casos. Origen social \u00b7 L&#8217;Alf\u00e0s del Pi: 4 casos. Origen social<\/p>\n","protected":false},"excerpt":{"rendered":"<div class=\"mh-excerpt\">La Comunitat Valenciana ha registrat 1.527 nous casos de coronavirus confirmats per prova PCR o a trav\u00e9s de prova d\u2019ant\u00edgens, que se situen la xifra total de positius en 111.735 persones. Per prov\u00edncies, la distribuci\u00f3 <a class=\"mh-excerpt-more\" href=\"https:\/\/tucomarca.whitekongsoftware.com\/ca\/aiora-aporta-11-casos-utiel-4-san-antonio-de-benageber-3-y-algemesi-3-a-1-527-nous-contagis-de-coronavirus-registrats-a-la-comunitat\/\" title=\"Aiora aporta 11 casos, Utiel 4, San Antonio de Benag\u00e9ber 3 y Algemes\u00ed 3 a 1.527 nous contagis de coronavirus registrats a la Comunitat\">[+] <\/a><\/div>\n","protected":false},"author":1,"featured_media":100861,"comment_status":"open","ping_status":"open","sticky":false,"template":"","format":"standard","meta":{"footnotes":""},"categories":[10954,10951,10983,10892,11010,12202,10898,10948,10894,10904,10902,10903,10947,10909,10934,10896,10897,11059],"tags":[11216,10899,11939,11940,10910],"class_list":["post-121529","post","type-post","status-publish","format-standard","has-post-thumbnail","category-ayora-ca","category-ayora-cofrentes-ca","category-algemesi-ca","category-camp-de-turia-ca","category-canal-salud","category-covid-19-ca","category-ventana-ca","category-infraestructuras-ca","category-la-comarca-ca","category-sin-categorizar-ca","category-la-ribera-ca","category-medio-ambiente-la-comarca-ca","category-politica","category-requena-utiel-ca","category-san-antonio-de-benageber-ca","category-seccion-ca","category-sucesos-la-comarca-ca","category-utiel-ca","tag-ayora-cofrentes-ca","tag-camp-de-turia-ca","tag-coronavirus-ca","tag-covid-19-ca","tag-requena-utiel-ca"],"_links":{"self":[{"href":"https:\/\/tucomarca.whitekongsoftware.com\/ca\/wp-json\/wp\/v2\/posts\/121529","targetHints":{"allow":["GET"]}}],"collection":[{"href":"https:\/\/tucomarca.whitekongsoftware.com\/ca\/wp-json\/wp\/v2\/posts"}],"about":[{"href":"https:\/\/tucomarca.whitekongsoftware.com\/ca\/wp-json\/wp\/v2\/types\/post"}],"author":[{"embeddable":true,"href":"https:\/\/tucomarca.whitekongsoftware.com\/ca\/wp-json\/wp\/v2\/users\/1"}],"replies":[{"embeddable":true,"href":"https:\/\/tucomarca.whitekongsoftware.com\/ca\/wp-json\/wp\/v2\/comments?post=121529"}],"version-history":[{"count":0,"href":"https:\/\/tucomarca.whitekongsoftware.com\/ca\/wp-json\/wp\/v2\/posts\/121529\/revisions"}],"wp:featuredmedia":[{"embeddable":true,"href":"https:\/\/tucomarca.whitekongsoftware.com\/ca\/wp-json\/wp\/v2\/media\/100861"}],"wp:attachment":[{"href":"https:\/\/tucomarca.whitekongsoftware.com\/ca\/wp-json\/wp\/v2\/media?parent=121529"}],"wp:term":[{"taxonomy":"category","embeddable":true,"href":"https:\/\/tucomarca.whitekongsoftware.com\/ca\/wp-json\/wp\/v2\/categories?post=121529"},{"taxonomy":"post_tag","embeddable":true,"href":"https:\/\/tucomarca.whitekongsoftware.com\/ca\/wp-json\/wp\/v2\/tags?post=121529"}],"curies":[{"name":"wp","href":"https:\/\/api.w.org\/{rel}","templated":true}]}}