{"id":121501,"date":"2020-12-09T22:06:32","date_gmt":"2020-12-09T21:06:32","guid":{"rendered":"http:\/\/www.tucomarca.com\/wordpress\/segunda\/?p=121501"},"modified":"2020-12-09T22:07:40","modified_gmt":"2020-12-09T21:07:40","slug":"obras-publicas-invertira-676-millones-de-euros-en-el-acondicionamiento-de-la-cv-35-en-los-terminos-de-tuejar-titaguas-y-aras-de-los-olmos","status":"publish","type":"post","link":"https:\/\/tucomarca.whitekongsoftware.com\/ca\/obras-publicas-invertira-676-millones-de-euros-en-el-acondicionamiento-de-la-cv-35-en-los-terminos-de-tuejar-titaguas-y-aras-de-los-olmos\/","title":{"rendered":"Obras P\u00fablicas invertir\u00e1 6,76 milions d\u2019euros en l\u2019equipament de la CV-35 en els termes de Tu\u00e9jar, Titaguas y Aras de los Olmos"},"content":{"rendered":"\n<h4 class=\"wp-block-heading\">Las obras, que est\u00e1n incluidas en el proyecto de presupuestos de la Generalitat de 2021, se licitar\u00e1n el pr\u00f3ximo a\u00f1o Arcadi Espa\u00f1a destaca l\u2019increment de la seguretat i la dinamitzaci\u00f3 d\u2019aquesta zona<\/h4>\n\n\n\n<p class=\"wp-block-paragraph\">La Conselleria de Pol\u00edtica Territorial, Obras P\u00fablicas y Movilidad va a invertir 6,76 millones de euros en el acondicionamiento de la carretera CV-35 en los t\u00e9rminos municipales de Tu\u00e9jar, Titaguas y Aras de los Olmos.&nbsp;<\/p>\n\n\n\n<p class=\"wp-block-paragraph\">El responsable de la Conselleria, Arcadi Espa\u00f1a, se ha reunido con los alcaldes de Titaguas, Ramiro Rivera, y Aras de los Olmos, Rafael Gim\u00e9nez, y les ha informado que &#8220;se est\u00e1 preparando el expediente para licitar el pr\u00f3ximo a\u00f1o, las obras de acondicionamiento de este tramo de la CV-35&#8221;.&nbsp;<\/p>\n\n\n\n<p class=\"wp-block-paragraph\">Asimismo, ha destacado que la inversi\u00f3n prevista se ha incluido en el proyecto de presupuestos de la Generalitat para 2021 y tendr\u00e1n un plazo de ejecuci\u00f3n de 18 meses.&nbsp;<\/p>\n\n\n\n<p class=\"wp-block-paragraph\">Seg\u00fan ha se\u00f1alado el conseller de Obras P\u00fablicas, &#8220;esta actuaci\u00f3n se enmarca en el objetivo de la Conselleria de mejorar la seguridad vial de la red de carreteras de la Generalitat Valenciana&#8221;.&nbsp;<\/p>\n\n\n\n<p class=\"wp-block-paragraph\">Adem\u00e1s, ha a\u00f1adido, &#8220;desde el Consell estamos trabajando para revitalizar los municipios del interior y es fundamental para su desarrollo econ\u00f3mico y asegurar el bienestar de los vecinos y vecinas de estas zonas, que cuenten con infraestructuras de calidad que faciliten sus desplazamientos cotidianos, sus quehaceres de cada d\u00eda&#8221;.&nbsp;<\/p>\n\n\n\n<p class=\"wp-block-paragraph\">As\u00ed ha explicado que el proyecto de la Conselleria en esta zona de la CV-35 se estructura en tres tramos: Alto de la Montalbana, acceso sur a Titaguas, y el tramo Titaguas-Aras.&nbsp;<\/p>\n\n\n\n<p class=\"wp-block-paragraph\">En el Alto de la Montalbana el problema de falta de visibilidad derivado de un cambio de rasante se resolver\u00e1 al modificar el trazado y suavizar la pendiente; mientras que en el acceso Sur al n\u00facleo urbano de Titaguas, el problema de seguridad vial por la velocidad excesiva de los veh\u00edculos, se corregir\u00e1 con la construcci\u00f3n de una glorieta en la confluencia de las carreteras CV-35 y CV-345 a Alpuente.&nbsp;<\/p>\n\n\n\n<p class=\"wp-block-paragraph\">Por \u00faltimo, el tramo Titaguas-Aras de 8,5 kil\u00f3metros de longitud presenta una problem\u00e1tica espec\u00edfica debido fundamentalmente a la insuficiencia del trazado, con numerosas curvas de radio reducido y fuertes pendientes, as\u00ed como irregularidad de la secci\u00f3n transversal, en la que no hay ni arcenes ni bermas. Tambi\u00e9n presentan problemas puntuales en relaci\u00f3n con el drenaje.&nbsp;<\/p>\n\n\n\n<p class=\"wp-block-paragraph\">El acondicionamiento, que procurar\u00e1 minimizar la afecci\u00f3n sobre el entorno, mantendr\u00e1 un ancho de seis metros en la calzada, con un arc\u00e9n de un metro, y se regularizar\u00e1 la geometr\u00eda, en la que se habilitar\u00e1n sobreanchos para las curvas, Tambi\u00e9n se dispondr\u00e1n de cunetas de seguridad y se proyectar\u00e1n nuevas estructuras para la mejora del drenaje en los barrancos de La Tejer\u00eda, El Regajo y Travenilla.<\/p>\n","protected":false},"excerpt":{"rendered":"<div class=\"mh-excerpt\">Las obras, que est\u00e1n incluidas en el proyecto de presupuestos de la Generalitat de 2021, se licitar\u00e1n el pr\u00f3ximo a\u00f1o Arcadi Espa\u00f1a destaca l\u2019increment de la seguretat i la dinamitzaci\u00f3 d\u2019aquesta zona La Conselleria de <a class=\"mh-excerpt-more\" href=\"https:\/\/tucomarca.whitekongsoftware.com\/ca\/obras-publicas-invertira-676-millones-de-euros-en-el-acondicionamiento-de-la-cv-35-en-los-terminos-de-tuejar-titaguas-y-aras-de-los-olmos\/\" title=\"Obras P\u00fablicas invertir\u00e1 6,76 milions d\u2019euros en l\u2019equipament de la CV-35 en els termes de Tu\u00e9jar, Titaguas y Aras de los Olmos\">[+] <\/a><\/div>\n","protected":false},"author":12,"featured_media":121500,"comment_status":"open","ping_status":"open","sticky":false,"template":"","format":"standard","meta":{"footnotes":""},"categories":[11042,11046,10898,10948,10894,10947,10896,11027,11028],"tags":[12141,9168,10400,8441],"class_list":["post-121501","post","type-post","status-publish","format-standard","has-post-thumbnail","category-aras-de-olmos-ca","category-los-serranos-ca","category-ventana-ca","category-infraestructuras-ca","category-la-comarca-ca","category-politica","category-seccion-ca","category-titaguas-ca","category-tuejar-ca","tag-conselleria-de-politica-territorial","tag-cv-35","tag-los-serranos","tag-obras-publicas"],"_links":{"self":[{"href":"https:\/\/tucomarca.whitekongsoftware.com\/ca\/wp-json\/wp\/v2\/posts\/121501","targetHints":{"allow":["GET"]}}],"collection":[{"href":"https:\/\/tucomarca.whitekongsoftware.com\/ca\/wp-json\/wp\/v2\/posts"}],"about":[{"href":"https:\/\/tucomarca.whitekongsoftware.com\/ca\/wp-json\/wp\/v2\/types\/post"}],"author":[{"embeddable":true,"href":"https:\/\/tucomarca.whitekongsoftware.com\/ca\/wp-json\/wp\/v2\/users\/12"}],"replies":[{"embeddable":true,"href":"https:\/\/tucomarca.whitekongsoftware.com\/ca\/wp-json\/wp\/v2\/comments?post=121501"}],"version-history":[{"count":0,"href":"https:\/\/tucomarca.whitekongsoftware.com\/ca\/wp-json\/wp\/v2\/posts\/121501\/revisions"}],"wp:featuredmedia":[{"embeddable":true,"href":"https:\/\/tucomarca.whitekongsoftware.com\/ca\/wp-json\/wp\/v2\/media\/121500"}],"wp:attachment":[{"href":"https:\/\/tucomarca.whitekongsoftware.com\/ca\/wp-json\/wp\/v2\/media?parent=121501"}],"wp:term":[{"taxonomy":"category","embeddable":true,"href":"https:\/\/tucomarca.whitekongsoftware.com\/ca\/wp-json\/wp\/v2\/categories?post=121501"},{"taxonomy":"post_tag","embeddable":true,"href":"https:\/\/tucomarca.whitekongsoftware.com\/ca\/wp-json\/wp\/v2\/tags?post=121501"}],"curies":[{"name":"wp","href":"https:\/\/api.w.org\/{rel}","templated":true}]}}