{"id":121495,"date":"2020-12-09T08:00:47","date_gmt":"2020-12-09T07:00:47","guid":{"rendered":"http:\/\/www.tucomarca.com\/wordpress\/segunda\/?p=121495"},"modified":"2020-12-09T22:14:46","modified_gmt":"2020-12-09T21:14:46","slug":"el-consell-amplia-la-collaboracio-amb-el-fega-per-a-realitzar-per-teledeteccio-el-control-de-les-superficies-beneficiaries-de-la-sollicitud-unica","status":"publish","type":"post","link":"https:\/\/tucomarca.whitekongsoftware.com\/ca\/el-consell-amplia-la-collaboracio-amb-el-fega-per-a-realitzar-per-teledeteccio-el-control-de-les-superficies-beneficiaries-de-la-sollicitud-unica\/","title":{"rendered":"El Consell amplia la col\u00b7laboraci\u00f3 amb el FEGA per a realitzar per teledetecci\u00f3 el control de les superf\u00edcies benefici\u00e0ries de la Sol\u00b7licitud \u00danica"},"content":{"rendered":"\n<h4 class=\"wp-block-heading\"><strong>Suposa el seguiment per mitj\u00e0 d&#8217;imatges de sat\u00e8l\u00b7lit d&#8217;al voltant de 50.000 recintes agr\u00edcoles en la Comunitat Valenciana<\/strong><\/h4>\n\n\n\n<p class=\"wp-block-paragraph\">El Ple de el Consell ha autoritzat l&#8217;ampliaci\u00f3 de l&#8217;conveni de col\u00b7laboraci\u00f3 entre la Conselleria d&#8217;Agricultura, Medi Ambient, Canvi Clim\u00e0tic i Desenvolupament Rural i el Fons Espanyol de Garantia Agr\u00e0ria (FEGA) per al finan\u00e7ament dels treballs de control sobre el terreny, pel sistema de teledetecci\u00f3, de les superf\u00edcies dels r\u00e8gims d&#8217;ajuda inclosos en la Sol\u00b7licitud \u00danica, per un import de 239.771 euros. Es tracta de controlar les parcel\u00b7les que perceben ajudes de la Pol\u00edtica Agr\u00edcola Comunit\u00e0ria.<\/p>\n\n\n\n<p class=\"wp-block-paragraph\">D&#8217;aquesta manera s&#8217;estenen a 2021 els treballs de fotointerpretaci\u00f3 i visita r\u00e0pida de camp en el marc de el control sobre el terreny en les zones de la Comunitat Valenciana, amb una aportaci\u00f3 de 239.771 euros, que la Generalitat abonar\u00e0 a FEGA.<\/p>\n\n\n\n<p class=\"wp-block-paragraph\">La gesti\u00f3 d&#8217;ajudes amb c\u00e0rrec a fons comunitaris exigeix \u200b\u200b&#8221;la realitzaci\u00f3 de controls per a la concessi\u00f3 d&#8217;ajuts. Aix\u00f2 suposa la realitzaci\u00f3 de controls sobre un total d&#8217;uns 50.000 recintes agr\u00edcoles en tot el territori de la Comunitat Valenciana&#8221; segons fonts de la Conselleria de Agricultura. La teledetecci\u00f3 s&#8217;utilitza com una eina de suport en la gesti\u00f3 de l&#8217;agricultura i serveix per con\u00e8ixer la distribuci\u00f3 i superf\u00edcie dels cultius, aix\u00ed com del seu estat.<\/p>\n","protected":false},"excerpt":{"rendered":"<div class=\"mh-excerpt\">Suposa el seguiment per mitj\u00e0 d&#8217;imatges de sat\u00e8l\u00b7lit d&#8217;al voltant de 50.000 recintes agr\u00edcoles en la Comunitat Valenciana El Ple de el Consell ha autoritzat l&#8217;ampliaci\u00f3 de l&#8217;conveni de col\u00b7laboraci\u00f3 entre la Conselleria d&#8217;Agricultura, Medi <a class=\"mh-excerpt-more\" href=\"https:\/\/tucomarca.whitekongsoftware.com\/ca\/el-consell-amplia-la-collaboracio-amb-el-fega-per-a-realitzar-per-teledeteccio-el-control-de-les-superficies-beneficiaries-de-la-sollicitud-unica\/\" title=\"El Consell amplia la col\u00b7laboraci\u00f3 amb el FEGA per a realitzar per teledetecci\u00f3 el control de les superf\u00edcies benefici\u00e0ries de la Sol\u00b7licitud \u00danica\">[+] <\/a><\/div>\n","protected":false},"author":12,"featured_media":121494,"comment_status":"open","ping_status":"open","sticky":false,"template":"","format":"standard","meta":{"footnotes":""},"categories":[10890,10905,10951,10892,11046,10948,10963,10894,10904,10912,10902,10903,10947,10909,10896],"tags":[12855,13228,13230],"class_list":["post-121495","post","type-post","status-publish","format-standard","has-post-thumbnail","category-ademus","category-agricultura-la-comarca-ca","category-ayora-cofrentes-ca","category-camp-de-turia-ca","category-los-serranos-ca","category-infraestructuras-ca","category-la-canal-de-navarres-ca","category-la-comarca-ca","category-sin-categorizar-ca","category-la-hoya-ca","category-la-ribera-ca","category-medio-ambiente-la-comarca-ca","category-politica","category-requena-utiel-ca","category-seccion-ca","tag-conselleria-de-agricultura","tag-fega","tag-teledeteccion-agricola"],"_links":{"self":[{"href":"https:\/\/tucomarca.whitekongsoftware.com\/ca\/wp-json\/wp\/v2\/posts\/121495","targetHints":{"allow":["GET"]}}],"collection":[{"href":"https:\/\/tucomarca.whitekongsoftware.com\/ca\/wp-json\/wp\/v2\/posts"}],"about":[{"href":"https:\/\/tucomarca.whitekongsoftware.com\/ca\/wp-json\/wp\/v2\/types\/post"}],"author":[{"embeddable":true,"href":"https:\/\/tucomarca.whitekongsoftware.com\/ca\/wp-json\/wp\/v2\/users\/12"}],"replies":[{"embeddable":true,"href":"https:\/\/tucomarca.whitekongsoftware.com\/ca\/wp-json\/wp\/v2\/comments?post=121495"}],"version-history":[{"count":0,"href":"https:\/\/tucomarca.whitekongsoftware.com\/ca\/wp-json\/wp\/v2\/posts\/121495\/revisions"}],"wp:featuredmedia":[{"embeddable":true,"href":"https:\/\/tucomarca.whitekongsoftware.com\/ca\/wp-json\/wp\/v2\/media\/121494"}],"wp:attachment":[{"href":"https:\/\/tucomarca.whitekongsoftware.com\/ca\/wp-json\/wp\/v2\/media?parent=121495"}],"wp:term":[{"taxonomy":"category","embeddable":true,"href":"https:\/\/tucomarca.whitekongsoftware.com\/ca\/wp-json\/wp\/v2\/categories?post=121495"},{"taxonomy":"post_tag","embeddable":true,"href":"https:\/\/tucomarca.whitekongsoftware.com\/ca\/wp-json\/wp\/v2\/tags?post=121495"}],"curies":[{"name":"wp","href":"https:\/\/api.w.org\/{rel}","templated":true}]}}