{"id":121417,"date":"2020-12-08T09:01:01","date_gmt":"2020-12-08T08:01:01","guid":{"rendered":"http:\/\/www.tucomarca.com\/wordpress\/segunda\/?p=121417"},"modified":"2020-12-08T19:10:33","modified_gmt":"2020-12-08T18:10:33","slug":"el-jutjat-aten-la-sollicitud-de-lajuntament-de-la-pobla-de-vallbona-i-ajorna-el-desnonament-de-31-families-vulnerables","status":"publish","type":"post","link":"https:\/\/tucomarca.whitekongsoftware.com\/ca\/el-jutjat-aten-la-sollicitud-de-lajuntament-de-la-pobla-de-vallbona-i-ajorna-el-desnonament-de-31-families-vulnerables\/","title":{"rendered":"El jutjat at\u00e9n la sol\u00b7licitud de l\u2019Ajuntament de la Pobla de Vallbona i ajorna el desnonament de 31 fam\u00edlies vulnerables"},"content":{"rendered":"\n<p class=\"wp-block-paragraph\">El jutjat de Ll\u00edria ha at\u00e9s el recurs de l\u2019Ajuntament de la Pobla de Vallbona en qu\u00e8 se sol\u00b7licitava la suspensi\u00f3 del desnonament de 31 fam\u00edlies de la Pobla de Vallbona. El consistori havia presentat el recurs davant la situaci\u00f3 de vulnerabilitat d\u2019estes fam\u00edlies que tenien ordre de llan\u00e7ament el pr\u00f2xim dimecres 9 de desembre.<\/p>\n\n\n\n<p class=\"wp-block-paragraph\">Des de l\u2019Ajuntament de la Pobla de Vallbona s\u2019ha treballant juntament la Conselleria d\u2019Habitatge per poder suspendre la sent\u00e8ncia de desnonament i aconseguir m\u00e9s temps per trobar una soluci\u00f3 habitacional per a les fam\u00edlies afectades. Finalment, el jutjat ha ajornat 2 mesos l\u2019execuci\u00f3 de la sent\u00e8ncia.<\/p>\n\n\n\n<p class=\"wp-block-paragraph\">Des de l\u2019Ajuntament de la Pobla de Vallbona s\u2019han mostrat satisfets del treball realitzat conjuntament amb la Conselleria d\u2019Habitatge i que permetr\u00e0 que 31 fam\u00edlies no es vegen en el carrer esta setmana i es felicita del resultat aconseguit.<\/p>\n\n\n\n<p class=\"wp-block-paragraph\">L\u2019alcalde de la Pobla, Josep Vicent Garcia, ha assenyalat que ara es disposa de dos mesos per \u201ccontinuar treballant amb l\u2019objectiu de trobar una soluci\u00f3 a trav\u00e9s dels Serveis Socials per a les fam\u00edlies afectades\u201d. \u201cDes de la notificaci\u00f3 de desnonament hem disposat de poc de temps per poder valorar la situaci\u00f3 de les fam\u00edlies i poder tindre a temps els informes que han perm\u00e8s arribar a esta soluci\u00f3 satisfact\u00f2ria\u201d, ha manifestat Garcia.<\/p>\n\n\n\n<p class=\"wp-block-paragraph\">Dimecres al mat\u00ed, l\u2019Ajuntament de la Pobla t\u00e9 prevista una reuni\u00f3 amb el Conseller d\u2019Habitatge per valorar el treball realitzat per evitar el desnonament i buscar les solucions de futur per als afectats.<\/p>\n","protected":false},"excerpt":{"rendered":"<div class=\"mh-excerpt\">El jutjat de Ll\u00edria ha at\u00e9s el recurs de l\u2019Ajuntament de la Pobla de Vallbona en qu\u00e8 se sol\u00b7licitava la suspensi\u00f3 del desnonament de 31 fam\u00edlies de la Pobla de Vallbona. El consistori havia presentat <a class=\"mh-excerpt-more\" href=\"https:\/\/tucomarca.whitekongsoftware.com\/ca\/el-jutjat-aten-la-sollicitud-de-lajuntament-de-la-pobla-de-vallbona-i-ajorna-el-desnonament-de-31-families-vulnerables\/\" title=\"El jutjat at\u00e9n la sol\u00b7licitud de l\u2019Ajuntament de la Pobla de Vallbona i ajorna el desnonament de 31 fam\u00edlies vulnerables\">[+] <\/a><\/div>\n","protected":false},"author":12,"featured_media":121416,"comment_status":"open","ping_status":"open","sticky":false,"template":"","format":"standard","meta":{"footnotes":""},"categories":[10892,10948,10894,10915,10947,10896,10897],"tags":[10395,4354,1335],"class_list":["post-121417","post","type-post","status-publish","format-standard","has-post-thumbnail","category-camp-de-turia-ca","category-infraestructuras-ca","category-la-comarca-ca","category-la-pobla-ca","category-politica","category-seccion-ca","category-sucesos-la-comarca-ca","tag-camp-de-turia","tag-desahucio","tag-la-pobla-de-vallbona"],"_links":{"self":[{"href":"https:\/\/tucomarca.whitekongsoftware.com\/ca\/wp-json\/wp\/v2\/posts\/121417","targetHints":{"allow":["GET"]}}],"collection":[{"href":"https:\/\/tucomarca.whitekongsoftware.com\/ca\/wp-json\/wp\/v2\/posts"}],"about":[{"href":"https:\/\/tucomarca.whitekongsoftware.com\/ca\/wp-json\/wp\/v2\/types\/post"}],"author":[{"embeddable":true,"href":"https:\/\/tucomarca.whitekongsoftware.com\/ca\/wp-json\/wp\/v2\/users\/12"}],"replies":[{"embeddable":true,"href":"https:\/\/tucomarca.whitekongsoftware.com\/ca\/wp-json\/wp\/v2\/comments?post=121417"}],"version-history":[{"count":0,"href":"https:\/\/tucomarca.whitekongsoftware.com\/ca\/wp-json\/wp\/v2\/posts\/121417\/revisions"}],"wp:featuredmedia":[{"embeddable":true,"href":"https:\/\/tucomarca.whitekongsoftware.com\/ca\/wp-json\/wp\/v2\/media\/121416"}],"wp:attachment":[{"href":"https:\/\/tucomarca.whitekongsoftware.com\/ca\/wp-json\/wp\/v2\/media?parent=121417"}],"wp:term":[{"taxonomy":"category","embeddable":true,"href":"https:\/\/tucomarca.whitekongsoftware.com\/ca\/wp-json\/wp\/v2\/categories?post=121417"},{"taxonomy":"post_tag","embeddable":true,"href":"https:\/\/tucomarca.whitekongsoftware.com\/ca\/wp-json\/wp\/v2\/tags?post=121417"}],"curies":[{"name":"wp","href":"https:\/\/api.w.org\/{rel}","templated":true}]}}