{"id":121342,"date":"2020-12-07T08:35:52","date_gmt":"2020-12-07T07:35:52","guid":{"rendered":"http:\/\/www.tucomarca.com\/wordpress\/segunda\/?p=121342"},"modified":"2020-12-07T19:19:48","modified_gmt":"2020-12-07T18:19:48","slug":"la-diputacio-i-el-ceei-impulsen-iniciatives-emprenedores-en-municipis-rurals","status":"publish","type":"post","link":"https:\/\/tucomarca.whitekongsoftware.com\/ca\/la-diputacio-i-el-ceei-impulsen-iniciatives-emprenedores-en-municipis-rurals\/","title":{"rendered":"La Diputaci\u00f3 i el CEEI impulsen iniciatives emprenedores en municipis rurals"},"content":{"rendered":"\n<h4 class=\"wp-block-heading\"><strong>El programa Emprendeaventura incidix en la posada en marxa de negocis i t\u00e8cniques de gesti\u00f3 empresarial<\/strong><\/h4>\n\n\n\n<h4 class=\"wp-block-heading\"><strong>El projecte compta amb la col\u00b7laboraci\u00f3 de Divalterra i els 5 Grups d&#8217;Acci\u00f3 Local (GAL) de la prov\u00edncia, que abasten 160 municipis rurals i 4 pesquers<\/strong><\/h4>\n\n\n\n<p class=\"wp-block-paragraph\">La Diputaci\u00f3 de Val\u00e8ncia i el Centre Europeu d&#8217;Empreses Innovadores \u2013CEEI- han obert ja el termini d&#8217;inscripci\u00f3 per al programa Emprendeaventura, que t\u00e9 com a objectiu promoure les iniciatives emprenedores en entorns rurals de la prov\u00edncia de Val\u00e8ncia.<\/p>\n\n\n\n<p class=\"wp-block-paragraph\">Este programa de formaci\u00f3 i assessorament online s&#8217;organitza a trav\u00e9s de sessions de treball de 4 hores a partir del 14 de desembre i en format online, en les quals les persones emprenedores que s&#8217;inscriguen al programa disposaran d&#8217;una plataforma col\u00b7laborativa i eines per a compartir coneixements, inquietuds i enriquir el seu projecte.<\/p>\n\n\n\n<p class=\"wp-block-paragraph\">Les set jornades de treball s\u00f3n principalment formatives i de capacitaci\u00f3, i s&#8217;establix tamb\u00e9 una huitena sessi\u00f3 en la qual es realitza una tutoria conjunta per a atendre les consultes i dubtes dels projectes participants.<\/p>\n\n\n\n<p class=\"wp-block-paragraph\">L&#8217;objectiu de Emprendeaventura \u00e9s capacitar a persones emprenedores en el proc\u00e9s de posada en marxa dels seus projectes de negoci i en la millora de les t\u00e8cniques de gesti\u00f3 empresarial en el cas d&#8217;empreses de recent constituci\u00f3, incidint en q\u00fcestions pr\u00f2pies del llan\u00e7ament d&#8217;una empresa en l&#8217;\u00e0mbit rural.<\/p>\n\n\n\n<p class=\"wp-block-paragraph\">En este programa col\u00b7labora el servei de Desenvolupament Local de Divalterra i els Grups d&#8217;Acci\u00f3 Local (GAL) de T\u00faria-Calderona, Rurable, Som Rurals, Caroig-X\u00faquer i Gandia-Albufera, l&#8217;\u00e0mbit d&#8217;actuaci\u00f3 de la qual inclou 160 municipis de car\u00e0cter rural i 4 pesquers.<\/p>\n\n\n\n<p class=\"wp-block-paragraph\">Despr\u00e9s de l&#8217;\u00e8xit de l&#8217;edici\u00f3 2019 d&#8217;esta iniciativa, celebrada presencialment a Tu\u00e9jar, Utiel, Enguera i Benifl\u00e0, i que va permetre impulsar diversos projectes emprenedors dels sectors agroalimentari i serveis plantejats en zones rurals de la prov\u00edncia, este 2020 la iniciativa se celebra online, amb la vocaci\u00f3 d&#8217;acostar a tot el territori la possibilitat que les iniciatives emprenedores compten amb formaci\u00f3 i assessorament per a la seua posada en marxa.<\/p>\n\n\n\n<p class=\"wp-block-paragraph\"><strong>Emprenedoria en entorns rurals<\/strong><\/p>\n\n\n\n<p class=\"wp-block-paragraph\">Malgrat que el 90% de la poblaci\u00f3 espanyola viu en el 30% del territori, i nom\u00e9s un 10% habita en el 70% del territori restant, des de 2014 la taxa d&#8217;emprenedoria rural supera a la urbana, segons les \u00faltimes dades de l&#8217;informe GEM (Global Entrepreneurship Monitor).<\/p>\n\n\n\n<p class=\"wp-block-paragraph\">Segons este estudi, la taxa mitjana d&#8217;activitat emprenedora rural \u00e9s del 7,3%, davant el 5,5% de la taxa mitjana urbana. No obstant aix\u00f2, les economies dels territoris rurals s&#8217;han mostrat m\u00e9s sensibles als impactes negatius de la COVID19, per la qual cosa \u00e9s necessari posar en marxa iniciatives per a promoure el desenvolupament empresarial en municipis poc poblats.<\/p>\n\n\n\n<p class=\"wp-block-paragraph\">En este sentit, iniciatives com Emprendeaventura, impulsada per la delegaci\u00f3 de Desenvolupament Rural i Pol\u00edtiques contra la Despoblaci\u00f3 de la Diputaci\u00f3 de Val\u00e8ncia, o la col\u00b7laboraci\u00f3 del Servei de Desenvolupament Local de Divalterra amb la Xarxa d&#8217;Ag\u00e8ncies de Desenvolupament Local i REDTEVAL, entitat que agrupa els cinc Grups d&#8217;Acci\u00f3 Local de la prov\u00edncia, treballen en la l\u00ednia de facilitar suport a les persones que aposten per posar en marxa el seu negoci en les \u00e0rees rurals, posant a la seua disposici\u00f3 les mateixes possibilitats de formaci\u00f3 i assessorament de qu\u00e8 disposen els qui promouen emprenedoria en zones urbanes.<br><\/p>\n","protected":false},"excerpt":{"rendered":"<div class=\"mh-excerpt\">El programa Emprendeaventura incidix en la posada en marxa de negocis i t\u00e8cniques de gesti\u00f3 empresarial El projecte compta amb la col\u00b7laboraci\u00f3 de Divalterra i els 5 Grups d&#8217;Acci\u00f3 Local (GAL) de la prov\u00edncia, que <a class=\"mh-excerpt-more\" href=\"https:\/\/tucomarca.whitekongsoftware.com\/ca\/la-diputacio-i-el-ceei-impulsen-iniciatives-emprenedores-en-municipis-rurals\/\" title=\"La Diputaci\u00f3 i el CEEI impulsen iniciatives emprenedores en municipis rurals\">[+] <\/a><\/div>\n","protected":false},"author":12,"featured_media":121341,"comment_status":"open","ping_status":"open","sticky":false,"template":"","format":"standard","meta":{"footnotes":""},"categories":[11019,10905,10892,10948,10963,10894,10904,10912,10902,10903,10947,10909,10896],"tags":[3677,10531,13223],"class_list":["post-121342","post","type-post","status-publish","format-standard","has-post-thumbnail","category-agenda-ca","category-agricultura-la-comarca-ca","category-camp-de-turia-ca","category-infraestructuras-ca","category-la-canal-de-navarres-ca","category-la-comarca-ca","category-sin-categorizar-ca","category-la-hoya-ca","category-la-ribera-ca","category-medio-ambiente-la-comarca-ca","category-politica","category-requena-utiel-ca","category-seccion-ca","tag-diputacio-de-valencia","tag-divalterra","tag-grupos-de-accion-local-gal"],"_links":{"self":[{"href":"https:\/\/tucomarca.whitekongsoftware.com\/ca\/wp-json\/wp\/v2\/posts\/121342","targetHints":{"allow":["GET"]}}],"collection":[{"href":"https:\/\/tucomarca.whitekongsoftware.com\/ca\/wp-json\/wp\/v2\/posts"}],"about":[{"href":"https:\/\/tucomarca.whitekongsoftware.com\/ca\/wp-json\/wp\/v2\/types\/post"}],"author":[{"embeddable":true,"href":"https:\/\/tucomarca.whitekongsoftware.com\/ca\/wp-json\/wp\/v2\/users\/12"}],"replies":[{"embeddable":true,"href":"https:\/\/tucomarca.whitekongsoftware.com\/ca\/wp-json\/wp\/v2\/comments?post=121342"}],"version-history":[{"count":0,"href":"https:\/\/tucomarca.whitekongsoftware.com\/ca\/wp-json\/wp\/v2\/posts\/121342\/revisions"}],"wp:featuredmedia":[{"embeddable":true,"href":"https:\/\/tucomarca.whitekongsoftware.com\/ca\/wp-json\/wp\/v2\/media\/121341"}],"wp:attachment":[{"href":"https:\/\/tucomarca.whitekongsoftware.com\/ca\/wp-json\/wp\/v2\/media?parent=121342"}],"wp:term":[{"taxonomy":"category","embeddable":true,"href":"https:\/\/tucomarca.whitekongsoftware.com\/ca\/wp-json\/wp\/v2\/categories?post=121342"},{"taxonomy":"post_tag","embeddable":true,"href":"https:\/\/tucomarca.whitekongsoftware.com\/ca\/wp-json\/wp\/v2\/tags?post=121342"}],"curies":[{"name":"wp","href":"https:\/\/api.w.org\/{rel}","templated":true}]}}