{"id":121213,"date":"2020-12-05T22:00:30","date_gmt":"2020-12-05T21:00:30","guid":{"rendered":"http:\/\/www.tucomarca.com\/wordpress\/segunda\/?p=121213"},"modified":"2020-12-05T23:03:13","modified_gmt":"2020-12-05T22:03:13","slug":"lajuntament-de-iatova-adquireix-una-nova-nau-per-a-us-municipal","status":"publish","type":"post","link":"https:\/\/tucomarca.whitekongsoftware.com\/ca\/lajuntament-de-iatova-adquireix-una-nova-nau-per-a-us-municipal\/","title":{"rendered":"L&#8217;Ajuntament de I\u00e0tova adquireix una nova nau per a \u00fas municipal"},"content":{"rendered":"\n<p class=\"wp-block-paragraph\">L&#8217;ajuntament de Y\u00e1tova ha anunciat que aviat disposar\u00e0 d&#8217;una nau i terreny de 1.550 m2, situada a l&#8217;Avinguda Diputaci\u00f3, n\u00ba 1, que es destinar\u00e0 a &#8220;m\u00faltiples usos que s\u00f3n necessaris per a seguir prestant serveis a l&#8217;ve\u00efnat&#8221;.<\/p>\n\n\n\n<p class=\"wp-block-paragraph\">Des del govern municipal han comunicat que &#8220;aquestes compres requereixen temps i esfor\u00e7 per analitzar tots els detalls per\u00f2 per fi s&#8217;ha convertit en una realitat i augmenta aix\u00ed el patrimoni local&#8221;.<\/p>\n\n\n\n<p class=\"wp-block-paragraph\">&#8220;Constar\u00e0 d&#8217;una \u00e0rea de magatzem per a tot tipus d&#8217;objectes i maquin\u00e0ria, una secci\u00f3 per a una oficina i tamb\u00e9 comptar\u00e0 amb un espai per a la Brigada Municipal. Tamb\u00e9 servir\u00e0 per ampliar la cal\u00e7ada i fer un passeig de vianants que una l&#8217;Avinguda Diputaci\u00f3 amb el complex esportiu de la piscina i camp de futbol municipal&#8221;, finalitzen des del consistori.<\/p>\n","protected":false},"excerpt":{"rendered":"<div class=\"mh-excerpt\">L&#8217;ajuntament de Y\u00e1tova ha anunciat que aviat disposar\u00e0 d&#8217;una nau i terreny de 1.550 m2, situada a l&#8217;Avinguda Diputaci\u00f3, n\u00ba 1, que es destinar\u00e0 a &#8220;m\u00faltiples usos que s\u00f3n necessaris per a seguir prestant serveis <a class=\"mh-excerpt-more\" href=\"https:\/\/tucomarca.whitekongsoftware.com\/ca\/lajuntament-de-iatova-adquireix-una-nova-nau-per-a-us-municipal\/\" title=\"L&#8217;Ajuntament de I\u00e0tova adquireix una nova nau per a \u00fas municipal\">[+] <\/a><\/div>\n","protected":false},"author":12,"featured_media":121212,"comment_status":"open","ping_status":"open","sticky":false,"template":"","format":"standard","meta":{"footnotes":""},"categories":[10980,10948,10894,10912,10947,10896],"tags":[5952,13200,10380],"class_list":["post-121213","post","type-post","status-publish","format-standard","has-post-thumbnail","category-yatova-ca","category-infraestructuras-ca","category-la-comarca-ca","category-la-hoya-ca","category-politica","category-seccion-ca","tag-la-hoya-de-bunol-chiva","tag-nave-municipal","tag-yatova"],"_links":{"self":[{"href":"https:\/\/tucomarca.whitekongsoftware.com\/ca\/wp-json\/wp\/v2\/posts\/121213","targetHints":{"allow":["GET"]}}],"collection":[{"href":"https:\/\/tucomarca.whitekongsoftware.com\/ca\/wp-json\/wp\/v2\/posts"}],"about":[{"href":"https:\/\/tucomarca.whitekongsoftware.com\/ca\/wp-json\/wp\/v2\/types\/post"}],"author":[{"embeddable":true,"href":"https:\/\/tucomarca.whitekongsoftware.com\/ca\/wp-json\/wp\/v2\/users\/12"}],"replies":[{"embeddable":true,"href":"https:\/\/tucomarca.whitekongsoftware.com\/ca\/wp-json\/wp\/v2\/comments?post=121213"}],"version-history":[{"count":0,"href":"https:\/\/tucomarca.whitekongsoftware.com\/ca\/wp-json\/wp\/v2\/posts\/121213\/revisions"}],"wp:featuredmedia":[{"embeddable":true,"href":"https:\/\/tucomarca.whitekongsoftware.com\/ca\/wp-json\/wp\/v2\/media\/121212"}],"wp:attachment":[{"href":"https:\/\/tucomarca.whitekongsoftware.com\/ca\/wp-json\/wp\/v2\/media?parent=121213"}],"wp:term":[{"taxonomy":"category","embeddable":true,"href":"https:\/\/tucomarca.whitekongsoftware.com\/ca\/wp-json\/wp\/v2\/categories?post=121213"},{"taxonomy":"post_tag","embeddable":true,"href":"https:\/\/tucomarca.whitekongsoftware.com\/ca\/wp-json\/wp\/v2\/tags?post=121213"}],"curies":[{"name":"wp","href":"https:\/\/api.w.org\/{rel}","templated":true}]}}