{"id":121186,"date":"2020-12-05T15:00:50","date_gmt":"2020-12-05T14:00:50","guid":{"rendered":"http:\/\/www.tucomarca.com\/wordpress\/segunda\/?p=121186"},"modified":"2020-12-05T22:56:05","modified_gmt":"2020-12-05T21:56:05","slug":"esquerra-republicana-del-pais-valencia-pregunta-a-la-comissio-europea-per-la-variant-sud-de-pedralba","status":"publish","type":"post","link":"https:\/\/tucomarca.whitekongsoftware.com\/ca\/esquerra-republicana-del-pais-valencia-pregunta-a-la-comissio-europea-per-la-variant-sud-de-pedralba\/","title":{"rendered":"Esquerra Republicana del Pa\u00eds Valenci\u00e0 pregunta a la Comissi\u00f3 Europea per la variant sud de Pedralba"},"content":{"rendered":"\n<p class=\"wp-block-paragraph\">Els eurodiputats d\u2019Esquerra Republicana, Jordi Sol\u00e9 i Diana Riba, demanen a la Comissi\u00f3 Europea si est\u00e0 al corrent del projecte de la variant sud de la carretera CV-377 al seu pas per Pedralba i si estan d\u2019acord amb el fet que no s\u2019actualitzen les avaluacions d\u2019impacte ambiental per adaptar-les a la normativa europea.<\/p>\n\n\n\n<p class=\"wp-block-paragraph\">Per als republicans valencians el projecte de la variant sud de Pedralba contrav\u00e9 la normativa europea en mat\u00e8ria ambiental. Segons la secret\u00e0ria general d\u2019Esquerra Republicana del Pa\u00eds Valenci\u00e0, Maria P\u00e9rez,&nbsp;<strong>\u00abel projecte va en contra del que diu la Directiva 2009\/147\/CE sobre conservaci\u00f3 d\u2019aus silvestres<\/strong>. El projecte de la variant de Pedralba envaeix zones que estan dins la xarxa Natura 2000 i que estan sotmeses a una regulaci\u00f3 estricta sobre la qual Europa ja ens ha cridat l\u2019atenci\u00f3\u00bb. P\u00e9rez remarca aix\u00ed que la Comissi\u00f3 va instar el 2019 al Govern Espanyol a prendre mesures que milloraren els espais que formen part de la xarxa Natura 2000.&nbsp;<\/p>\n\n\n\n<p class=\"wp-block-paragraph\">El partit republic\u00e0 valenci\u00e0 es va posar en contacte amb els seus eurodiputats despr\u00e9s d\u2019assistir a la mobilitzaci\u00f3 que va convocar el passat mes de novembre la&nbsp;<em>Plataforma En Defensa del Paisaje de Pedralba<\/em>, on els membres del col\u00b7lectiu van mostrar als assistents el lloc per on passar\u00e0 la variant projectada, que envaeix el Parc Natural del T\u00faria. Maria P\u00e9rez, que va assistir junt amb el secretari general del Camp de T\u00faria-Serrans i un grup de militants de la comarca, es va comprometre a fer tot el possible per salvar una zona&nbsp;<strong>\u00abd\u2019un incalculable valor paisatg\u00edstic i ambiental, on hi ha una riquesa en biodiversitat que mereix la protecci\u00f3 de totes les administracions m\u00e9s enll\u00e0 del color pol\u00edtic d\u2019aquestes. Aquesta riquesa en biodiversitat ha provocat que, per exemple, torne al T\u00faria la ll\u00fadria o gos d\u2019aigua\u00bb<\/strong>&nbsp;remarca P\u00e9rez.<\/p>\n\n\n\n<p class=\"wp-block-paragraph\">Des d\u2019ERPV estan pendents de la resposta de la Comissi\u00f3 Europea, que han demanat per escrit, i no renuncien a emprendre altres accions mentre no es paralitze el projecte per fer una nova an\u00e0lisi ambiental i es redacte un projecte alternatiu.<\/p>\n","protected":false},"excerpt":{"rendered":"<div class=\"mh-excerpt\">Els eurodiputats d\u2019Esquerra Republicana, Jordi Sol\u00e9 i Diana Riba, demanen a la Comissi\u00f3 Europea si est\u00e0 al corrent del projecte de la variant sud de la carretera CV-377 al seu pas per Pedralba i si <a class=\"mh-excerpt-more\" href=\"https:\/\/tucomarca.whitekongsoftware.com\/ca\/esquerra-republicana-del-pais-valencia-pregunta-a-la-comissio-europea-per-la-variant-sud-de-pedralba\/\" title=\"Esquerra Republicana del Pa\u00eds Valenci\u00e0 pregunta a la Comissi\u00f3 Europea per la variant sud de Pedralba\">[+] <\/a><\/div>\n","protected":false},"author":12,"featured_media":121189,"comment_status":"open","ping_status":"open","sticky":false,"template":"","format":"standard","meta":{"footnotes":""},"categories":[11046,10894,11025,10947,10896],"tags":[13197,13196,10448],"class_list":["post-121186","post","type-post","status-publish","format-standard","has-post-thumbnail","category-los-serranos-ca","category-la-comarca-ca","category-pedralba-ca","category-politica","category-seccion-ca","tag-comissio-europea","tag-esquerra-republicana-del-pais-valencia","tag-pedralba"],"_links":{"self":[{"href":"https:\/\/tucomarca.whitekongsoftware.com\/ca\/wp-json\/wp\/v2\/posts\/121186","targetHints":{"allow":["GET"]}}],"collection":[{"href":"https:\/\/tucomarca.whitekongsoftware.com\/ca\/wp-json\/wp\/v2\/posts"}],"about":[{"href":"https:\/\/tucomarca.whitekongsoftware.com\/ca\/wp-json\/wp\/v2\/types\/post"}],"author":[{"embeddable":true,"href":"https:\/\/tucomarca.whitekongsoftware.com\/ca\/wp-json\/wp\/v2\/users\/12"}],"replies":[{"embeddable":true,"href":"https:\/\/tucomarca.whitekongsoftware.com\/ca\/wp-json\/wp\/v2\/comments?post=121186"}],"version-history":[{"count":0,"href":"https:\/\/tucomarca.whitekongsoftware.com\/ca\/wp-json\/wp\/v2\/posts\/121186\/revisions"}],"wp:featuredmedia":[{"embeddable":true,"href":"https:\/\/tucomarca.whitekongsoftware.com\/ca\/wp-json\/wp\/v2\/media\/121189"}],"wp:attachment":[{"href":"https:\/\/tucomarca.whitekongsoftware.com\/ca\/wp-json\/wp\/v2\/media?parent=121186"}],"wp:term":[{"taxonomy":"category","embeddable":true,"href":"https:\/\/tucomarca.whitekongsoftware.com\/ca\/wp-json\/wp\/v2\/categories?post=121186"},{"taxonomy":"post_tag","embeddable":true,"href":"https:\/\/tucomarca.whitekongsoftware.com\/ca\/wp-json\/wp\/v2\/tags?post=121186"}],"curies":[{"name":"wp","href":"https:\/\/api.w.org\/{rel}","templated":true}]}}