{"id":121153,"date":"2020-12-05T09:02:33","date_gmt":"2020-12-05T08:02:33","guid":{"rendered":"http:\/\/www.tucomarca.com\/wordpress\/segunda\/?p=121153"},"modified":"2020-12-05T21:56:24","modified_gmt":"2020-12-05T20:56:24","slug":"lajuntament-de-vilamarxant-inicia-les-tasques-per-a-la-redaccio-del-nou-pla-dordenacio-urbana","status":"publish","type":"post","link":"https:\/\/tucomarca.whitekongsoftware.com\/ca\/lajuntament-de-vilamarxant-inicia-les-tasques-per-a-la-redaccio-del-nou-pla-dordenacio-urbana\/","title":{"rendered":"L&#8217;Ajuntament de Vilamarxant inicia les tasques per a la redacci\u00f3 del nou Pla d&#8217;Ordenaci\u00f3 Urbana"},"content":{"rendered":"\n<p class=\"wp-block-paragraph\">L&#8217;Ajuntament de Vilamarxant, a trav\u00e9s de l&#8217;\u00c0rea d&#8217;Urbanisme, ha iniciat les tasques per a la redacci\u00f3 d\u2019un nou Pla d&#8217;Ordenaci\u00f3 Urbana que substituir\u00e0 les normes subsidi\u00e0ries que estan en vigor des de l&#8217;any 1988.<\/p>\n\n\n\n<p class=\"wp-block-paragraph\">Amb este nou Pla d&#8217;Ordenaci\u00f3 Urbana es donar\u00e0 soluci\u00f3 a problemes i conflictes que han anat sorgint en les tres \u00faltimes d\u00e8cades en \u00e0mbits d&#8217;actuaci\u00f3 com l&#8217;urban\u00edstic, cadastral, edificacions, usos del s\u00f2l o d&#8217;espais protegits en el terme municipal.<\/p>\n\n\n\n<p class=\"wp-block-paragraph\">Encara que la creaci\u00f3 del nou Pla d&#8217;Ordenaci\u00f3 Urbana ser\u00e0 un proc\u00e9s que es prolongar\u00e0 en el temps, els primers passos ja s&#8217;han iniciat.<\/p>\n\n\n\n<p class=\"wp-block-paragraph\">H\u00e9ctor Troyano, alcalde de Vilamarxant, ha destacat la import\u00e0ncia de la creaci\u00f3 del nou Pla d&#8217;Ordenaci\u00f3 Urbana: \u201cEn les \u00faltimes d\u00e8cades hem comprovat que existeixen noves problem\u00e0tiques a les quals s&#8217;ha de donar soluci\u00f3 amb esta nova regulaci\u00f3. Hem d&#8217;actualitzar-nos per a funcionar com un municipi modern i actualitzat al moment que estem vivint\u201d.<br><\/p>\n","protected":false},"excerpt":{"rendered":"<div class=\"mh-excerpt\">L&#8217;Ajuntament de Vilamarxant, a trav\u00e9s de l&#8217;\u00c0rea d&#8217;Urbanisme, ha iniciat les tasques per a la redacci\u00f3 d\u2019un nou Pla d&#8217;Ordenaci\u00f3 Urbana que substituir\u00e0 les normes subsidi\u00e0ries que estan en vigor des de l&#8217;any 1988. Amb <a class=\"mh-excerpt-more\" href=\"https:\/\/tucomarca.whitekongsoftware.com\/ca\/lajuntament-de-vilamarxant-inicia-les-tasques-per-a-la-redaccio-del-nou-pla-dordenacio-urbana\/\" title=\"L&#8217;Ajuntament de Vilamarxant inicia les tasques per a la redacci\u00f3 del nou Pla d&#8217;Ordenaci\u00f3 Urbana\">[+] <\/a><\/div>\n","protected":false},"author":12,"featured_media":121152,"comment_status":"open","ping_status":"open","sticky":false,"template":"","format":"standard","meta":{"footnotes":""},"categories":[10892,10894,10947,10896,10927],"tags":[10395,13190,10439],"class_list":["post-121153","post","type-post","status-publish","format-standard","has-post-thumbnail","category-camp-de-turia-ca","category-la-comarca-ca","category-politica","category-seccion-ca","category-vilamarxant-ca","tag-camp-de-turia","tag-plan-de-ordenacion-urbana","tag-vilamarxant"],"_links":{"self":[{"href":"https:\/\/tucomarca.whitekongsoftware.com\/ca\/wp-json\/wp\/v2\/posts\/121153","targetHints":{"allow":["GET"]}}],"collection":[{"href":"https:\/\/tucomarca.whitekongsoftware.com\/ca\/wp-json\/wp\/v2\/posts"}],"about":[{"href":"https:\/\/tucomarca.whitekongsoftware.com\/ca\/wp-json\/wp\/v2\/types\/post"}],"author":[{"embeddable":true,"href":"https:\/\/tucomarca.whitekongsoftware.com\/ca\/wp-json\/wp\/v2\/users\/12"}],"replies":[{"embeddable":true,"href":"https:\/\/tucomarca.whitekongsoftware.com\/ca\/wp-json\/wp\/v2\/comments?post=121153"}],"version-history":[{"count":0,"href":"https:\/\/tucomarca.whitekongsoftware.com\/ca\/wp-json\/wp\/v2\/posts\/121153\/revisions"}],"wp:featuredmedia":[{"embeddable":true,"href":"https:\/\/tucomarca.whitekongsoftware.com\/ca\/wp-json\/wp\/v2\/media\/121152"}],"wp:attachment":[{"href":"https:\/\/tucomarca.whitekongsoftware.com\/ca\/wp-json\/wp\/v2\/media?parent=121153"}],"wp:term":[{"taxonomy":"category","embeddable":true,"href":"https:\/\/tucomarca.whitekongsoftware.com\/ca\/wp-json\/wp\/v2\/categories?post=121153"},{"taxonomy":"post_tag","embeddable":true,"href":"https:\/\/tucomarca.whitekongsoftware.com\/ca\/wp-json\/wp\/v2\/tags?post=121153"}],"curies":[{"name":"wp","href":"https:\/\/api.w.org\/{rel}","templated":true}]}}