{"id":121072,"date":"2020-12-04T09:09:08","date_gmt":"2020-12-04T08:09:08","guid":{"rendered":"http:\/\/www.tucomarca.com\/wordpress\/segunda\/?p=121072"},"modified":"2020-12-04T23:41:24","modified_gmt":"2020-12-04T22:41:24","slug":"lajuntament-dalboraig-aprova-el-reglament-del-consell-local-de-salut","status":"publish","type":"post","link":"https:\/\/tucomarca.whitekongsoftware.com\/ca\/lajuntament-dalboraig-aprova-el-reglament-del-consell-local-de-salut\/","title":{"rendered":"L&#8217;Ajuntament d&#8217;Alboraig aprova el Reglament del Consell Local de Salut"},"content":{"rendered":"\n<h4 class=\"wp-block-heading\">El Reglament ha estat aprovat en el darrer Ple ordinari despr\u00e9s de la reuni\u00f3 amb el Consell Local de Salut.<br>L&#8217;Ajuntament ha impulsat aquesta iniciativa de participaci\u00f3 ciutadana amb l&#8217;objectiu de millorar la qualitat de vida del municipi.<\/h4>\n\n\n\n<p class=\"wp-block-paragraph\">El ple de l&#8217;Ajuntament d&#8217;Alboraig ha aprovat el Reglament de Consell Local de Salut, un \u00f2rgan de participaci\u00f3 ciutadana de car\u00e0cter consultiu que acaba de constituir-se en el municipi.<\/p>\n\n\n\n<p class=\"wp-block-paragraph\">En el Consell Local de Salut es debatr\u00e0 i treballar\u00e0 sobre projectes i activitats dirigides a millorar la qualitat de vida al poble. Amb aquesta iniciativa l&#8217;Ajuntament segueix la seva l\u00ednia de treball de promoci\u00f3 de la participaci\u00f3 ciutadana a Alboraig.<\/p>\n\n\n\n<p class=\"wp-block-paragraph\">L&#8217;alcaldessa, Paqui Collado, ha explicat que l&#8217;objectiu d&#8217;aquest Consell \u00e9s con\u00e8ixer les necessitats de la vila i tenir m\u00e9s for\u00e7a per negociar amb l&#8217;administraci\u00f3 auton\u00f2mica. Per contra, el Partit Popular ha votat en contra d&#8217;aquest Reglament, perqu\u00e8 no s&#8217;ha recollit la seva proposta d&#8217;incorporar especialistes. &#8220;No entenem per qu\u00e8 l&#8217;oposici\u00f3 ha votat en contra d&#8217;una iniciativa que pret\u00e9n millorar la qualitat de vida de ve\u00efns i ve\u00efnes, i per a la qual no cal que hi hagi especialistes&#8221;, declara l&#8217;alcaldessa.<\/p>\n\n\n\n<p class=\"wp-block-paragraph\">En el Ple tamb\u00e9 s&#8217;ha q\u00fcestionat el treball de personal de l&#8217;Ajuntament en la gesti\u00f3 de les subvencions. A l&#8217;alcaldessa li sorpr\u00e8n que es critiqui el treball amb el personal de l&#8217;Ajuntament &#8220;sense haver accedit a la documentaci\u00f3 formalment. Ens consta que cap membre de l&#8217;oposici\u00f3 ha consultat la documentaci\u00f3 disponible a l&#8217;Ajuntament, quan els representants p\u00fablics tenen la responsabilitat de con\u00e8ixer i treballar els temes sobre els quals es debat&#8221;.<\/p>\n\n\n\n<p class=\"wp-block-paragraph\">D&#8217;altra banda, l&#8217;equip de govern ha explicat al Ple les \u00faltimes decisions sobre contractaci\u00f3 de personal, un proc\u00e9s transparent i justificat per al qual s&#8217;ha realitzat una consulta jur\u00eddica que ho avala. Paqui Collado explica que &#8220;el proc\u00e9s selectiu ja ho ha fet LABORA. S&#8217;ha fet una consulta jur\u00eddica per mantenir a algunes persones que tenen un bon rendiment en els seus llocs, com ja ha passat amb altres contractacions fetes en el passat, per garantir el bon funcionament dels serveis&#8221;.<\/p>\n\n\n\n<p class=\"wp-block-paragraph\">Finalment, l&#8217;alcaldessa reitera l&#8217;explicaci\u00f3 sobre l&#8217;augment de la taxa d&#8217;escombraries, que es calcula en funci\u00f3 de l&#8217;pes dels residus no reciclats: &#8220;si es recicl\u00e9s m\u00e9s a Alborache, les fam\u00edlies pagarien menys. Els serveis de recollida separada d&#8217;envasos estan finan\u00e7ats per\u00f2 els residus dels contenidors de carrer no, perqu\u00e8 requereixen de m\u00e9s tractaments &#8220;.<\/p>\n","protected":false},"excerpt":{"rendered":"<div class=\"mh-excerpt\">El Reglament ha estat aprovat en el darrer Ple ordinari despr\u00e9s de la reuni\u00f3 amb el Consell Local de Salut.L&#8217;Ajuntament ha impulsat aquesta iniciativa de participaci\u00f3 ciutadana amb l&#8217;objectiu de millorar la qualitat de vida <a class=\"mh-excerpt-more\" href=\"https:\/\/tucomarca.whitekongsoftware.com\/ca\/lajuntament-dalboraig-aprova-el-reglament-del-consell-local-de-salut\/\" title=\"L&#8217;Ajuntament d&#8217;Alboraig aprova el Reglament del Consell Local de Salut\">[+] <\/a><\/div>\n","protected":false},"author":12,"featured_media":99589,"comment_status":"open","ping_status":"open","sticky":false,"template":"","format":"standard","meta":{"footnotes":""},"categories":[10973,11010,10948,10894,10912,10947,10896],"tags":[10386,12951,5952],"class_list":["post-121072","post","type-post","status-publish","format-standard","has-post-thumbnail","category-alborache-ca","category-canal-salud","category-infraestructuras-ca","category-la-comarca-ca","category-la-hoya-ca","category-politica","category-seccion-ca","tag-alborache","tag-consejo-local-de-salud-de-alborache","tag-la-hoya-de-bunol-chiva"],"_links":{"self":[{"href":"https:\/\/tucomarca.whitekongsoftware.com\/ca\/wp-json\/wp\/v2\/posts\/121072","targetHints":{"allow":["GET"]}}],"collection":[{"href":"https:\/\/tucomarca.whitekongsoftware.com\/ca\/wp-json\/wp\/v2\/posts"}],"about":[{"href":"https:\/\/tucomarca.whitekongsoftware.com\/ca\/wp-json\/wp\/v2\/types\/post"}],"author":[{"embeddable":true,"href":"https:\/\/tucomarca.whitekongsoftware.com\/ca\/wp-json\/wp\/v2\/users\/12"}],"replies":[{"embeddable":true,"href":"https:\/\/tucomarca.whitekongsoftware.com\/ca\/wp-json\/wp\/v2\/comments?post=121072"}],"version-history":[{"count":0,"href":"https:\/\/tucomarca.whitekongsoftware.com\/ca\/wp-json\/wp\/v2\/posts\/121072\/revisions"}],"wp:featuredmedia":[{"embeddable":true,"href":"https:\/\/tucomarca.whitekongsoftware.com\/ca\/wp-json\/wp\/v2\/media\/99589"}],"wp:attachment":[{"href":"https:\/\/tucomarca.whitekongsoftware.com\/ca\/wp-json\/wp\/v2\/media?parent=121072"}],"wp:term":[{"taxonomy":"category","embeddable":true,"href":"https:\/\/tucomarca.whitekongsoftware.com\/ca\/wp-json\/wp\/v2\/categories?post=121072"},{"taxonomy":"post_tag","embeddable":true,"href":"https:\/\/tucomarca.whitekongsoftware.com\/ca\/wp-json\/wp\/v2\/tags?post=121072"}],"curies":[{"name":"wp","href":"https:\/\/api.w.org\/{rel}","templated":true}]}}