{"id":121043,"date":"2020-12-04T08:55:42","date_gmt":"2020-12-04T07:55:42","guid":{"rendered":"http:\/\/www.tucomarca.com\/wordpress\/segunda\/?p=121043"},"modified":"2020-12-04T23:37:26","modified_gmt":"2020-12-04T22:37:26","slug":"un-desembre-ple-de-llibres-musica-i-art-per-a-tots-els-publics-a-bunyol","status":"publish","type":"post","link":"https:\/\/tucomarca.whitekongsoftware.com\/ca\/un-desembre-ple-de-llibres-musica-i-art-per-a-tots-els-publics-a-bunyol\/","title":{"rendered":"Un desembre ple de llibres, m\u00fasica i art per a tots els p\u00fablics a Bunyol"},"content":{"rendered":"\n<h4 class=\"wp-block-heading\">Una exposici\u00f3 de pessebres i figures per regalar per Nadal, feta per artistes fallers locals, contacontes i llibres, exposici\u00f3 a c\u00e0rrec dels alumnes de Pintura de l&#8217;EPA, teatre infantil i m\u00fasica resum un desembre ple de cultura a Bu\u00f1ol .<\/h4>\n\n\n\n<p class=\"wp-block-paragraph\">La regidoria de Cultura de l&#8217;Ajuntament de Bunyol informa dels actes que aquest mes centren l&#8217;atenci\u00f3 en la localitat i on tots poden assistir per gaudir de la cultura per a tots els gustos i edats.<\/p>\n\n\n\n<ul class=\"wp-block-gallery columns-2 is-cropped wp-block-gallery-1 is-layout-flex wp-block-gallery-is-layout-flex\"><li class=\"blocks-gallery-item\"><figure><img loading=\"lazy\" decoding=\"async\" width=\"787\" height=\"660\" src=\"http:\/\/www.tucomarca.com\/wordpress\/segunda\/wp-content\/uploads\/2020\/12\/01biblioteca.jpg\" alt=\"\" data-id=\"121030\" data-link=\"http:\/\/www.tucomarca.com\/wordpress\/segunda\/?attachment_id=121030\" class=\"wp-image-121030\" srcset=\"https:\/\/tucomarca.whitekongsoftware.com\/wp-content\/uploads\/2020\/12\/01biblioteca.jpg 787w, https:\/\/tucomarca.whitekongsoftware.com\/wp-content\/uploads\/2020\/12\/01biblioteca-300x252.jpg 300w, https:\/\/tucomarca.whitekongsoftware.com\/wp-content\/uploads\/2020\/12\/01biblioteca-768x644.jpg 768w\" sizes=\"auto, (max-width: 787px) 100vw, 787px\" \/><\/figure><\/li><li class=\"blocks-gallery-item\"><figure><img loading=\"lazy\" decoding=\"async\" width=\"787\" height=\"787\" src=\"http:\/\/www.tucomarca.com\/wordpress\/segunda\/wp-content\/uploads\/2020\/12\/02biblioteca.jpg\" alt=\"\" data-id=\"121032\" data-link=\"http:\/\/www.tucomarca.com\/wordpress\/segunda\/?attachment_id=121032\" class=\"wp-image-121032\" srcset=\"https:\/\/tucomarca.whitekongsoftware.com\/wp-content\/uploads\/2020\/12\/02biblioteca.jpg 787w, https:\/\/tucomarca.whitekongsoftware.com\/wp-content\/uploads\/2020\/12\/02biblioteca-290x290.jpg 290w, https:\/\/tucomarca.whitekongsoftware.com\/wp-content\/uploads\/2020\/12\/02biblioteca-300x300.jpg 300w, https:\/\/tucomarca.whitekongsoftware.com\/wp-content\/uploads\/2020\/12\/02biblioteca-768x768.jpg 768w\" sizes=\"auto, (max-width: 787px) 100vw, 787px\" \/><\/figure><\/li><li class=\"blocks-gallery-item\"><figure><img loading=\"lazy\" decoding=\"async\" width=\"787\" height=\"660\" src=\"http:\/\/www.tucomarca.com\/wordpress\/segunda\/wp-content\/uploads\/2020\/12\/04biblioteca.jpg\" alt=\"\" data-id=\"121036\" data-link=\"http:\/\/www.tucomarca.com\/wordpress\/segunda\/?attachment_id=121036\" class=\"wp-image-121036\" srcset=\"https:\/\/tucomarca.whitekongsoftware.com\/wp-content\/uploads\/2020\/12\/04biblioteca.jpg 787w, https:\/\/tucomarca.whitekongsoftware.com\/wp-content\/uploads\/2020\/12\/04biblioteca-300x252.jpg 300w, https:\/\/tucomarca.whitekongsoftware.com\/wp-content\/uploads\/2020\/12\/04biblioteca-768x644.jpg 768w\" sizes=\"auto, (max-width: 787px) 100vw, 787px\" \/><\/figure><\/li><li class=\"blocks-gallery-item\"><figure><img loading=\"lazy\" decoding=\"async\" width=\"787\" height=\"660\" src=\"http:\/\/www.tucomarca.com\/wordpress\/segunda\/wp-content\/uploads\/2020\/12\/05biblioteca.jpg\" alt=\"\" data-id=\"121038\" data-link=\"http:\/\/www.tucomarca.com\/wordpress\/segunda\/?attachment_id=121038\" class=\"wp-image-121038\" srcset=\"https:\/\/tucomarca.whitekongsoftware.com\/wp-content\/uploads\/2020\/12\/05biblioteca.jpg 787w, https:\/\/tucomarca.whitekongsoftware.com\/wp-content\/uploads\/2020\/12\/05biblioteca-300x252.jpg 300w, https:\/\/tucomarca.whitekongsoftware.com\/wp-content\/uploads\/2020\/12\/05biblioteca-768x644.jpg 768w\" sizes=\"auto, (max-width: 787px) 100vw, 787px\" \/><\/figure><\/li><\/ul>\n\n\n\n<p class=\"wp-block-paragraph\">Hui divendres 4 de desembre a la Sala Raga de l&#8217;Molino Gal\u00e1n es dur\u00e0 a terme un contacontes de l&#8217;\u00faltima novel\u00b7la infantil de Teresa Lisarde, &#8220;Ensue\u00f1o&#8221; a les 18h. Despr\u00e9s d&#8217;aquest contacontes, a les 19h l&#8217;autora far\u00e0 una presentaci\u00f3 formal d&#8217;aquest llibre i per aix\u00f2 tots estan convidats. A aquesta mateixa hora, a les 19h, per\u00f2 en el Museu de la Tomatina de el Mol\u00ed Gal\u00e1n, est\u00e0 previst un Club de Lectura de &#8220;El disputado vot del Sr. Cayo&#8221; de Miguel Delibes.<\/p>\n\n\n\n<p class=\"wp-block-paragraph\">Tamb\u00e9, des del passat dilluns 1 de desembre i fins al dia 31, tots els usuaris de la Biblioteca Municipal poden contemplar una bell\u00edssima exposici\u00f3, instal\u00b7lada al hall d&#8217;aquest edifici, a c\u00e0rrec dels artistes fallers locals Emilio Tamarit i Salvador Espert, sobre pessebres i figures nadalenques, fetes per ells mateixos. Recullen qualsevol tipus de petici\u00f3 de pessebre personalitzat fins al 20 de desembre.<\/p>\n\n\n\n<p class=\"wp-block-paragraph\">En una altra ubicaci\u00f3, a la Sala El Oscurico de el Castell de Bunyol, des d&#8217;avui i fins al 27 de desembre estar\u00e0 oberta l&#8217;exposici\u00f3 a c\u00e0rrec dels alumnes de Pintura de l&#8217;EPA, el professor \u00e9s Alexis D\u00edaz. Es pot visitar els caps de setmana en horari de 10 a 14h.<\/p>\n\n\n\n<p class=\"wp-block-paragraph\">Juan Luis Pall\u00e1s, regidor de Cultura bunyolense, segueix recordant a la poblaci\u00f3 que totes les activitats culturals programades s\u00f3n segures, i que es prega acudir a la biblioteca per comunicar que vols anar i aix\u00ed tenir un registre de tots, ja que els aforaments s\u00f3n limitats. &#8220;La resta del mes ens espera molta m\u00fasica, per a tots els gustos, teatre per a petits, m\u00e9s exposicions i presentacions de llibre, entre les quals destaca la presentaci\u00f3 de l&#8217;\u00faltima novel\u00b7la d&#8217;un dels nostres bunyolenses il\u00b7lustres, M\u00e0xim Huerta, que ser\u00e0 el 18 de desembre al Palau de la m\u00fasica, acompanyat de bona m\u00fasica a c\u00e0rrec de la Brass Band de Conservatori&#8221;, destaca Pall\u00e1s.<\/p>\n\n\n\n<figure class=\"wp-block-image\"><img loading=\"lazy\" decoding=\"async\" width=\"676\" height=\"984\" src=\"http:\/\/www.tucomarca.com\/wordpress\/segunda\/wp-content\/uploads\/2020\/12\/actuadiciembre.jpg\" alt=\"\" class=\"wp-image-121040\" srcset=\"https:\/\/tucomarca.whitekongsoftware.com\/wp-content\/uploads\/2020\/12\/actuadiciembre.jpg 676w, https:\/\/tucomarca.whitekongsoftware.com\/wp-content\/uploads\/2020\/12\/actuadiciembre-206x300.jpg 206w\" sizes=\"auto, (max-width: 676px) 100vw, 676px\" \/><\/figure>\n","protected":false},"excerpt":{"rendered":"<div class=\"mh-excerpt\">Una exposici\u00f3 de pessebres i figures per regalar per Nadal, feta per artistes fallers locals, contacontes i llibres, exposici\u00f3 a c\u00e0rrec dels alumnes de Pintura de l&#8217;EPA, teatre infantil i m\u00fasica resum un desembre ple <a class=\"mh-excerpt-more\" href=\"https:\/\/tucomarca.whitekongsoftware.com\/ca\/un-desembre-ple-de-llibres-musica-i-art-per-a-tots-els-publics-a-bunyol\/\" title=\"Un desembre ple de llibres, m\u00fasica i art per a tots els p\u00fablics a Bunyol\">[+] <\/a><\/div>\n","protected":false},"author":12,"featured_media":121041,"comment_status":"open","ping_status":"open","sticky":false,"template":"","format":"standard","meta":{"footnotes":""},"categories":[11019,10911,10894,10912,10896],"tags":[10385,5952],"class_list":["post-121043","post","type-post","status-publish","format-standard","has-post-thumbnail","category-agenda-ca","category-bunol-ca","category-la-comarca-ca","category-la-hoya-ca","category-seccion-ca","tag-bunol","tag-la-hoya-de-bunol-chiva"],"_links":{"self":[{"href":"https:\/\/tucomarca.whitekongsoftware.com\/ca\/wp-json\/wp\/v2\/posts\/121043","targetHints":{"allow":["GET"]}}],"collection":[{"href":"https:\/\/tucomarca.whitekongsoftware.com\/ca\/wp-json\/wp\/v2\/posts"}],"about":[{"href":"https:\/\/tucomarca.whitekongsoftware.com\/ca\/wp-json\/wp\/v2\/types\/post"}],"author":[{"embeddable":true,"href":"https:\/\/tucomarca.whitekongsoftware.com\/ca\/wp-json\/wp\/v2\/users\/12"}],"replies":[{"embeddable":true,"href":"https:\/\/tucomarca.whitekongsoftware.com\/ca\/wp-json\/wp\/v2\/comments?post=121043"}],"version-history":[{"count":0,"href":"https:\/\/tucomarca.whitekongsoftware.com\/ca\/wp-json\/wp\/v2\/posts\/121043\/revisions"}],"wp:featuredmedia":[{"embeddable":true,"href":"https:\/\/tucomarca.whitekongsoftware.com\/ca\/wp-json\/wp\/v2\/media\/121041"}],"wp:attachment":[{"href":"https:\/\/tucomarca.whitekongsoftware.com\/ca\/wp-json\/wp\/v2\/media?parent=121043"}],"wp:term":[{"taxonomy":"category","embeddable":true,"href":"https:\/\/tucomarca.whitekongsoftware.com\/ca\/wp-json\/wp\/v2\/categories?post=121043"},{"taxonomy":"post_tag","embeddable":true,"href":"https:\/\/tucomarca.whitekongsoftware.com\/ca\/wp-json\/wp\/v2\/tags?post=121043"}],"curies":[{"name":"wp","href":"https:\/\/api.w.org\/{rel}","templated":true}]}}