{"id":120958,"date":"2020-12-03T12:00:23","date_gmt":"2020-12-03T11:00:23","guid":{"rendered":"http:\/\/www.tucomarca.com\/wordpress\/segunda\/?p=120958"},"modified":"2020-12-04T01:24:02","modified_gmt":"2020-12-04T00:24:02","slug":"els-vins-adnos-i-aula-del-grup-covinas-entre-els-millors-dutiel-requena-segons-la-guia-penin","status":"publish","type":"post","link":"https:\/\/tucomarca.whitekongsoftware.com\/ca\/els-vins-adnos-i-aula-del-grup-covinas-entre-els-millors-dutiel-requena-segons-la-guia-penin\/","title":{"rendered":"Els vins Adnos i Aula, del grup Covi\u00f1as, entre els millors d&#8217;Utiel-Requena, segons la Guia Pe\u00f1\u00edn"},"content":{"rendered":"\n<p class=\"wp-block-paragraph\">Enguany en Covi\u00f1as, poden presumir de tindre grans puntuacions en la Guia Pe\u00f1in en dos dels seus vins negres. D&#8217;una banda, Adnos, un monovarietal de Bobal ha obtingut 91 punts en la prestigiosa guia. El comit\u00e9 de tast ha definit aix\u00ed l&#8217;any 2014 d&#8217;este vi de qu\u00e8 tan sols s&#8217;han elaborat 11.879 botelles: &#8220;Color cirera aromes a esp\u00e8cies dolces, herbes de muntanya, amb car\u00e0cter, equilibrat, cera, fina reducci\u00f3. En boca \u00e9s sabor\u00f3s, amb bona acidez&#8221;.<\/p>\n\n\n\n<p class=\"wp-block-paragraph\">Adnos, elaborat a partir de vinyes velles dels paratges d&#8217;El Matoll i El Rubial, a una altitud d&#8217;uns 800 metres, envellix en b\u00f3tes de roure franc\u00e9s dels boscos d&#8217;Allier durant 24 mesos aix\u00ed com passa per roure americ\u00e0 de Miossouri, ambd\u00f3s de gra fi. Els 91 punts Pe\u00f1\u00edn s&#8217;unixen aix\u00ed a altres reconeixements obtinguts per Adnos, que ja va ser reconegut amb diferents medalles d&#8217;or en concursos de la talla de Challenge International Du Vin, Ferevin (millor vi reserva) o Berliner Wein Trophy.<\/p>\n\n\n\n<p class=\"wp-block-paragraph\">Una altra alta puntuaci\u00f3 l&#8217;ha rebut tamb\u00e9 l&#8217;Aula Syrah en el seu any 2016. Els experts de Pe\u00f1\u00edn ho han reconegut amb 90 punts i cinc estreles a la relaci\u00f3 qualitat preu, i ho definixen aix\u00ed: &#8220;Color cirera intens , aromes a fruita madura, fumats i torrats. En boca predomina eixa fruita madura acompanyada d&#8217;especiados, amb un tan\u00ed maduro&#8221;<\/p>\n\n\n\n<p class=\"wp-block-paragraph\">L&#8217;elaboraci\u00f3 d&#8217;Aula part de les millors vinyes de Syrah de Covi\u00f1as. Fermentat en acer inoxidable a 24\u00e9 es realitzen remuntats diaris per a aconseguir una major extracci\u00f3. Pas per b\u00f3tes de roure durant 10 mesos i perfeccionament en botella fins al seu afinament.<\/p>\n\n\n\n<p class=\"wp-block-paragraph\">Aula Syrah suma esta puntuaci\u00f3 a altres reconeixements obtinguts recentment com els ors aconseguits en Mundis Vini o Berliner Wein Trophy.<\/p>\n\n\n\n<p class=\"wp-block-paragraph\">Els vins de Covi\u00f1as seguixen d&#8217;esta manera rebent reconeixements a nivell nacional i internacional.<\/p>\n","protected":false},"excerpt":{"rendered":"<div class=\"mh-excerpt\">Enguany en Covi\u00f1as, poden presumir de tindre grans puntuacions en la Guia Pe\u00f1in en dos dels seus vins negres. D&#8217;una banda, Adnos, un monovarietal de Bobal ha obtingut 91 punts en la prestigiosa guia. El <a class=\"mh-excerpt-more\" href=\"https:\/\/tucomarca.whitekongsoftware.com\/ca\/els-vins-adnos-i-aula-del-grup-covinas-entre-els-millors-dutiel-requena-segons-la-guia-penin\/\" title=\"Els vins Adnos i Aula, del grup Covi\u00f1as, entre els millors d&#8217;Utiel-Requena, segons la Guia Pe\u00f1\u00edn\">[+] <\/a><\/div>\n","protected":false},"author":12,"featured_media":120957,"comment_status":"open","ping_status":"open","sticky":false,"template":"","format":"standard","meta":{"footnotes":""},"categories":[10905,11006,10894,10909,10896],"tags":[3895,11667,1989],"class_list":["post-120958","post","type-post","status-publish","format-standard","has-post-thumbnail","category-agricultura-la-comarca-ca","category-canal-vinos","category-la-comarca-ca","category-requena-utiel-ca","category-seccion-ca","tag-covinas","tag-d-o-utiel-requena","tag-guia-penin"],"_links":{"self":[{"href":"https:\/\/tucomarca.whitekongsoftware.com\/ca\/wp-json\/wp\/v2\/posts\/120958","targetHints":{"allow":["GET"]}}],"collection":[{"href":"https:\/\/tucomarca.whitekongsoftware.com\/ca\/wp-json\/wp\/v2\/posts"}],"about":[{"href":"https:\/\/tucomarca.whitekongsoftware.com\/ca\/wp-json\/wp\/v2\/types\/post"}],"author":[{"embeddable":true,"href":"https:\/\/tucomarca.whitekongsoftware.com\/ca\/wp-json\/wp\/v2\/users\/12"}],"replies":[{"embeddable":true,"href":"https:\/\/tucomarca.whitekongsoftware.com\/ca\/wp-json\/wp\/v2\/comments?post=120958"}],"version-history":[{"count":0,"href":"https:\/\/tucomarca.whitekongsoftware.com\/ca\/wp-json\/wp\/v2\/posts\/120958\/revisions"}],"wp:featuredmedia":[{"embeddable":true,"href":"https:\/\/tucomarca.whitekongsoftware.com\/ca\/wp-json\/wp\/v2\/media\/120957"}],"wp:attachment":[{"href":"https:\/\/tucomarca.whitekongsoftware.com\/ca\/wp-json\/wp\/v2\/media?parent=120958"}],"wp:term":[{"taxonomy":"category","embeddable":true,"href":"https:\/\/tucomarca.whitekongsoftware.com\/ca\/wp-json\/wp\/v2\/categories?post=120958"},{"taxonomy":"post_tag","embeddable":true,"href":"https:\/\/tucomarca.whitekongsoftware.com\/ca\/wp-json\/wp\/v2\/tags?post=120958"}],"curies":[{"name":"wp","href":"https:\/\/api.w.org\/{rel}","templated":true}]}}