{"id":120922,"date":"2020-12-02T23:05:11","date_gmt":"2020-12-02T22:05:11","guid":{"rendered":"http:\/\/www.tucomarca.com\/wordpress\/segunda\/?p=120922"},"modified":"2020-12-03T10:38:06","modified_gmt":"2020-12-03T09:38:06","slug":"els-directors-dadministracio-local-i-presidencia-visiten-el-patrimoni-rehabilitat-amb-fons-feder-a-utiel","status":"publish","type":"post","link":"https:\/\/tucomarca.whitekongsoftware.com\/ca\/els-directors-dadministracio-local-i-presidencia-visiten-el-patrimoni-rehabilitat-amb-fons-feder-a-utiel\/","title":{"rendered":"Els directors d&#8217;Administraci\u00f3 Local i Presid\u00e8ncia visiten el patrimoni rehabilitat amb fons FEDER a Utiel"},"content":{"rendered":"\n<p class=\"wp-block-paragraph\">El director general d&#8217;Administraci\u00f3 Local, Antoni Such i el director territorial de Presid\u00e8ncia de la Generalitat Valenciana, Francisco Molina, han visitat aquest mat\u00ed Utiel per con\u00e8ixer de primera m\u00e0 la rehabilitaci\u00f3 de recursos patrimonials i tur\u00edstics del municipi executats amb Fons FEDER.<br> A trav\u00e9s d&#8217;aquest programa europeu s&#8217;ha invertit un total de 326.328,02 \u20ac, per a actuacions de recuperaci\u00f3 dels cellers subterr\u00e0nies ubicades a Porta de Sol i Ajuntament, de el refugi de la Guerra Civil, aix\u00ed com l&#8217;ampliaci\u00f3 d&#8217;espais al Museu Municipal &#8211; Casa Alamanz\u00f3n.<\/p>\n\n\n\n<p class=\"wp-block-paragraph\">&#8220;Aquest tipus d&#8217;inversions s\u00f3n fonamentals per a municipis d&#8217;interior perqu\u00e8 suposen la culminaci\u00f3 d&#8217;all\u00f2 que la Comissi\u00f3 Europea pret\u00e9n, la posada en valor de el patrimoni perqu\u00e8 tingui repercussions econ\u00f2miques positives al municipi, com \u00e9s el cas dels 2 projectes executats a Utiel , que suposen la creaci\u00f3 de valor afegit per atreure visitants i generar ocupaci\u00f3 i riquesa &#8220;ha apuntat el director general d&#8217;Administraci\u00f3 Local, Antoni Such.<br> L&#8217;alcalde d&#8217;Utiel, Fernando Benlliure, i regidors de l&#8217;consistori utielano, han acompanyat els representants de l&#8217;administraci\u00f3 auton\u00f2mica durant el recorregut pels espais historicoculturals recuperats al municipi a trav\u00e9s dels Fons Europeus de Desenvolupament Regional (FEDER) de la Comunitat Valenciana que gestiona la Generalitat Valenciana.<\/p>\n\n\n\n<p class=\"wp-block-paragraph\">&#8220;Es tracta d&#8217;actuacions de gran calat des del punt de vista hist\u00f2ric, cultural i tur\u00edstic. Hem recuperat part de la hist\u00f2ria d&#8217;Utiel, de les nostres senyes d&#8217;identitat ia m\u00e9s ambdues administracions unim esfor\u00e7os perqu\u00e8 zones d&#8217;interior com la nostra siguin un al\u00b7licient per als joves i vegin en els nostres municipis una oportunitat i projecte de vida &#8220;explica Fernando Benlliure, alcalde d&#8217;Utiel.<\/p>\n\n\n\n<p class=\"wp-block-paragraph\"><strong>Recuperaci\u00f3 de el patrimoni historicocultural utielano<\/strong><\/p>\n\n\n\n<p class=\"wp-block-paragraph\">El director general d&#8217;Administraci\u00f3 Local, Antoni Such i el director territorial de Presid\u00e8ncia de la Generalitat Valenciana, Francisco Molina, han conegut la riquesa patrimonial de l&#8217;subs\u00f2l d&#8217;Utiel recorrent les recentment rehabilitades cellers subterr\u00e0nies de la Porta de el Sol, mostra de la tradici\u00f3 vitivin\u00edcola i Tinajera del municipi, aix\u00ed com el refugi antiaeri de la Guerra Civil, entramat de galeries i passadissos utilitzats com a enclavaments estrat\u00e8gics durant aquest per\u00edode b\u00e8l\u00b7lic.<\/p>\n\n\n\n<p class=\"wp-block-paragraph\">La recuperaci\u00f3 i rehabilitaci\u00f3 dels cellers subterr\u00e0nies de Porta de Sol (accessos C \/ Sant Sebasti\u00e0 ic \/ Cavera); de el refugi de la Guerra Civil (C \/ Beat G\u00e1lvez) i l&#8217;acc\u00e9s \/ connexi\u00f3 al celler de l&#8217;Ajuntament han comptat amb una aportaci\u00f3 de 107.725,02 euros d&#8217;el Programa Operatiu FEDER de la Comunitat Valenciana.<\/p>\n\n\n\n<p class=\"wp-block-paragraph\">Such i Molina tamb\u00e9 han visitat el Museu Municipal d&#8217;Utiel ubicat a la pairal Casa Alamanz\u00f3n on s&#8217;ha dut a terme la rehabilitaci\u00f3 de l&#8217;pati \/ jard\u00ed en el qual s&#8217;ha constru\u00eft un ampli escenari i de l&#8217;edifici annex que acollir\u00e0 l&#8217;arxiu municipal, aix\u00ed com una sala d&#8217;exposicions temporal. La intervenci\u00f3 en aquest emblem\u00e0tic edifici ha comptat amb una inversi\u00f3 de 218.603,00 euros.<\/p>\n\n\n\n<p class=\"wp-block-paragraph\">Seguint la l\u00ednia d&#8217;intervencions patrimonials, l&#8217;Ajuntament d&#8217;Utiel est\u00e0 treballant en la recuperaci\u00f3 parcial d&#8217;un tram de l&#8217;antiga muralla del municipi que va desapar\u00e8ixer pel desenvolupament de l&#8217;entramat urb\u00e0 i que ara s&#8217;est\u00e0 traient a la llum, tamb\u00e9 amb el suport de la Generalitat Valenciana.<\/p>\n\n\n\n<p class=\"wp-block-paragraph\">Antoni Such avan\u00e7ava aquest mat\u00ed que &#8220;la intenci\u00f3 de la Presid\u00e8ncia de la Generalitat \u00e9s treure al segon semestre del 2021 la segona convocat\u00f2ria d&#8217;aquests fons regionals europeus 2021-2027 perqu\u00e8 conjuntament Ajuntaments i Generalitat, puguem avan\u00e7ar en la recuperaci\u00f3 de patrimoni&#8221;<\/p>\n","protected":false},"excerpt":{"rendered":"<div class=\"mh-excerpt\">El director general d&#8217;Administraci\u00f3 Local, Antoni Such i el director territorial de Presid\u00e8ncia de la Generalitat Valenciana, Francisco Molina, han visitat aquest mat\u00ed Utiel per con\u00e8ixer de primera m\u00e0 la rehabilitaci\u00f3 de recursos patrimonials i <a class=\"mh-excerpt-more\" href=\"https:\/\/tucomarca.whitekongsoftware.com\/ca\/els-directors-dadministracio-local-i-presidencia-visiten-el-patrimoni-rehabilitat-amb-fons-feder-a-utiel\/\" title=\"Els directors d&#8217;Administraci\u00f3 Local i Presid\u00e8ncia visiten el patrimoni rehabilitat amb fons FEDER a Utiel\">[+] <\/a><\/div>\n","protected":false},"author":12,"featured_media":120921,"comment_status":"open","ping_status":"open","sticky":false,"template":"","format":"standard","meta":{"footnotes":""},"categories":[10948,10894,10947,10909,10896,11059],"tags":[10857,10716,10389,1987],"class_list":["post-120922","post","type-post","status-publish","format-standard","has-post-thumbnail","category-infraestructuras-ca","category-la-comarca-ca","category-politica","category-requena-utiel-ca","category-seccion-ca","category-utiel-ca","tag-feder","tag-generalitat-valenciana","tag-utiel","tag-utiel-requena"],"_links":{"self":[{"href":"https:\/\/tucomarca.whitekongsoftware.com\/ca\/wp-json\/wp\/v2\/posts\/120922","targetHints":{"allow":["GET"]}}],"collection":[{"href":"https:\/\/tucomarca.whitekongsoftware.com\/ca\/wp-json\/wp\/v2\/posts"}],"about":[{"href":"https:\/\/tucomarca.whitekongsoftware.com\/ca\/wp-json\/wp\/v2\/types\/post"}],"author":[{"embeddable":true,"href":"https:\/\/tucomarca.whitekongsoftware.com\/ca\/wp-json\/wp\/v2\/users\/12"}],"replies":[{"embeddable":true,"href":"https:\/\/tucomarca.whitekongsoftware.com\/ca\/wp-json\/wp\/v2\/comments?post=120922"}],"version-history":[{"count":0,"href":"https:\/\/tucomarca.whitekongsoftware.com\/ca\/wp-json\/wp\/v2\/posts\/120922\/revisions"}],"wp:featuredmedia":[{"embeddable":true,"href":"https:\/\/tucomarca.whitekongsoftware.com\/ca\/wp-json\/wp\/v2\/media\/120921"}],"wp:attachment":[{"href":"https:\/\/tucomarca.whitekongsoftware.com\/ca\/wp-json\/wp\/v2\/media?parent=120922"}],"wp:term":[{"taxonomy":"category","embeddable":true,"href":"https:\/\/tucomarca.whitekongsoftware.com\/ca\/wp-json\/wp\/v2\/categories?post=120922"},{"taxonomy":"post_tag","embeddable":true,"href":"https:\/\/tucomarca.whitekongsoftware.com\/ca\/wp-json\/wp\/v2\/tags?post=120922"}],"curies":[{"name":"wp","href":"https:\/\/api.w.org\/{rel}","templated":true}]}}