{"id":120860,"date":"2020-12-02T10:00:11","date_gmt":"2020-12-02T09:00:11","guid":{"rendered":"http:\/\/www.tucomarca.com\/wordpress\/segunda\/?p=120860"},"modified":"2020-12-02T18:53:52","modified_gmt":"2020-12-02T17:53:52","slug":"lexposicio-itinerant-exili-illustrat-de-livaj-estara-al-desembre-a-beniganim-villores-requena-i-sueca","status":"publish","type":"post","link":"https:\/\/tucomarca.whitekongsoftware.com\/ca\/lexposicio-itinerant-exili-illustrat-de-livaj-estara-al-desembre-a-beniganim-villores-requena-i-sueca\/","title":{"rendered":"L&#8217;exposici\u00f3 itinerant &#8216;Exili Il\u00b7lustrat&#8217; de l&#8217;IVAJ estar\u00e0 al desembre a Benig\u00e0nim, Villores, Requena i Sueca"},"content":{"rendered":"\n<h4 class=\"wp-block-heading\">Consta de 36 il\u00b7lustracions de 36 personatges que van marxar a l&#8217;exili i sobre la problem\u00e0tica actual de les persones refugiades<br>Centres juvenils, educatius i entitats locals poden sol\u00b7licitar-la a trav\u00e9s del web mimporta.info<\/h4>\n\n\n\n<p class=\"wp-block-paragraph\">L&#8217;Institut Valenci\u00e0 de la Joventut (IVAJ), mitjan\u00e7ant el programa &#8216;M&#8217;importa. Educaci\u00f3 en Valors&#8217;, porta al desembre l&#8217;exposici\u00f3 itinerant&#8217; Exili Il\u00b7lustrat &#8216;als municipis de Benig\u00e0nim, Villores, Requena, i Sueca.<\/p>\n\n\n\n<p class=\"wp-block-paragraph\">L&#8217;exposici\u00f3 visita els instituts d&#8217;educaci\u00f3 secund\u00e0ria (IES) Oleana i el n\u00famero 1 de Requena, al Casal Jove de Sueca, l&#8217;Espai Jove de Benig\u00e0nim i l&#8217;Espai Social de Villores.<\/p>\n\n\n\n<p class=\"wp-block-paragraph\">La iniciativa &#8216;Exili Il\u00b7lustrat&#8217;se vincula amb la mem\u00f2ria democr\u00e0tica i, a el mateix temps, convida a una reflexi\u00f3 sobre les persones refugiades a l&#8217;actualitat, que fugen de les guerres, la intoler\u00e0ncia, les cat\u00e0strofes o de la fam.<\/p>\n\n\n\n<p class=\"wp-block-paragraph\">L&#8217;exposici\u00f3 \u00e9s una galeria de 36 vides dibuixades per 36 il\u00b7lustradors i il\u00b7lustradores dels m\u00e9s variats estils, que representen a personatges que van marxar a l&#8217;exili, entre les quals es troben Luis Bu\u00f1uel, Juan Negr\u00edn, Manuel Aza\u00f1a, Clara Campoamor, Antonio Machado o Rafael Alberti, entre d&#8217;altres.<\/p>\n\n\n\n<p class=\"wp-block-paragraph\"><strong>Calendari expositiu<\/strong><\/p>\n\n\n\n<p class=\"wp-block-paragraph\">El calendari expositiu s&#8217;inicia a l&#8217;Espai Jove de Benig\u00e0nim de l&#8217;1 a l&#8217;14 de desembre, li segueix l&#8217;Espai Social de Villores de el 2 a el 7 de desembre. De el 9 a l&#8217;14 de desembre, &#8216;Exili il\u00b7lustrat&#8217; arriba a l&#8217;IES Oleana de Requena, de l&#8217;16 a l&#8217;21 de desembre a Casal Jove de Sueca i tanca a l&#8217;IES n\u00fam 1 de Requena de l&#8217;16 a l&#8217;21 de desembre.<\/p>\n\n\n\n<p class=\"wp-block-paragraph\">&#8216;Exili I \u00b7 lustrat&#8217; va n\u00e9ixer de la col\u00b7laboraci\u00f3 de al Centre Cultural La Nau, comissariada per MacDiego, com un homenatge als m\u00e9s de 500.000 homes i dones, la majoria vides an\u00f2nimes, que es van veure obligades a abandonar el territori espanyol a l&#8217;acabar la Guerra Civil.<\/p>\n\n\n\n<p class=\"wp-block-paragraph\">A m\u00e9s, a trav\u00e9s de la s\u00e8rie &#8216;M&#8217;importa d&#8217;Educaci\u00f3 en Valors&#8217;, s&#8217;acompanya amb una guia did\u00e0ctica explicativa de les biografies i de sensibilitzaci\u00f3 sobre les persones refugiades a l&#8217;actualitat.<\/p>\n\n\n\n<p class=\"wp-block-paragraph\">Ajuntaments, entitats socials, centres educatius i centres juvenils interessats en apropar tant aquesta exposici\u00f3 com la de &#8216;Noemtoqueselwhatsapp&#8217; poden sol\u00b7licitar-telem\u00e0ticament a trav\u00e9s de la<\/p>\n\n\n\n<p class=\"wp-block-paragraph\">Mes informaci\u00f3:&nbsp;<a rel=\"noreferrer noopener\" href=\"https:\/\/mimporta.info\/col-leccio-de-materials-didactics\/exili-il-lustrat\/\" target=\"_blank\">consultar aqu\u00ed<\/a><\/p>\n","protected":false},"excerpt":{"rendered":"<div class=\"mh-excerpt\">Consta de 36 il\u00b7lustracions de 36 personatges que van marxar a l&#8217;exili i sobre la problem\u00e0tica actual de les persones refugiadesCentres juvenils, educatius i entitats locals poden sol\u00b7licitar-la a trav\u00e9s del web mimporta.info L&#8217;Institut Valenci\u00e0 <a class=\"mh-excerpt-more\" href=\"https:\/\/tucomarca.whitekongsoftware.com\/ca\/lexposicio-itinerant-exili-illustrat-de-livaj-estara-al-desembre-a-beniganim-villores-requena-i-sueca\/\" title=\"L&#8217;exposici\u00f3 itinerant &#8216;Exili Il\u00b7lustrat&#8217; de l&#8217;IVAJ estar\u00e0 al desembre a Benig\u00e0nim, Villores, Requena i Sueca\">[+] <\/a><\/div>\n","protected":false},"author":12,"featured_media":111216,"comment_status":"open","ping_status":"open","sticky":false,"template":"","format":"standard","meta":{"footnotes":""},"categories":[11019,10894,11063,10908,10909,10896],"tags":[507,10388,1987],"class_list":["post-120860","post","type-post","status-publish","format-standard","has-post-thumbnail","category-agenda-ca","category-la-comarca-ca","category-pintura-ca","category-requena-ca","category-requena-utiel-ca","category-seccion-ca","tag-ivaj","tag-requena","tag-utiel-requena"],"_links":{"self":[{"href":"https:\/\/tucomarca.whitekongsoftware.com\/ca\/wp-json\/wp\/v2\/posts\/120860","targetHints":{"allow":["GET"]}}],"collection":[{"href":"https:\/\/tucomarca.whitekongsoftware.com\/ca\/wp-json\/wp\/v2\/posts"}],"about":[{"href":"https:\/\/tucomarca.whitekongsoftware.com\/ca\/wp-json\/wp\/v2\/types\/post"}],"author":[{"embeddable":true,"href":"https:\/\/tucomarca.whitekongsoftware.com\/ca\/wp-json\/wp\/v2\/users\/12"}],"replies":[{"embeddable":true,"href":"https:\/\/tucomarca.whitekongsoftware.com\/ca\/wp-json\/wp\/v2\/comments?post=120860"}],"version-history":[{"count":0,"href":"https:\/\/tucomarca.whitekongsoftware.com\/ca\/wp-json\/wp\/v2\/posts\/120860\/revisions"}],"wp:featuredmedia":[{"embeddable":true,"href":"https:\/\/tucomarca.whitekongsoftware.com\/ca\/wp-json\/wp\/v2\/media\/111216"}],"wp:attachment":[{"href":"https:\/\/tucomarca.whitekongsoftware.com\/ca\/wp-json\/wp\/v2\/media?parent=120860"}],"wp:term":[{"taxonomy":"category","embeddable":true,"href":"https:\/\/tucomarca.whitekongsoftware.com\/ca\/wp-json\/wp\/v2\/categories?post=120860"},{"taxonomy":"post_tag","embeddable":true,"href":"https:\/\/tucomarca.whitekongsoftware.com\/ca\/wp-json\/wp\/v2\/tags?post=120860"}],"curies":[{"name":"wp","href":"https:\/\/api.w.org\/{rel}","templated":true}]}}