{"id":120854,"date":"2020-12-01T08:55:28","date_gmt":"2020-12-01T07:55:28","guid":{"rendered":"http:\/\/www.tucomarca.com\/wordpress\/segunda\/?p=120854"},"modified":"2020-12-02T10:42:50","modified_gmt":"2020-12-02T09:42:50","slug":"la-guardia-civil-dete-el-regidor-del-psoe-de-xiva-per-un-presumpte-cas-de-violencia-masclista","status":"publish","type":"post","link":"https:\/\/tucomarca.whitekongsoftware.com\/ca\/la-guardia-civil-dete-el-regidor-del-psoe-de-xiva-per-un-presumpte-cas-de-violencia-masclista\/","title":{"rendered":"La gu\u00e0rdia civil det\u00e9 el regidor del PSOE de Xiva per un presumpte cas de viol\u00e8ncia masclista"},"content":{"rendered":"\n<p class=\"wp-block-paragraph\">Segons ha transcendit aquest dilluns, agents de la Gu\u00e0rdia Civil de Xiva han detingut el regidor de PSPV-PSOE de Chiva, Norberto M\u00e1\u00f1ez, per presumpta viol\u00e8ncia masclista cap a la seua dona.<\/p>\n\n\n\n<p class=\"wp-block-paragraph\">Els detalls o fets pels quals l&#8217;edil ha estat detingut, aix\u00ed com les circumst\u00e0ncies de la detenci\u00f3, que s&#8217;ha produ\u00eft recentment, encara no han transcendit.<\/p>\n","protected":false},"excerpt":{"rendered":"<div class=\"mh-excerpt\">Segons ha transcendit aquest dilluns, agents de la Gu\u00e0rdia Civil de Xiva han detingut el regidor de PSPV-PSOE de Chiva, Norberto M\u00e1\u00f1ez, per presumpta viol\u00e8ncia masclista cap a la seua dona. Els detalls o fets <a class=\"mh-excerpt-more\" href=\"https:\/\/tucomarca.whitekongsoftware.com\/ca\/la-guardia-civil-dete-el-regidor-del-psoe-de-xiva-per-un-presumpte-cas-de-violencia-masclista\/\" title=\"La gu\u00e0rdia civil det\u00e9 el regidor del PSOE de Xiva per un presumpte cas de viol\u00e8ncia masclista\">[+] <\/a><\/div>\n","protected":false},"author":1,"featured_media":115119,"comment_status":"open","ping_status":"open","sticky":false,"template":"","format":"standard","meta":{"footnotes":""},"categories":[10894,10912,10947,10896,10897,10975],"tags":[10914,5952,2392,13157,9050,13109],"class_list":["post-120854","post","type-post","status-publish","format-standard","has-post-thumbnail","category-la-comarca-ca","category-la-hoya-ca","category-politica","category-seccion-ca","category-sucesos-la-comarca-ca","category-chiva-ca","tag-la-hoya-de-bunol-chiva-ca","tag-la-hoya-de-bunol-chiva","tag-violencia","tag-violencia-ca","tag-violencia-machista","tag-violencia-machista-ca"],"_links":{"self":[{"href":"https:\/\/tucomarca.whitekongsoftware.com\/ca\/wp-json\/wp\/v2\/posts\/120854","targetHints":{"allow":["GET"]}}],"collection":[{"href":"https:\/\/tucomarca.whitekongsoftware.com\/ca\/wp-json\/wp\/v2\/posts"}],"about":[{"href":"https:\/\/tucomarca.whitekongsoftware.com\/ca\/wp-json\/wp\/v2\/types\/post"}],"author":[{"embeddable":true,"href":"https:\/\/tucomarca.whitekongsoftware.com\/ca\/wp-json\/wp\/v2\/users\/1"}],"replies":[{"embeddable":true,"href":"https:\/\/tucomarca.whitekongsoftware.com\/ca\/wp-json\/wp\/v2\/comments?post=120854"}],"version-history":[{"count":0,"href":"https:\/\/tucomarca.whitekongsoftware.com\/ca\/wp-json\/wp\/v2\/posts\/120854\/revisions"}],"wp:featuredmedia":[{"embeddable":true,"href":"https:\/\/tucomarca.whitekongsoftware.com\/ca\/wp-json\/wp\/v2\/media\/115119"}],"wp:attachment":[{"href":"https:\/\/tucomarca.whitekongsoftware.com\/ca\/wp-json\/wp\/v2\/media?parent=120854"}],"wp:term":[{"taxonomy":"category","embeddable":true,"href":"https:\/\/tucomarca.whitekongsoftware.com\/ca\/wp-json\/wp\/v2\/categories?post=120854"},{"taxonomy":"post_tag","embeddable":true,"href":"https:\/\/tucomarca.whitekongsoftware.com\/ca\/wp-json\/wp\/v2\/tags?post=120854"}],"curies":[{"name":"wp","href":"https:\/\/api.w.org\/{rel}","templated":true}]}}