{"id":120841,"date":"2020-12-01T18:00:24","date_gmt":"2020-12-01T17:00:24","guid":{"rendered":"http:\/\/www.tucomarca.com\/wordpress\/segunda\/?p=120841"},"modified":"2020-12-02T10:22:43","modified_gmt":"2020-12-02T09:22:43","slug":"utiel-aporta-7-contagis-carlet-7-manuel-6-olocau-4-utiel-4-algemesi-3-aiora-3-i-requena-3-als-1-815-nous-casos-de-coronavirus-a-la-comunitat","status":"publish","type":"post","link":"https:\/\/tucomarca.whitekongsoftware.com\/ca\/utiel-aporta-7-contagis-carlet-7-manuel-6-olocau-4-utiel-4-algemesi-3-aiora-3-i-requena-3-als-1-815-nous-casos-de-coronavirus-a-la-comunitat\/","title":{"rendered":"Utiel aporta 7 contagis, Carlet 7, Manuel 6, Olocau 4, Utiel 4, Algemes\u00ed 3, Aiora 3 i Requena 3 als 1.815 nous casos de coronavirus a la Comunitat"},"content":{"rendered":"\n<h4 class=\"wp-block-heading\"><strong>Per prov\u00edncies: 207 a Castell\u00f3; 540 a Alacant i 1.068 en la prov\u00edncia de Val\u00e8ncia<\/strong><\/h4>\n\n\n\n<p class=\"wp-block-paragraph\">La Comunitat Valenciana ha registrat 1.815 nous casos de coronavirus confirmats per prova PCR o mitjan\u00e7ant test d&#8217;ant\u00edgens, que situen la xifra total de positius en 103.557 persones.<\/p>\n\n\n\n<p class=\"wp-block-paragraph\">Per prov\u00edncies, la distribuci\u00f3 de nous positius \u00e9s la seg\u00fcent: 207 a Castell\u00f3 (11.751 en total); 540 a Alacant (35.811 en total), i 1.068 a la prov\u00edncia de Val\u00e8ncia (11.751 en total). A m\u00e9s, hi ha 2 casos sense assignar.<\/p>\n\n\n\n<p class=\"wp-block-paragraph\">D&#8217;altra banda, des de l&#8217;\u00faltima actualitzaci\u00f3, s&#8217;han registrat 1.647 altes a pacients amb coronavirus, de manera que el total de persones curades des de l&#8217;inici de la pand\u00e8mia se situa en 98.481: 11.556 a Castell\u00f3, 33.908 a Alacant i 52.962 a Val\u00e8ncia. A m\u00e9s, continua havent 55 altes sense assignaci\u00f3.<\/p>\n\n\n\n<p class=\"wp-block-paragraph\">D&#8217;aquesta manera, a hores d&#8217;ara hi ha 13.865 casos actius, la qual cosa suposa un 12,08% de l&#8217;total de positius.<\/p>\n\n\n\n<p class=\"wp-block-paragraph\">Els hospitals valencians tenen, actualment, 1.296 persones ingressades: 125 a la prov\u00edncia de Castell\u00f3, amb 30 pacients en UCI; 402 a la prov\u00edncia d&#8217;Alacant, 94 d&#8217;ells a l&#8217;UCI; i 769 a la prov\u00edncia de Val\u00e8ncia, 162 d&#8217;ells a UCI.<\/p>\n\n\n\n<p class=\"wp-block-paragraph\">D&#8217;altra banda, s&#8217;han registrat 45 morts per coronavirus des de l&#8217;\u00faltima actualitzaci\u00f3, de manera que el total de defuncions \u00e9s de 2.406 persones: 324 a la prov\u00edncia de Castell\u00f3, 866 a la d&#8217;Alacant i 1.216 a la de Val\u00e8ncia.<\/p>\n\n\n\n<p class=\"wp-block-paragraph\">El nombre total de proves dutes a terme per a la detecci\u00f3 de l&#8217;coronavirus ascendeix a 1.757.317 de les que 1.594.358 han estat a trav\u00e9s de PCR i 162.959 mitjan\u00e7ant test r\u00e0pid.<\/p>\n\n\n\n<p class=\"wp-block-paragraph\"><strong>Actualitzaci\u00f3 de la situaci\u00f3 en resid\u00e8ncies<\/strong><\/p>\n\n\n\n<p class=\"wp-block-paragraph\">A dia d&#8217;avui, hi ha algun cas positiu en 85 resid\u00e8ncies de majors (5 a la prov\u00edncia de Castell\u00f3, 26 a la prov\u00edncia d&#8217;Alacant i 54 a la prov\u00edncia de Val\u00e8ncia), 16 centres de diversitat funcional (3 a la prov\u00edncia de Castell\u00f3, 3 a la prov\u00edncia d&#8217;Alacant i 10 a la prov\u00edncia de Val\u00e8ncia) i 5 centres de menors a la prov\u00edncia de Val\u00e8ncia.<\/p>\n\n\n\n<ul class=\"wp-block-list\"><li>Residents nous positius: 24<\/li><li>Treballadors nous positius: 23<\/li><li>Residents morts: 8<\/li><\/ul>\n\n\n\n<p class=\"wp-block-paragraph\">Actualment, es troben sota vigil\u00e0ncia activa de control sanitari 19 resid\u00e8ncies a la Comunitat Valenciana: 8 a la prov\u00edncia d&#8217;Alacant i 11 a la prov\u00edncia de Val\u00e8ncia.<\/p>\n\n\n\n<p class=\"wp-block-paragraph\"><strong>Actualitzaci\u00f3 brots de coronavirus<\/strong><\/p>\n\n\n\n<p class=\"wp-block-paragraph\">Nous brots: 55 (8 a la prov\u00edncia d&#8217;Alacant; 6 a la prov\u00edncia de Castell\u00f3 i 41 a la prov\u00edncia de Val\u00e8ncia)<\/p>\n\n\n\n<ul class=\"wp-block-list\"><li>\u00b7 Val\u00e8ncia: 13 casos. Origen social<\/li><li>\u00b7 Elche: 10 casos. Origen social<\/li><li>\u00b7 Bocairent: 11 casos. Origen social<\/li><li>\u00b7 Val\u00e8ncia: 5 casos. Origen social<\/li><li>\u00b7 Benicarl\u00f3: 3 casos. Origen social<\/li><li>\u00b7 Benicarl\u00f3: 5 casos. Origen social<\/li><li>\u00b7 Manuel: 6 casos. Origen social<\/li><li>\u00b7 Callosa de Segura: 3 casos. Origen social<\/li><li>\u00b7 Algemes\u00ed: 3 casos. Origen social<\/li><li>\u00b7 Ayora: 3 casos. Origen social<\/li><li>\u00b7 San Miguel de Salinas: 6 casos. Origen social<\/li><li>\u00b7 Requena: 3 casos. Origen social<\/li><li>\u00b7 Vinalesa: 4 casos. Origen laboral<\/li><li>\u00b7 Sagunto: 3 casos. Origen laboral<\/li><li>\u00b7 Carlet: 7 casos. Origen laboral<\/li><li>\u00b7 Sagunto: 6 casos. Origen social<\/li><li>\u00b7 Ontinyent: 5 casos. Origen social<\/li><li>\u00b7 Val\u00e8ncia: 5 casos. Origen social<\/li><li>\u00b7 Corbera: 4 casos. Origen social<\/li><li>\u00b7 Castalla: 3 casos. Origen social<\/li><li>\u00b7 Val\u00e8ncia: 5 casos. Origen social<\/li><li>\u00b7 X\u00e0tiva: 5 casos. \u00c1mbito educativo<\/li><li>\u00b7 D\u00e8nia: 4 casos. \u00c1mbito educativo<\/li><li>\u00b7 Vila-real: 8 casos. \u00c1mbito educativo<\/li><li>\u00b7 Alfafar: 4 casos. Origen social<\/li><li>\u00b7 El Puig de Santa Mar\u00eda: 4 casos. Origen laboral<\/li><li>\u00b7 Albatera: 4 casos. Origen social<\/li><li>\u00b7 Val\u00e8ncia: 5 casos. Origen laboral<\/li><li>\u00b7 Utiel: 4 casos. Origen social<\/li><li>\u00b7 Val\u00e8ncia: 4 casos. Origen social<\/li><li>\u00b7 Tavernes Blanques: 5 casos. Origen laboral<\/li><li>\u00b7 Val\u00e8ncia: 5 casos. Origen social<\/li><li>\u00b7 Utiel: 3 casos. Origen social<\/li><li>\u00b7 Val\u00e8ncia: 4 casos. Origen social<\/li><li>\u00b7 Alcoy: 3 casos. Origen social<\/li><li>\u00b7 Manises: 8 casos. Origen social<\/li><li>\u00b7 Burriana: 11 casos. \u00c1mbito educativo<\/li><li>\u00b7 Alboraya: 4 casos. Origen social<\/li><li>\u00b7 Val\u00e8ncia: 7 casos. Origen social<\/li><li>\u00b7 Manises: 12 casos. Origen social<\/li><li>\u00b7 Redov\u00e1n: 3 casos. Origen social<\/li><li>\u00b7 Almassora: 3 casos. Origen laboral<\/li><li>\u00b7 Val\u00e8ncia: 4 casos. Origen laboral<\/li><li>\u00b7 Vila-real: 4 casos. Origen laboral<\/li><li>\u00b7 Val\u00e8ncia: 4 casos. \u00c1mbito educativo<\/li><li>\u00b7 Rafelbunyol: 5 casos. Origen social<\/li><li>\u00b7 Val\u00e8ncia: 4 casos. Origen social<\/li><li>\u00b7 Faura: 4 casos. Origen laboral<\/li><li>\u00b7 Val\u00e8ncia: 4 casos. Origen social<\/li><li>\u00b7 Cullera: 4 casos. Origen social<\/li><li>\u00b7 Olocau: 4 casos. Origen social<\/li><li>\u00b7 Val\u00e8ncia: 6 casos. Origen social<\/li><li>\u00b7 Val\u00e8ncia: 3 casos. Origen social<\/li><li>\u00b7 Corbera: 5 casos. Origen social<\/li><li>\u00b7 Burjassot: 4 casos. Origen social<\/li><\/ul>\n","protected":false},"excerpt":{"rendered":"<div class=\"mh-excerpt\">Per prov\u00edncies: 207 a Castell\u00f3; 540 a Alacant i 1.068 en la prov\u00edncia de Val\u00e8ncia La Comunitat Valenciana ha registrat 1.815 nous casos de coronavirus confirmats per prova PCR o mitjan\u00e7ant test d&#8217;ant\u00edgens, que situen <a class=\"mh-excerpt-more\" href=\"https:\/\/tucomarca.whitekongsoftware.com\/ca\/utiel-aporta-7-contagis-carlet-7-manuel-6-olocau-4-utiel-4-algemesi-3-aiora-3-i-requena-3-als-1-815-nous-casos-de-coronavirus-a-la-comunitat\/\" title=\"Utiel aporta 7 contagis, Carlet 7, Manuel 6, Olocau 4, Utiel 4, Algemes\u00ed 3, Aiora 3 i Requena 3 als 1.815 nous casos de coronavirus a la Comunitat\">[+] <\/a><\/div>\n","protected":false},"author":12,"featured_media":114159,"comment_status":"open","ping_status":"open","sticky":false,"template":"","format":"standard","meta":{"footnotes":""},"categories":[10954,10951,10892,11010,10990,12202,10948,10894,10904,10902,10998,10935,10947,10909,10896,10897,11059],"tags":[12165,11939,11940],"class_list":["post-120841","post","type-post","status-publish","format-standard","has-post-thumbnail","category-ayora-ca","category-ayora-cofrentes-ca","category-camp-de-turia-ca","category-canal-salud","category-carlet-ca","category-covid-19-ca","category-infraestructuras-ca","category-la-comarca-ca","category-sin-categorizar-ca","category-la-ribera-ca","category-manuel-ca","category-olocau-ca","category-politica","category-requena-utiel-ca","category-seccion-ca","category-sucesos-la-comarca-ca","category-utiel-ca","tag-conselleria-de-sanitat-ca","tag-coronavirus-ca","tag-covid-19-ca"],"_links":{"self":[{"href":"https:\/\/tucomarca.whitekongsoftware.com\/ca\/wp-json\/wp\/v2\/posts\/120841","targetHints":{"allow":["GET"]}}],"collection":[{"href":"https:\/\/tucomarca.whitekongsoftware.com\/ca\/wp-json\/wp\/v2\/posts"}],"about":[{"href":"https:\/\/tucomarca.whitekongsoftware.com\/ca\/wp-json\/wp\/v2\/types\/post"}],"author":[{"embeddable":true,"href":"https:\/\/tucomarca.whitekongsoftware.com\/ca\/wp-json\/wp\/v2\/users\/12"}],"replies":[{"embeddable":true,"href":"https:\/\/tucomarca.whitekongsoftware.com\/ca\/wp-json\/wp\/v2\/comments?post=120841"}],"version-history":[{"count":0,"href":"https:\/\/tucomarca.whitekongsoftware.com\/ca\/wp-json\/wp\/v2\/posts\/120841\/revisions"}],"wp:featuredmedia":[{"embeddable":true,"href":"https:\/\/tucomarca.whitekongsoftware.com\/ca\/wp-json\/wp\/v2\/media\/114159"}],"wp:attachment":[{"href":"https:\/\/tucomarca.whitekongsoftware.com\/ca\/wp-json\/wp\/v2\/media?parent=120841"}],"wp:term":[{"taxonomy":"category","embeddable":true,"href":"https:\/\/tucomarca.whitekongsoftware.com\/ca\/wp-json\/wp\/v2\/categories?post=120841"},{"taxonomy":"post_tag","embeddable":true,"href":"https:\/\/tucomarca.whitekongsoftware.com\/ca\/wp-json\/wp\/v2\/tags?post=120841"}],"curies":[{"name":"wp","href":"https:\/\/api.w.org\/{rel}","templated":true}]}}