{"id":120584,"date":"2020-11-29T21:10:27","date_gmt":"2020-11-29T20:10:27","guid":{"rendered":"http:\/\/www.tucomarca.com\/wordpress\/segunda\/?p=120584"},"modified":"2020-11-30T02:34:25","modified_gmt":"2020-11-30T01:34:25","slug":"la-regidoria-de-comerc-de-cheste-convoca-el-xiii-concurs-daparadorisme-dins-de-la-campanya-compra-a-xest-compra-a-casa","status":"publish","type":"post","link":"https:\/\/tucomarca.whitekongsoftware.com\/ca\/la-regidoria-de-comerc-de-cheste-convoca-el-xiii-concurs-daparadorisme-dins-de-la-campanya-compra-a-xest-compra-a-casa\/","title":{"rendered":"La regidoria de Comer\u00e7 de Xest convoca el XIII Concurs d&#8217;Aparadorisme dins de la campanya &#8220;Compra a Xest, compra a casa&#8221;"},"content":{"rendered":"\n<h4 class=\"wp-block-heading\"><strong>Els comer\u00e7os interessats a participar podran inscriure&#8217;s fins al 14 de desembre en l&#8217;ajuntament o en l&#8217;oficina de Turisme. La fallada del jurat tindr\u00e0 lloc el 17 de desembre, despr\u00e9s de la visita als establiments participants<\/strong><\/h4>\n\n\n\n<p class=\"wp-block-paragraph\">La regidoria de Comer\u00e7 ha convocat el XIII Concurs d&#8217;Aparadorisme Nadalenc de Xest. &#8220;Aquest concurs s&#8217;emmarca en la campanya Compra a Xest, compra a casa, que t\u00e9 com a finalitat incentivar el consum local i donar suport al xicotet comer\u00e7, ja que \u00e9s el que m\u00e9s afectat per la crisi derivada de la pand\u00e8mia&#8221;, ha explicat la regidora, Brenda Jim\u00e9nez.<\/p>\n\n\n\n<p class=\"wp-block-paragraph\">Els comer\u00e7os interessats a participar podran inscriure fins al 14 de desembre a l&#8217;ajuntament o l&#8217;oficina de Turisme. La decisi\u00f3 de l&#8217;concurs tindr\u00e0 lloc el 17 de desembre, despr\u00e9s que el jurat fa\u00e7a un recorregut pels negocis participants.<\/p>\n\n\n\n<p class=\"wp-block-paragraph\">Tal com es recull en les bases, s&#8217;atorgaran huit premis, d&#8217;entre 100 i 300 euros, atenent a la composici\u00f3, la imatge, la il\u00b7luminaci\u00f3, la creativitat, el color, l&#8217;originalitat i la utilitzaci\u00f3 de materials reciclats per decorar els aparadors . &#8220;Anime a tots els comer\u00e7os a participar; ja que, a m\u00e9s d&#8217;optar als premis, participant en el concurs contribueixen a crear un ambient nadalenc; a embellir els nostres carrers i places i a motivar a la poblaci\u00f3 a fer compres a la localitat, fent m\u00e9s atractius els seus establiments&#8221;, ha subratllat la regidora.<\/p>\n\n\n\n<p class=\"wp-block-paragraph\">Per la seua banda, l&#8217;alcalde, Jos\u00e9 Morell, ha destacat &#8220;l&#8217;impuls que ofereixen aquestes campanyes per estimular les compres en els comer\u00e7os locals, m\u00e9s necess\u00e0ries que mai en aquest any tan complicat&#8221;, i ha assegurat que des de l&#8217;Ajuntament seguiran fomentant aquest tipus d&#8217;iniciatives. Les bases del concurs es poden consultar al web municipal i a l&#8217;oficina de Turisme.<\/p>\n","protected":false},"excerpt":{"rendered":"<div class=\"mh-excerpt\">Els comer\u00e7os interessats a participar podran inscriure&#8217;s fins al 14 de desembre en l&#8217;ajuntament o en l&#8217;oficina de Turisme. La fallada del jurat tindr\u00e0 lloc el 17 de desembre, despr\u00e9s de la visita als establiments <a class=\"mh-excerpt-more\" href=\"https:\/\/tucomarca.whitekongsoftware.com\/ca\/la-regidoria-de-comerc-de-cheste-convoca-el-xiii-concurs-daparadorisme-dins-de-la-campanya-compra-a-xest-compra-a-casa\/\" title=\"La regidoria de Comer\u00e7 de Xest convoca el XIII Concurs d&#8217;Aparadorisme dins de la campanya &#8220;Compra a Xest, compra a casa&#8221;\">[+] <\/a><\/div>\n","protected":false},"author":12,"featured_media":120583,"comment_status":"open","ping_status":"open","sticky":false,"template":"","format":"standard","meta":{"footnotes":""},"categories":[10948,10894,10912,10896,10974],"tags":[11071,2483,5952],"class_list":["post-120584","post","type-post","status-publish","format-standard","has-post-thumbnail","category-infraestructuras-ca","category-la-comarca-ca","category-la-hoya-ca","category-seccion-ca","category-cheste-ca","tag-cheste","tag-comercio-local","tag-la-hoya-de-bunol-chiva"],"_links":{"self":[{"href":"https:\/\/tucomarca.whitekongsoftware.com\/ca\/wp-json\/wp\/v2\/posts\/120584","targetHints":{"allow":["GET"]}}],"collection":[{"href":"https:\/\/tucomarca.whitekongsoftware.com\/ca\/wp-json\/wp\/v2\/posts"}],"about":[{"href":"https:\/\/tucomarca.whitekongsoftware.com\/ca\/wp-json\/wp\/v2\/types\/post"}],"author":[{"embeddable":true,"href":"https:\/\/tucomarca.whitekongsoftware.com\/ca\/wp-json\/wp\/v2\/users\/12"}],"replies":[{"embeddable":true,"href":"https:\/\/tucomarca.whitekongsoftware.com\/ca\/wp-json\/wp\/v2\/comments?post=120584"}],"version-history":[{"count":0,"href":"https:\/\/tucomarca.whitekongsoftware.com\/ca\/wp-json\/wp\/v2\/posts\/120584\/revisions"}],"wp:featuredmedia":[{"embeddable":true,"href":"https:\/\/tucomarca.whitekongsoftware.com\/ca\/wp-json\/wp\/v2\/media\/120583"}],"wp:attachment":[{"href":"https:\/\/tucomarca.whitekongsoftware.com\/ca\/wp-json\/wp\/v2\/media?parent=120584"}],"wp:term":[{"taxonomy":"category","embeddable":true,"href":"https:\/\/tucomarca.whitekongsoftware.com\/ca\/wp-json\/wp\/v2\/categories?post=120584"},{"taxonomy":"post_tag","embeddable":true,"href":"https:\/\/tucomarca.whitekongsoftware.com\/ca\/wp-json\/wp\/v2\/tags?post=120584"}],"curies":[{"name":"wp","href":"https:\/\/api.w.org\/{rel}","templated":true}]}}