{"id":120546,"date":"2020-11-27T22:05:42","date_gmt":"2020-11-27T21:05:42","guid":{"rendered":"http:\/\/www.tucomarca.com\/wordpress\/segunda\/?p=120546"},"modified":"2020-11-28T12:42:07","modified_gmt":"2020-11-28T11:42:07","slug":"video-requena-utiel-registra-fortes-tempestes-mes-propies-de-lestiu","status":"publish","type":"post","link":"https:\/\/tucomarca.whitekongsoftware.com\/ca\/video-requena-utiel-registra-fortes-tempestes-mes-propies-de-lestiu\/","title":{"rendered":"V\u00eddeo: Requena-Utiel registra fortes tempestes m\u00e9s pr\u00f2pies de l&#8217;estiu"},"content":{"rendered":"\n<figure class=\"wp-block-video\"><video controls src=\"https:\/\/www.tucomarca.com\/wordpress\/segunda\/wp-content\/uploads\/2020\/11\/Temporal-en-Requena-de-27_11_20.mp4\"><\/video><\/figure>\n\n\n\n<p class=\"wp-block-paragraph\">Un moment de les fortes tempestes registrades a Requena-Utiel aquest divendres. Informa, <strong>Luis Ib\u00e1\u00f1ez<\/strong>.<\/p>\n","protected":false},"excerpt":{"rendered":"<div class=\"mh-excerpt\">Un moment de les fortes tempestes registrades a Requena-Utiel aquest divendres. Informa, Luis Ib\u00e1\u00f1ez.<\/div>\n","protected":false},"author":1,"featured_media":120544,"comment_status":"open","ping_status":"open","sticky":false,"template":"","format":"video","meta":{"footnotes":""},"categories":[11030,11031,11032,11054,11985,10898,11055,10948,10894,11056,10903,10908,10909,11057,10896,11058,10897,11059,11060,11062,11061],"tags":[10910,10387,13134,7970],"class_list":["post-120546","post","type-post","status-publish","format-video","has-post-thumbnail","category-campo-arcis-ca","category-camporrobles-ca","category-caudete-ca","category-chera-ca","category-el-tiempo-ca","category-ventana-ca","category-fuenterrobles-ca","category-infraestructuras-ca","category-la-comarca-ca","category-las-cuevas-ca","category-medio-ambiente-la-comarca-ca","category-requena-ca","category-requena-utiel-ca","category-san-antonio-ca","category-seccion-ca","category-sinarcas-ca","category-sucesos-la-comarca-ca","category-utiel-ca","category-venta-del-moro-ca","category-videos","category-villargordo-del-cabriel-ca","tag-requena-utiel-ca","tag-requena-utiel","tag-tormentas-ca","tag-tormentas","post_format-post-format-video"],"_links":{"self":[{"href":"https:\/\/tucomarca.whitekongsoftware.com\/ca\/wp-json\/wp\/v2\/posts\/120546","targetHints":{"allow":["GET"]}}],"collection":[{"href":"https:\/\/tucomarca.whitekongsoftware.com\/ca\/wp-json\/wp\/v2\/posts"}],"about":[{"href":"https:\/\/tucomarca.whitekongsoftware.com\/ca\/wp-json\/wp\/v2\/types\/post"}],"author":[{"embeddable":true,"href":"https:\/\/tucomarca.whitekongsoftware.com\/ca\/wp-json\/wp\/v2\/users\/1"}],"replies":[{"embeddable":true,"href":"https:\/\/tucomarca.whitekongsoftware.com\/ca\/wp-json\/wp\/v2\/comments?post=120546"}],"version-history":[{"count":0,"href":"https:\/\/tucomarca.whitekongsoftware.com\/ca\/wp-json\/wp\/v2\/posts\/120546\/revisions"}],"wp:featuredmedia":[{"embeddable":true,"href":"https:\/\/tucomarca.whitekongsoftware.com\/ca\/wp-json\/wp\/v2\/media\/120544"}],"wp:attachment":[{"href":"https:\/\/tucomarca.whitekongsoftware.com\/ca\/wp-json\/wp\/v2\/media?parent=120546"}],"wp:term":[{"taxonomy":"category","embeddable":true,"href":"https:\/\/tucomarca.whitekongsoftware.com\/ca\/wp-json\/wp\/v2\/categories?post=120546"},{"taxonomy":"post_tag","embeddable":true,"href":"https:\/\/tucomarca.whitekongsoftware.com\/ca\/wp-json\/wp\/v2\/tags?post=120546"}],"curies":[{"name":"wp","href":"https:\/\/api.w.org\/{rel}","templated":true}]}}