{"id":120528,"date":"2020-11-28T09:00:42","date_gmt":"2020-11-28T08:00:42","guid":{"rendered":"http:\/\/www.tucomarca.com\/wordpress\/segunda\/?p=120528"},"modified":"2020-11-28T13:26:19","modified_gmt":"2020-11-28T12:26:19","slug":"video-leliana-posa-en-marxa-una-campanya-dimpacte-per-a-acabar-amb-els-excrements-canins-als-seus-carrers","status":"publish","type":"post","link":"https:\/\/tucomarca.whitekongsoftware.com\/ca\/video-leliana-posa-en-marxa-una-campanya-dimpacte-per-a-acabar-amb-els-excrements-canins-als-seus-carrers\/","title":{"rendered":"Video: l&#8217;Eliana posa en marxa una campanya d&#8217;impacte per a acabar amb els excrements canins als seus carrers"},"content":{"rendered":"\n<h4 class=\"wp-block-heading\"><strong>El v\u00eddeo reflexiona, de manera sat\u00edrica, sobre l&#8217;incivisme que suposa deixar aquest tipus de restes abandonades en la via p\u00fablica.<\/strong><\/h4>\n\n\n\n<p class=\"wp-block-paragraph\">L&#8217;Ajuntament de l&#8217;Eliana ha llan\u00e7at una nova campanya de conscienciaci\u00f3 i sensibilitzaci\u00f3 sobre la import\u00e0ncia de mantindre conductes c\u00edviques pel que fa a la retirada dels excrements de les mascotes dels carrers i parcs de la ciutat.<\/p>\n\n\n\n<p class=\"wp-block-paragraph\">Amb l&#8217;objectiu d&#8217;impactar a la ciutadania sobre aquesta q\u00fcesti\u00f3, que afecta a tots els ve\u00efns i ve\u00efnes, la regidoria de Sostenibilitat Ambiental ha llan\u00e7at un sat\u00edric v\u00eddeo sobre un suposat nou servei de recollida anomenat KKEXPRESS pel qual un operari municipal fa arribar a la casa d&#8217;una inc\u00edvica propiet\u00e0ria un paquet <em>express<\/em> amb les restes sense recollir de la seua mascota.&nbsp;<\/p>\n\n\n\n<p class=\"wp-block-paragraph\">Aquesta campanya, consensuada amb la Mesa de Benestar Animal, inclou la col\u00b7locaci\u00f3 de m\u00e9s de 50 senyals o cartells en la via p\u00fablica entre parcs, places i carrers per a recordar a la ciutadania que ha de responsabilitzar-se de les restes dels seus animals.<\/p>\n\n\n\n<p class=\"wp-block-paragraph\">Complement\u00e0riament a aquestes accions, i a llarg de les pr\u00f2ximes setmanes, la Policia Local de l&#8217;Eliana intensificar\u00e0 la vigil\u00e0ncia i control sancionador enfront de possibles conductes d&#8217;aquest tipus.<\/p>\n\n\n\n<p class=\"wp-block-paragraph\">La regidora de Sostenibilitat Ambiental, Cristina Diaz ha destacat l&#8217;enginy i l&#8217;humor punxant de la campanya que amaga un crit d&#8217;atenci\u00f3 i un rerefons molt clar: \u201ctots hem de responsabilitzar-nos de les nostres mascotes per a tindre una l&#8217;Eliana m\u00e9s neta i agradable\u201c. Tot aix\u00f2, ha reconegut, a pesar que la majoria dels amos i les propiet\u00e0ries de gossos tenen una conducta c\u00edvica exemplar.<br><\/p>\n","protected":false},"excerpt":{"rendered":"<div class=\"mh-excerpt\">El v\u00eddeo reflexiona, de manera sat\u00edrica, sobre l&#8217;incivisme que suposa deixar aquest tipus de restes abandonades en la via p\u00fablica. L&#8217;Ajuntament de l&#8217;Eliana ha llan\u00e7at una nova campanya de conscienciaci\u00f3 i sensibilitzaci\u00f3 sobre la import\u00e0ncia <a class=\"mh-excerpt-more\" href=\"https:\/\/tucomarca.whitekongsoftware.com\/ca\/video-leliana-posa-en-marxa-una-campanya-dimpacte-per-a-acabar-amb-els-excrements-canins-als-seus-carrers\/\" title=\"Video: l&#8217;Eliana posa en marxa una campanya d&#8217;impacte per a acabar amb els excrements canins als seus carrers\">[+] <\/a><\/div>\n","protected":false},"author":12,"featured_media":120527,"comment_status":"open","ping_status":"open","sticky":false,"template":"","format":"video","meta":{"footnotes":""},"categories":[10892,10948,10894,10893,10903,10896,11062],"tags":[10395,10433,2278],"class_list":["post-120528","post","type-post","status-publish","format-video","has-post-thumbnail","category-camp-de-turia-ca","category-infraestructuras-ca","category-la-comarca-ca","category-leliana-ca","category-medio-ambiente-la-comarca-ca","category-seccion-ca","category-videos","tag-camp-de-turia","tag-leliana","tag-sostenibilidad","post_format-post-format-video"],"_links":{"self":[{"href":"https:\/\/tucomarca.whitekongsoftware.com\/ca\/wp-json\/wp\/v2\/posts\/120528","targetHints":{"allow":["GET"]}}],"collection":[{"href":"https:\/\/tucomarca.whitekongsoftware.com\/ca\/wp-json\/wp\/v2\/posts"}],"about":[{"href":"https:\/\/tucomarca.whitekongsoftware.com\/ca\/wp-json\/wp\/v2\/types\/post"}],"author":[{"embeddable":true,"href":"https:\/\/tucomarca.whitekongsoftware.com\/ca\/wp-json\/wp\/v2\/users\/12"}],"replies":[{"embeddable":true,"href":"https:\/\/tucomarca.whitekongsoftware.com\/ca\/wp-json\/wp\/v2\/comments?post=120528"}],"version-history":[{"count":0,"href":"https:\/\/tucomarca.whitekongsoftware.com\/ca\/wp-json\/wp\/v2\/posts\/120528\/revisions"}],"wp:featuredmedia":[{"embeddable":true,"href":"https:\/\/tucomarca.whitekongsoftware.com\/ca\/wp-json\/wp\/v2\/media\/120527"}],"wp:attachment":[{"href":"https:\/\/tucomarca.whitekongsoftware.com\/ca\/wp-json\/wp\/v2\/media?parent=120528"}],"wp:term":[{"taxonomy":"category","embeddable":true,"href":"https:\/\/tucomarca.whitekongsoftware.com\/ca\/wp-json\/wp\/v2\/categories?post=120528"},{"taxonomy":"post_tag","embeddable":true,"href":"https:\/\/tucomarca.whitekongsoftware.com\/ca\/wp-json\/wp\/v2\/tags?post=120528"}],"curies":[{"name":"wp","href":"https:\/\/api.w.org\/{rel}","templated":true}]}}