{"id":120509,"date":"2020-11-28T09:20:27","date_gmt":"2020-11-28T08:20:27","guid":{"rendered":"http:\/\/www.tucomarca.com\/wordpress\/segunda\/?p=120509"},"modified":"2020-11-28T13:36:31","modified_gmt":"2020-11-28T12:36:31","slug":"a-xest-larreplega-de-fem-dels-contenidors-grisos-es-fara-diariament-a-partir-de-desembre","status":"publish","type":"post","link":"https:\/\/tucomarca.whitekongsoftware.com\/ca\/a-xest-larreplega-de-fem-dels-contenidors-grisos-es-fara-diariament-a-partir-de-desembre\/","title":{"rendered":"A Xest l&#8217;arreplega de fem dels contenidors grisos es far\u00e0 di\u00e0riament a partir de desembre"},"content":{"rendered":"\n<p class=\"wp-block-paragraph\">El servei municipal de recollida de residus s\u00f2lids urbans (RSU), que \u00e9s realitza a trav\u00e9s dels contenidors grisos de la poblaci\u00f3, passar\u00e0 a realitzar-se tots els dies de la setmana a partir de l&#8217;1 de desembre, sumant 1 dia m\u00e9s a la periodicitat actual.<\/p>\n\n\n\n<p class=\"wp-block-paragraph\">Des de la regidoria de Serveis s&#8217;insisteix a la poblaci\u00f3 en qu\u00e8 a els contenidors grisos nom\u00e9s han de contenir residus s\u00f2lids urbans no reciclables, com la pols d&#8217;escombrar, els maquinetes d&#8217;1 sol \u00fas o a els bolquers, que s&#8217;han de dipositar sempre en borsa tancades. La resta d&#8217;Escombraries ha de rebutjar a els Contenidors s&#8217;acompanya segons siguen envasos lleugers, paper i cartr\u00f3 o vidre.<\/p>\n\n\n\n<p class=\"wp-block-paragraph\">&#8220;Hem decidit millorar la recollida d&#8217;escombraries, augmentant el servei als 7 dies de la setmana en el cas dels contenidors grisos i encarregant a la recollida selectiva a la Ecoembes a partir de 2021. A m\u00e9s, properament anunciarem el sistema que anem a implantar a per a la recollida dels residus org\u00e0nics &#8220;, ha declarat el regidor de Serveis, Jos\u00e9 Vicente Guijarro. <\/p>\n\n\n\n<p class=\"wp-block-paragraph\"><strong>Conscienciaci\u00f3 ciutadana<\/strong><\/p>\n\n\n\n<p class=\"wp-block-paragraph\">Des de la regidoria de Serveis s&#8217;insisteix en la necessitat de tenir un comportament c\u00edvic per mantenir net el municipi evitant llan\u00e7ar escombraries a la via p\u00fablica, separant a els residus dom\u00e8stics i dipositant-les al contenidor corresponent, aixi com portant a ecoparc a els trastos i estris o cridant a l&#8217;Ajuntament per sol\u00b7licitar el servei de recollida a domicili. &#8220;Si no col\u00b7laborem tots i totes el municipi no \u00e9s mantindr\u00e0 net&#8221;, ha apuntat Guijarro.<\/p>\n","protected":false},"excerpt":{"rendered":"<div class=\"mh-excerpt\">El servei municipal de recollida de residus s\u00f2lids urbans (RSU), que \u00e9s realitza a trav\u00e9s dels contenidors grisos de la poblaci\u00f3, passar\u00e0 a realitzar-se tots els dies de la setmana a partir de l&#8217;1 de <a class=\"mh-excerpt-more\" href=\"https:\/\/tucomarca.whitekongsoftware.com\/ca\/a-xest-larreplega-de-fem-dels-contenidors-grisos-es-fara-diariament-a-partir-de-desembre\/\" title=\"A Xest l&#8217;arreplega de fem dels contenidors grisos es far\u00e0 di\u00e0riament a partir de desembre\">[+] <\/a><\/div>\n","protected":false},"author":12,"featured_media":105304,"comment_status":"open","ping_status":"open","sticky":false,"template":"","format":"standard","meta":{"footnotes":""},"categories":[10948,10894,10912,10903,10947,10896,10974],"tags":[11071,5952,1067],"class_list":["post-120509","post","type-post","status-publish","format-standard","has-post-thumbnail","category-infraestructuras-ca","category-la-comarca-ca","category-la-hoya-ca","category-medio-ambiente-la-comarca-ca","category-politica","category-seccion-ca","category-cheste-ca","tag-cheste","tag-la-hoya-de-bunol-chiva","tag-reciclaje"],"_links":{"self":[{"href":"https:\/\/tucomarca.whitekongsoftware.com\/ca\/wp-json\/wp\/v2\/posts\/120509","targetHints":{"allow":["GET"]}}],"collection":[{"href":"https:\/\/tucomarca.whitekongsoftware.com\/ca\/wp-json\/wp\/v2\/posts"}],"about":[{"href":"https:\/\/tucomarca.whitekongsoftware.com\/ca\/wp-json\/wp\/v2\/types\/post"}],"author":[{"embeddable":true,"href":"https:\/\/tucomarca.whitekongsoftware.com\/ca\/wp-json\/wp\/v2\/users\/12"}],"replies":[{"embeddable":true,"href":"https:\/\/tucomarca.whitekongsoftware.com\/ca\/wp-json\/wp\/v2\/comments?post=120509"}],"version-history":[{"count":0,"href":"https:\/\/tucomarca.whitekongsoftware.com\/ca\/wp-json\/wp\/v2\/posts\/120509\/revisions"}],"wp:featuredmedia":[{"embeddable":true,"href":"https:\/\/tucomarca.whitekongsoftware.com\/ca\/wp-json\/wp\/v2\/media\/105304"}],"wp:attachment":[{"href":"https:\/\/tucomarca.whitekongsoftware.com\/ca\/wp-json\/wp\/v2\/media?parent=120509"}],"wp:term":[{"taxonomy":"category","embeddable":true,"href":"https:\/\/tucomarca.whitekongsoftware.com\/ca\/wp-json\/wp\/v2\/categories?post=120509"},{"taxonomy":"post_tag","embeddable":true,"href":"https:\/\/tucomarca.whitekongsoftware.com\/ca\/wp-json\/wp\/v2\/tags?post=120509"}],"curies":[{"name":"wp","href":"https:\/\/api.w.org\/{rel}","templated":true}]}}