{"id":120492,"date":"2020-11-27T08:31:40","date_gmt":"2020-11-27T07:31:40","guid":{"rendered":"http:\/\/www.tucomarca.com\/wordpress\/segunda\/?p=120492"},"modified":"2020-11-27T21:55:17","modified_gmt":"2020-11-27T20:55:17","slug":"utiel-organitza-un-curs-online-de-defensa-personal-femenina","status":"publish","type":"post","link":"https:\/\/tucomarca.whitekongsoftware.com\/ca\/utiel-organitza-un-curs-online-de-defensa-personal-femenina\/","title":{"rendered":"Utiel organitza un curs online de defensa personal femenina"},"content":{"rendered":"\n<h4 class=\"wp-block-heading\"><strong>Dins de la programaci\u00f3 del Dia Internacional de l&#8217;Eliminaci\u00f3 de la Viol\u00e8ncia contra la Dona, s&#8217;organitzen dos sessions d&#8217;autodefensa els dies 10 i 17 de desembre, de 17 a 19 hores<\/strong><\/h4>\n\n\n\n<p class=\"wp-block-paragraph\">Dins de la programaci\u00f3 d&#8217;actes del 25 de novembre, Dia de l&#8217;Eliminaci\u00f3 de la Viol\u00e8ncia contra la Dona, la Regidoria d&#8217;Igualtat de l&#8217;Ajuntament d&#8217;Utiel ha programat un taller teoricopr\u00e0ctic online sobre defensa personal femenina.<\/p>\n\n\n\n<p class=\"wp-block-paragraph\">El taller es dividix en una part te\u00f2rica i una altra pr\u00e0ctica en qu\u00e8 s&#8217;analitzaran les diferents situacions quotidianes de la vida en qu\u00e8 podem sentir-nos indefensos o en perill i els recursos i t\u00e8cniques a aplicar per a afrontar-los.<\/p>\n\n\n\n<p class=\"wp-block-paragraph\"><strong>Entrenadores deportivos especializados en autodefensa<\/strong><\/p>\n\n\n\n<p class=\"wp-block-paragraph\">El curso se celebrar\u00e1 los d\u00edas 10 y 17 de diciembre en horario de 17 a 19 horas y ser\u00e1 impartido por entrenadores deportivos con cinturones negros en diferentes grados:&nbsp;<\/p>\n\n\n\n<p class=\"wp-block-paragraph\">-Antonio Mu\u00f1oz Mart\u00ednez: Cintur\u00f3n negro 6\u00ba Dan Karate; entrenador deportivo III nivel; licenciado en criminolog\u00eda y diplomado de ciencias de la seguridad.<\/p>\n\n\n\n<p class=\"wp-block-paragraph\">&#8211; Toni Mu\u00f1oz L\u00f3pez: Cintur\u00f3n negro 3\u00ba Dan Karate; entrenador deportivo III nivel y entrenador personal.<\/p>\n\n\n\n<p class=\"wp-block-paragraph\">&#8211; Andrea Mu\u00f1oz L\u00f3pez: Cintur\u00f3n negro 3\u00ba Dan Karate; entrenador deportivo I nivel, Grado en Ciencias de la Actividad F\u00edsica y del Deporte.<\/p>\n\n\n\n<p class=\"wp-block-paragraph\">Los tres monitores del Club Yoshitaka pondr\u00e1n en pr\u00e1ctica conocimientos b\u00e1sicos de autodefensa <em>\u201centendida no como un arma de combate sino como una forma de defensa para repeler ataques, utilizando en ocasiones instrumentos habituales que podemos llevar encima como llaves, un bol\u00edgrafo o un paraguas. Estos cursos resultan muy \u00fatiles para la autodefensa de las mujeres a la vez que se trabaja la autoestima personal&#8221;<\/em> apuntan los entrenadores.<\/p>\n\n\n\n<p class=\"wp-block-paragraph\"><strong>Inscripciones&nbsp;<\/strong><\/p>\n\n\n\n<p class=\"wp-block-paragraph\">Las plazas son limitadas y es necesaria la inscripci\u00f3n previa a trav\u00e9s del \u00e1rea de igualdad de la Mancomunidad del Interior Tierra del Vino llamando al tel\u00e9fono <strong>96 217 35 86 o por mail en maria@tierradelvino.es<\/strong><\/p>\n","protected":false},"excerpt":{"rendered":"<div class=\"mh-excerpt\">Dins de la programaci\u00f3 del Dia Internacional de l&#8217;Eliminaci\u00f3 de la Viol\u00e8ncia contra la Dona, s&#8217;organitzen dos sessions d&#8217;autodefensa els dies 10 i 17 de desembre, de 17 a 19 hores Dins de la programaci\u00f3 <a class=\"mh-excerpt-more\" href=\"https:\/\/tucomarca.whitekongsoftware.com\/ca\/utiel-organitza-un-curs-online-de-defensa-personal-femenina\/\" title=\"Utiel organitza un curs online de defensa personal femenina\">[+] <\/a><\/div>\n","protected":false},"author":12,"featured_media":120490,"comment_status":"open","ping_status":"open","sticky":false,"template":"","format":"standard","meta":{"footnotes":""},"categories":[11019,11030,11031,11032,11054,11003,11055,11056,10908,10909,11057,10896,11058,11059,11060,11061],"tags":[2998,7976,10389,1987],"class_list":["post-120492","post","type-post","status-publish","format-standard","has-post-thumbnail","category-agenda-ca","category-campo-arcis-ca","category-camporrobles-ca","category-caudete-ca","category-chera-ca","category-sports","category-fuenterrobles-ca","category-las-cuevas-ca","category-requena-ca","category-requena-utiel-ca","category-san-antonio-ca","category-seccion-ca","category-sinarcas-ca","category-utiel-ca","category-venta-del-moro-ca","category-villargordo-del-cabriel-ca","tag-defensa-personal","tag-mancomunidad-tierra-del-vino","tag-utiel","tag-utiel-requena"],"_links":{"self":[{"href":"https:\/\/tucomarca.whitekongsoftware.com\/ca\/wp-json\/wp\/v2\/posts\/120492","targetHints":{"allow":["GET"]}}],"collection":[{"href":"https:\/\/tucomarca.whitekongsoftware.com\/ca\/wp-json\/wp\/v2\/posts"}],"about":[{"href":"https:\/\/tucomarca.whitekongsoftware.com\/ca\/wp-json\/wp\/v2\/types\/post"}],"author":[{"embeddable":true,"href":"https:\/\/tucomarca.whitekongsoftware.com\/ca\/wp-json\/wp\/v2\/users\/12"}],"replies":[{"embeddable":true,"href":"https:\/\/tucomarca.whitekongsoftware.com\/ca\/wp-json\/wp\/v2\/comments?post=120492"}],"version-history":[{"count":0,"href":"https:\/\/tucomarca.whitekongsoftware.com\/ca\/wp-json\/wp\/v2\/posts\/120492\/revisions"}],"wp:featuredmedia":[{"embeddable":true,"href":"https:\/\/tucomarca.whitekongsoftware.com\/ca\/wp-json\/wp\/v2\/media\/120490"}],"wp:attachment":[{"href":"https:\/\/tucomarca.whitekongsoftware.com\/ca\/wp-json\/wp\/v2\/media?parent=120492"}],"wp:term":[{"taxonomy":"category","embeddable":true,"href":"https:\/\/tucomarca.whitekongsoftware.com\/ca\/wp-json\/wp\/v2\/categories?post=120492"},{"taxonomy":"post_tag","embeddable":true,"href":"https:\/\/tucomarca.whitekongsoftware.com\/ca\/wp-json\/wp\/v2\/tags?post=120492"}],"curies":[{"name":"wp","href":"https:\/\/api.w.org\/{rel}","templated":true}]}}