{"id":120318,"date":"2020-11-26T19:00:42","date_gmt":"2020-11-26T18:00:42","guid":{"rendered":"http:\/\/www.tucomarca.com\/wordpress\/segunda\/?p=120318"},"modified":"2020-11-26T19:04:33","modified_gmt":"2020-11-26T18:04:33","slug":"carlet-aporta-9-contagis-alzira-7-la-pobla-de-vallbona-4-lliria-4-i-vilamarxant-3-als-1-508-nous-casos-de-coronavirus-a-la-comunitat","status":"publish","type":"post","link":"https:\/\/tucomarca.whitekongsoftware.com\/ca\/carlet-aporta-9-contagis-alzira-7-la-pobla-de-vallbona-4-lliria-4-i-vilamarxant-3-als-1-508-nous-casos-de-coronavirus-a-la-comunitat\/","title":{"rendered":"Carlet aporta 9 contagis, Alzira 7, la Pobla de Vallbona 4, Ll\u00edria 4 i Vilamarxant 3 als 1.508 nous casos de coronavirus a la Comunitat"},"content":{"rendered":"\n<p class=\"wp-block-paragraph\">La Comunitat Valenciana ha registrat 1.508 nous casos de coronavirus confirmats per prova PCR o mitjan\u00e7ant test d&#8217;ant\u00edgens, que situen la xifra total de positius en 98.905 persones. Per prov\u00edncies, la distribuci\u00f3 de nous positius \u00e9s la seg\u00fcent: 108 a Castell\u00f3 (11.340 en total), 589 a Alacant (34.245 en total) i 811 a la prov\u00edncia de Val\u00e8ncia (53.318 en total). A m\u00e9s, el nombre total de pacients sense assignar es mant\u00e9 en 2.<\/p>\n\n\n\n<p class=\"wp-block-paragraph\">Por otra parte, desde la \u00faltima actualizaci\u00f3n, se han registrado 1.563 altas de pacientes con coronavirus, por lo que el total de personas curadas desde el inicio de la pandemia se sit\u00faa en 92.337: 10.801 en Castell\u00f3n, 31.751 en Alicante y 49.731 en Valencia. Adem\u00e1s, contin\u00faa habiendo 54 altas sin asignaci\u00f3n.<\/p>\n\n\n\n<p class=\"wp-block-paragraph\">De esta forma, en estos momentos hay 15.260 casos activos, lo que supone un 13,88 % del total de positivos.<\/p>\n\n\n\n<p class=\"wp-block-paragraph\">Los hospitales valencianos tienen, actualmente, 1.354 personas ingresadas: 126 en la provincia de Castell\u00f3n, con 21 pacientes en UCI; 430 en la provincia de Alicante, 104 de ellos en la UCI; y 798 en la provincia de Valencia, 166 de ellos en UCI.&nbsp;<\/p>\n\n\n\n<p class=\"wp-block-paragraph\">Respecto a la ocupaci\u00f3n hospitalaria, la tasa de ocupaci\u00f3n de pacientes con COVID-19 en planta es de 12,3 % (y del 59,5 % la de pacientes no COVID-19). En UCI, la ocupaci\u00f3n de pacientes con COVID-19 es del 40 % (pacientes no COVID-19, 30,4 %).<\/p>\n\n\n\n<p class=\"wp-block-paragraph\">Por otro lado, se han registrado 28 fallecimientos por coronavirus desde la \u00faltima actualizaci\u00f3n, por lo que el total de defunciones es de 2.318 personas: 319 en la provincia de Castell\u00f3n, 830 en la de Alicante y 1.169 en la de Valencia.<\/p>\n\n\n\n<p class=\"wp-block-paragraph\">De estos 28 fallecimientos, 11 de estas personas viv\u00edan en residencias y ten\u00edan edades comprendidas entre los 72 y los 97 a\u00f1os. Los otros 17 fallecidos ten\u00edan edades entre 72 y 93.<\/p>\n\n\n\n<p class=\"wp-block-paragraph\">En cuanto a la tasa de incidencia acumulada en los \u00faltimos 7 d\u00edas es de 113,59 casos por cada 100.000 habitantes en la Comunitat Valenciana y en los \u00faltimos 14 d\u00edas 281,55, manteni\u00e9ndose las cifras por debajo de la media espa\u00f1ola.<\/p>\n\n\n\n<p class=\"wp-block-paragraph\">El n\u00famero total de pruebas llevadas a cabo para la detecci\u00f3n del coronavirus asciende a 1.712.854, de las que 1.551.057 han sido a trav\u00e9s de PCR y 161.797 mediante test r\u00e1pido.<\/p>\n\n\n\n<p class=\"wp-block-paragraph\"><strong>Actualizaci\u00f3n de la situaci\u00f3n en residencias<\/strong><\/p>\n\n\n\n<p class=\"wp-block-paragraph\">Actualmente hay alg\u00fan caso positivo en 87 residencias de mayores (4 en la provincia de Castell\u00f3n, 25 en la provincia de Alicante y 58 en la provincia de Valencia), 17 centros de diversidad funcional (3 en la provincia de Castell\u00f3n, 4 en la provincia de Alicante y 10 en la provincia de Valencia) y 5 centros de menores en la provincia de Valencia.<\/p>\n\n\n\n<p class=\"wp-block-paragraph\">&#8211; Residentes nuevos positivos: 69<\/p>\n\n\n\n<p class=\"wp-block-paragraph\">&#8211; Personas trabajadoras nuevos positivos: 24<\/p>\n\n\n\n<p class=\"wp-block-paragraph\">&#8211; Residentes fallecidos: 11<\/p>\n\n\n\n<p class=\"wp-block-paragraph\">Se encuentran bajo vigilancia activa de control sanitario 19 residencias en la Comunitat Valenciana: 9 en la provincia de Alicante y 10 en la provincia de Valencia.<\/p>\n\n\n\n<p class=\"wp-block-paragraph\"><strong>Actualizaci\u00f3n brotes de coronavirus<\/strong><\/p>\n\n\n\n<p class=\"wp-block-paragraph\">Nuevos brotes: 72 (19 en la provincia de Alicante; 12 en la de Castell\u00f3n y 41 en la provincia de Valencia)<\/p>\n\n\n\n<p class=\"wp-block-paragraph\">\u00b7 Benej\u00fazar: 13 casos. Origen social<\/p>\n\n\n\n<p class=\"wp-block-paragraph\">\u00b7 Elche: 5 casos. Origen social<\/p>\n\n\n\n<p class=\"wp-block-paragraph\">\u00b7 Val\u00e8ncia: 3 casos. Origen social<\/p>\n\n\n\n<p class=\"wp-block-paragraph\">\u00b7 Benidorm: 3 casos. Origen laboral<\/p>\n\n\n\n<p class=\"wp-block-paragraph\">\u00b7 Catarroja: 5 casos. Origen social<\/p>\n\n\n\n<p class=\"wp-block-paragraph\">\u00b7 Carlet: 9 casos. Origen social<\/p>\n\n\n\n<p class=\"wp-block-paragraph\">\u00b7 L&#8217;Alf\u00e0s del Pi: 3 casos. Origen social<\/p>\n\n\n\n<p class=\"wp-block-paragraph\">\u00b7 Alzira: 3 casos. Origen social<\/p>\n\n\n\n<p class=\"wp-block-paragraph\">\u00b7 Sollana: 6 casos. Origen social<\/p>\n\n\n\n<p class=\"wp-block-paragraph\">\u00b7 Faura: 5 casos. Origen social<\/p>\n\n\n\n<p class=\"wp-block-paragraph\">\u00b7 Alfafar: 8 casos. Origen laboral<\/p>\n\n\n\n<p class=\"wp-block-paragraph\">\u00b7 Benicarl\u00f3: 8 casos. Origen social<\/p>\n\n\n\n<p class=\"wp-block-paragraph\">\u00b7 Jacarilla: 3 casos. Origen social<\/p>\n\n\n\n<p class=\"wp-block-paragraph\">\u00b7 Crevillent: 3 casos. Origen laboral<\/p>\n\n\n\n<p class=\"wp-block-paragraph\">\u00b7 Vinar\u00f2s: 5 casos. Origen social<\/p>\n\n\n\n<p class=\"wp-block-paragraph\">\u00b7 Elche: 4 casos. Origen laboral<\/p>\n\n\n\n<p class=\"wp-block-paragraph\">\u00b7 Vinar\u00f2s: 3 casos. Origen social<\/p>\n\n\n\n<p class=\"wp-block-paragraph\">\u00b7 Ondara: 5 casos. Origen laboral<\/p>\n\n\n\n<p class=\"wp-block-paragraph\">\u00b7 Alzira: 4 casos. Origen social<\/p>\n\n\n\n<p class=\"wp-block-paragraph\">\u00b7 Val\u00e8ncia: 4 casos. \u00c1mbito educativo<\/p>\n\n\n\n<p class=\"wp-block-paragraph\">\u00b7 Val\u00e8ncia: 5 casos. \u00c1mbito educativo<\/p>\n\n\n\n<p class=\"wp-block-paragraph\">\u00b7 Sagunto: 4 casos. Origen social<\/p>\n\n\n\n<p class=\"wp-block-paragraph\">\u00b7 Massamagrell: 5 casos. Origen social<\/p>\n\n\n\n<p class=\"wp-block-paragraph\">\u00b7 Val\u00e8ncia: 5 casos. \u00c1mbito educativo<\/p>\n\n\n\n<p class=\"wp-block-paragraph\">\u00b7 Cox: 3 casos. Origen social<\/p>\n\n\n\n<p class=\"wp-block-paragraph\">\u00b7 Alm\u00e0ssera: 6 casos. Origen social<\/p>\n\n\n\n<p class=\"wp-block-paragraph\">\u00b7 Santa Pola: 4 casos. \u00c1mbito educativo<\/p>\n\n\n\n<p class=\"wp-block-paragraph\">\u00b7 Pilar de la Horadada: 7 casos. Origen social<\/p>\n\n\n\n<p class=\"wp-block-paragraph\">\u00b7 Elche: 3 casos. \u00c1mbito educativo<\/p>\n\n\n\n<p class=\"wp-block-paragraph\">\u00b7 Val\u00e8ncia: 5 casos. Origen social<\/p>\n\n\n\n<p class=\"wp-block-paragraph\">\u00b7 Burriana: 6 casos. Origen social<\/p>\n\n\n\n<p class=\"wp-block-paragraph\">\u00b7 Godella: 5 casos. Origen social<\/p>\n\n\n\n<p class=\"wp-block-paragraph\">\u00b7 Onda: 4 casos. Origen laboral<\/p>\n\n\n\n<p class=\"wp-block-paragraph\">\u00b7 Val\u00e8ncia: 3 casos. Origen social<\/p>\n\n\n\n<p class=\"wp-block-paragraph\">\u00b7 Alfafar: 3 casos. Origen social<\/p>\n\n\n\n<p class=\"wp-block-paragraph\">\u00b7 Benet\u00fasser: 6 casos. Origen social<\/p>\n\n\n\n<p class=\"wp-block-paragraph\">\u00b7 Val\u00e8ncia: 7 casos. Origen social<\/p>\n\n\n\n<p class=\"wp-block-paragraph\">\u00b7 Morella: 3 casos. Origen social<\/p>\n\n\n\n<p class=\"wp-block-paragraph\">\u00b7 Quart de Poblet: 5 casos. Origen laboral<\/p>\n\n\n\n<p class=\"wp-block-paragraph\">\u00b7 La Vall d&#8217;Uix\u00f3: 6 casos. Origen social<\/p>\n\n\n\n<p class=\"wp-block-paragraph\">\u00b7 Sagunto: 3 casos. Origen social<\/p>\n\n\n\n<p class=\"wp-block-paragraph\">\u00b7 Dome\u00f1o: 6 casos. Origen laboral<\/p>\n\n\n\n<p class=\"wp-block-paragraph\">\u00b7 Alcal\u00e0 de Xivert: 4 casos. Origen social<\/p>\n\n\n\n<p class=\"wp-block-paragraph\">\u00b7 Vinar\u00f2s: 3 casos. Origen social<\/p>\n\n\n\n<p class=\"wp-block-paragraph\">\u00b7 Val\u00e8ncia: 8 casos. Origen laboral<\/p>\n\n\n\n<p class=\"wp-block-paragraph\">\u00b7 Vilamarxant: 3 casos. Origen social<\/p>\n\n\n\n<p class=\"wp-block-paragraph\">\u00b7 Val\u00e8ncia: 6 casos. Origen social<\/p>\n\n\n\n<p class=\"wp-block-paragraph\">\u00b7 Moncofa: 9 casos. Origen social<\/p>\n\n\n\n<p class=\"wp-block-paragraph\">\u00b7 Val\u00e8ncia: 4 casos. Origen social<\/p>\n\n\n\n<p class=\"wp-block-paragraph\">\u00b7 La Vall d&#8217;Uix\u00f3: 7 casos. Origen social<\/p>\n\n\n\n<p class=\"wp-block-paragraph\">\u00b7 Massamagrell: 4 casos. Origen laboral<\/p>\n\n\n\n<p class=\"wp-block-paragraph\">\u00b7 Nules: 6 casos. Origen laboral<\/p>\n\n\n\n<p class=\"wp-block-paragraph\">\u00b7 Xirivella: 3 casos. Origen social<\/p>\n\n\n\n<p class=\"wp-block-paragraph\">\u00b7 Val\u00e8ncia: 4 casos. Origen social<\/p>\n\n\n\n<p class=\"wp-block-paragraph\">\u00b7 Alcoy: 5 casos. \u00c1mbito educativo<\/p>\n\n\n\n<p class=\"wp-block-paragraph\">\u00b7 Alcoy: 5 casos. Origen social<\/p>\n\n\n\n<p class=\"wp-block-paragraph\">\u00b7 La Pobla de Vallbona: 4 casos. Origen social<\/p>\n\n\n\n<p class=\"wp-block-paragraph\">\u00b7 Orihuela: 3 casos. Origen laboral<\/p>\n\n\n\n<p class=\"wp-block-paragraph\">\u00b7 Ll\u00edria: 4 casos. Origen social<\/p>\n\n\n\n<p class=\"wp-block-paragraph\">\u00b7 Val\u00e8ncia: 3 casos. Origen laboral<\/p>\n\n\n\n<p class=\"wp-block-paragraph\">\u00b7 Val\u00e8ncia: 3 casos. Origen social<\/p>\n\n\n\n<p class=\"wp-block-paragraph\">\u00b7 Val\u00e8ncia: 6 casos. Origen social<\/p>\n\n\n\n<p class=\"wp-block-paragraph\">\u00b7 Val\u00e8ncia: 3 casos. Origen social<\/p>\n\n\n\n<p class=\"wp-block-paragraph\">\u00b7 Alicante: 5 casos. Origen social<\/p>\n\n\n\n<p class=\"wp-block-paragraph\">\u00b7 Alicante: 7 casos. Origen social<\/p>\n\n\n\n<p class=\"wp-block-paragraph\">\u00b7 Pu\u00e7ol: 3 casos. Origen social<\/p>\n\n\n\n<p class=\"wp-block-paragraph\">\u00b7 Val\u00e8ncia: 3 casos. Origen laboral<\/p>\n\n\n\n<p class=\"wp-block-paragraph\">\u00b7 Val\u00e8ncia: 4 casos. Origen social<\/p>\n\n\n\n<p class=\"wp-block-paragraph\">\u00b7 Alicante: 5 casos. Origen social<\/p>\n\n\n\n<p class=\"wp-block-paragraph\">\u00b7 Sant Joan d&#8217;Alacant: 5 casos. Origen social<\/p>\n\n\n\n<p class=\"wp-block-paragraph\">\u00b7 Godella: 5 casos. Origen social<\/p>\n\n\n\n<p class=\"wp-block-paragraph\">\u00b7 Ontinyent: 6 casos. \u00c1mbito educativo<\/p>\n","protected":false},"excerpt":{"rendered":"<div class=\"mh-excerpt\">La Comunitat Valenciana ha registrat 1.508 nous casos de coronavirus confirmats per prova PCR o mitjan\u00e7ant test d&#8217;ant\u00edgens, que situen la xifra total de positius en 98.905 persones. Per prov\u00edncies, la distribuci\u00f3 de nous positius <a class=\"mh-excerpt-more\" href=\"https:\/\/tucomarca.whitekongsoftware.com\/ca\/carlet-aporta-9-contagis-alzira-7-la-pobla-de-vallbona-4-lliria-4-i-vilamarxant-3-als-1-508-nous-casos-de-coronavirus-a-la-comunitat\/\" title=\"Carlet aporta 9 contagis, Alzira 7, la Pobla de Vallbona 4, Ll\u00edria 4 i Vilamarxant 3 als 1.508 nous casos de coronavirus a la Comunitat\">[+] <\/a><\/div>\n","protected":false},"author":1,"featured_media":108020,"comment_status":"open","ping_status":"open","sticky":false,"template":"","format":"standard","meta":{"footnotes":""},"categories":[10889,10892,11010,10990,12202,10898,10948,10894,10904,10915,10902,10928,10903,10947,10896,10897,10927],"tags":[10899,11939,11940,11077],"class_list":["post-120318","post","type-post","status-publish","format-standard","has-post-thumbnail","category-alzira-cat","category-camp-de-turia-ca","category-canal-salud","category-carlet-ca","category-covid-19-ca","category-ventana-ca","category-infraestructuras-ca","category-la-comarca-ca","category-sin-categorizar-ca","category-la-pobla-ca","category-la-ribera-ca","category-lliria-ca","category-medio-ambiente-la-comarca-ca","category-politica","category-seccion-ca","category-sucesos-la-comarca-ca","category-vilamarxant-ca","tag-camp-de-turia-ca","tag-coronavirus-ca","tag-covid-19-ca","tag-la-ribera-alta-ca"],"_links":{"self":[{"href":"https:\/\/tucomarca.whitekongsoftware.com\/ca\/wp-json\/wp\/v2\/posts\/120318","targetHints":{"allow":["GET"]}}],"collection":[{"href":"https:\/\/tucomarca.whitekongsoftware.com\/ca\/wp-json\/wp\/v2\/posts"}],"about":[{"href":"https:\/\/tucomarca.whitekongsoftware.com\/ca\/wp-json\/wp\/v2\/types\/post"}],"author":[{"embeddable":true,"href":"https:\/\/tucomarca.whitekongsoftware.com\/ca\/wp-json\/wp\/v2\/users\/1"}],"replies":[{"embeddable":true,"href":"https:\/\/tucomarca.whitekongsoftware.com\/ca\/wp-json\/wp\/v2\/comments?post=120318"}],"version-history":[{"count":0,"href":"https:\/\/tucomarca.whitekongsoftware.com\/ca\/wp-json\/wp\/v2\/posts\/120318\/revisions"}],"wp:featuredmedia":[{"embeddable":true,"href":"https:\/\/tucomarca.whitekongsoftware.com\/ca\/wp-json\/wp\/v2\/media\/108020"}],"wp:attachment":[{"href":"https:\/\/tucomarca.whitekongsoftware.com\/ca\/wp-json\/wp\/v2\/media?parent=120318"}],"wp:term":[{"taxonomy":"category","embeddable":true,"href":"https:\/\/tucomarca.whitekongsoftware.com\/ca\/wp-json\/wp\/v2\/categories?post=120318"},{"taxonomy":"post_tag","embeddable":true,"href":"https:\/\/tucomarca.whitekongsoftware.com\/ca\/wp-json\/wp\/v2\/tags?post=120318"}],"curies":[{"name":"wp","href":"https:\/\/api.w.org\/{rel}","templated":true}]}}