{"id":120272,"date":"2020-11-25T19:00:14","date_gmt":"2020-11-25T18:00:14","guid":{"rendered":"http:\/\/www.tucomarca.com\/wordpress\/segunda\/?p=120272"},"modified":"2020-11-26T10:47:12","modified_gmt":"2020-11-26T09:47:12","slug":"castello-de-la-ribera-aporta-5-casos-la-pobla-de-vallbona-4-ademus-3-i-lalcudia-3-als-1-427-nous-contagis-de-coronavirus-registrats-a-la-comunitat","status":"publish","type":"post","link":"https:\/\/tucomarca.whitekongsoftware.com\/ca\/castello-de-la-ribera-aporta-5-casos-la-pobla-de-vallbona-4-ademus-3-i-lalcudia-3-als-1-427-nous-contagis-de-coronavirus-registrats-a-la-comunitat\/","title":{"rendered":"Castell\u00f3 de la Ribera aporta 5 casos, la Pobla de Vallbona 4, Adem\u00fas 3 i l&#8217;Alc\u00fadia 3 als 1.427 nous contagis de coronavirus registrats a la Comunitat"},"content":{"rendered":"\n<p class=\"wp-block-paragraph\">La Comunitat Valenciana ha registrat 1.427 nous casos de coronavirus confirmats per prova PCR o mitjan\u00e7ant test d&#8217;ant\u00edgens, que situen la xifra total de positius en 97.397 persones. <\/p>\n\n\n\n<p class=\"wp-block-paragraph\">Per prov\u00edncies, la distribuci\u00f3 de nous positius \u00e9s la seg\u00fcent: 107 a Castell\u00f3 (11.232 en total); 602 a Alacant (33.656 en total), i 718 a la prov\u00edncia de Val\u00e8ncia (52.507 en total). A m\u00e9s, el nombre total de pacients sense assignar es mant\u00e9 en 2. D&#8217;altra banda, des de l&#8217;\u00faltima actualitzaci\u00f3, s&#8217;han registrat 1.883 altes a pacients amb coronavirus, de manera que el total de persones curades des de l&#8217;inici de la pand\u00e8mia se situa en 90.774: 10.569 a Castell\u00f3, 31.178 a Alacant i 48.974 a Val\u00e8ncia. <\/p>\n\n\n\n<p class=\"wp-block-paragraph\">A m\u00e9s, continua havent 53 altes sense assignaci\u00f3. D&#8217;aquesta manera, a hores d&#8217;ara hi ha 15.289 casos actius, la qual cosa suposa un 14,11% de l&#8217;total de positius. Els hospitals valencians tenen, actualment, 1.435 persones ingressades: 119 a la prov\u00edncia de Castell\u00f3, amb 23 pacients en UCI; 477 a la prov\u00edncia d&#8217;Alacant, 104 d&#8217;ells a l&#8217;UCI; i 839 a la prov\u00edncia de Val\u00e8ncia, 164 d&#8217;ells a UCI. D&#8217;altra banda, s&#8217;han registrat 25 morts per coronavirus des de l&#8217;\u00faltima actualitzaci\u00f3, de manera que el total de defuncions \u00e9s de 2.290 persones: 316 a la prov\u00edncia de Castell\u00f3, 818 a la d&#8217;Alacant i 1.156 a la de Val\u00e8ncia. El nombre total de proves dutes a terme per a la detecci\u00f3 de l&#8217;coronavirus ascendeix a 1.701.018, de les quals 1.539.507 han estat a trav\u00e9s de PCR i 161.511 mitjan\u00e7ant test r\u00e0pid. <\/p>\n\n\n\n<p class=\"wp-block-paragraph\"><strong>Actualitzaci\u00f3 de la situaci\u00f3 en resid\u00e8ncies <\/strong><\/p>\n\n\n\n<p class=\"wp-block-paragraph\">A dia d&#8217;avui, hi ha algun cas positiu en 87 resid\u00e8ncies de majors (4 a la prov\u00edncia de Castell\u00f3, 24 a la prov\u00edncia d&#8217;Alacant i 59 a la prov\u00edncia de Val\u00e8ncia), 16 centres de diversitat funcional (2 a la prov\u00edncia de Castell\u00f3, 4 a la prov\u00edncia d&#8217;Alacant i 10 a la prov\u00edncia de Val\u00e8ncia) i 5 centres de menors a la prov\u00edncia de Val\u00e8ncia. &#8211; Residents nous positius: 40 &#8211; Treballadors i treballadores nous positius: 16 &#8211; Residents que han mort: 3 Actualment, es troben sota vigil\u00e0ncia activa de control sanitari 19 resid\u00e8ncies a la Comunitat Valenciana: 9 a la prov\u00edncia d&#8217;Alacant i 10 a la prov\u00edncia de Val\u00e8ncia. Actualitzaci\u00f3 brots de coronavirus Nous brots: 45 (11 a la prov\u00edncia d&#8217;Alacant; 29 a la prov\u00edncia de Val\u00e8ncia i 5 a la prov\u00edncia de Castell\u00f3)<\/p>\n\n\n\n<p class=\"wp-block-paragraph\"><strong>Actualizaci\u00f3 brots de coronavirus<\/strong><\/p>\n\n\n\n<p class=\"wp-block-paragraph\">Nuevos brotes: 45 (11 en la provincia de Alicante; 29 en la provincia de Valencia y 5 en la provincia de Castell\u00f3n)<\/p>\n\n\n\n<p class=\"wp-block-paragraph\">\u00b7 Sagunto: 7 casos. Origen social<\/p>\n\n\n\n<p class=\"wp-block-paragraph\">\u00b7 Val\u00e8ncia: 6 casos. Origen social<\/p>\n\n\n\n<p class=\"wp-block-paragraph\">\u00b7 Azu\u00e9bar: 3 casos. Origen social<\/p>\n\n\n\n<p class=\"wp-block-paragraph\">\u00b7 Alcoy: 4 casos. Origen laboral<\/p>\n\n\n\n<p class=\"wp-block-paragraph\">\u00b7 Val\u00e8ncia: 3 casos. Origen social<\/p>\n\n\n\n<p class=\"wp-block-paragraph\">\u00b7 Daya Nueva: 3 casos. Origen social<\/p>\n\n\n\n<p class=\"wp-block-paragraph\">\u00b7 Val\u00e8ncia: 5 casos. Origen social<\/p>\n\n\n\n<p class=\"wp-block-paragraph\">\u00b7 Orihuela: 6 casos. Origen social<\/p>\n\n\n\n<p class=\"wp-block-paragraph\">\u00b7 Villena: 3 casos. Origen laboral<\/p>\n\n\n\n<p class=\"wp-block-paragraph\">\u00b7 Val\u00e8ncia: 6 casos. Origen social<\/p>\n\n\n\n<p class=\"wp-block-paragraph\">\u00b7 Val\u00e8ncia: 4 casos. Origen social<\/p>\n\n\n\n<p class=\"wp-block-paragraph\">\u00b7 Benicarl\u00f3: 4 casos. Origen social<\/p>\n\n\n\n<p class=\"wp-block-paragraph\">\u00b7 L&#8217;Alc\u00fadia: 3 casos. Origen social<\/p>\n\n\n\n<p class=\"wp-block-paragraph\">\u00b7 Val\u00e8ncia: 6 casos. Origen social<\/p>\n\n\n\n<p class=\"wp-block-paragraph\">\u00b7 Vinar\u00f2s: 4 casos. Origen social<\/p>\n\n\n\n<p class=\"wp-block-paragraph\">\u00b7 Foios: 8 casos. \u00c1mbito educativo<\/p>\n\n\n\n<p class=\"wp-block-paragraph\">\u00b7 Paterna: 3 casos. Origen laboral<\/p>\n\n\n\n<p class=\"wp-block-paragraph\">\u00b7 Benicull de X\u00faquer: 4 casos. Origen social<\/p>\n\n\n\n<p class=\"wp-block-paragraph\">\u00b7 Pu\u00e7ol: 5 casos. \u00c1mbito educativo<\/p>\n\n\n\n<p class=\"wp-block-paragraph\">\u00b7 Manises: 5 casos. Origen social<\/p>\n\n\n\n<p class=\"wp-block-paragraph\">\u00b7 Torrevieja: 5 casos. Origen social<\/p>\n\n\n\n<p class=\"wp-block-paragraph\">\u00b7 Pilar de la Horadada: 4 casos. Origen social<\/p>\n\n\n\n<p class=\"wp-block-paragraph\">\u00b7 Benij\u00f3far: 3 casos. Origen social<\/p>\n\n\n\n<p class=\"wp-block-paragraph\">\u00b7 Val\u00e8ncia: 3 casos. Origen social<\/p>\n\n\n\n<p class=\"wp-block-paragraph\">\u00b7 Benidorm: 3 casos. Origen social<\/p>\n\n\n\n<p class=\"wp-block-paragraph\">\u00b7 Ontinyent: 6 casos. \u00c1mbito educativo<\/p>\n\n\n\n<p class=\"wp-block-paragraph\">\u00b7 Ibi: 3 casos. Origen social<\/p>\n\n\n\n<p class=\"wp-block-paragraph\">\u00b7 Ademuz: 3 casos. Origen social<\/p>\n\n\n\n<p class=\"wp-block-paragraph\">\u00b7 Aielo de Malferit: 8 casos. Origen social<\/p>\n\n\n\n<p class=\"wp-block-paragraph\">\u00b7 Castell\u00f3 de la Plana: 16 casos. \u00c1mbito educativo<\/p>\n\n\n\n<p class=\"wp-block-paragraph\">\u00b7 Gandia: 3 casos. Origen laboral<\/p>\n\n\n\n<p class=\"wp-block-paragraph\">\u00b7 Castell\u00f3 de la Plana: 5 casos. Origen laboral<\/p>\n\n\n\n<p class=\"wp-block-paragraph\">\u00b7 Paterna: 4 casos. \u00c1mbito educativo<\/p>\n\n\n\n<p class=\"wp-block-paragraph\">\u00b7 Albuixech: 3 casos. Origen social<\/p>\n\n\n\n<p class=\"wp-block-paragraph\">\u00b7 Val\u00e8ncia: 6 casos. Origen social<\/p>\n\n\n\n<p class=\"wp-block-paragraph\">\u00b7 La Pobla de Vallbona: 4 casos. Origen social<\/p>\n\n\n\n<p class=\"wp-block-paragraph\">\u00b7 Miramar: 5 casos. Origen social<\/p>\n\n\n\n<p class=\"wp-block-paragraph\">\u00b7 Alicante: 4 casos. Origen social<\/p>\n\n\n\n<p class=\"wp-block-paragraph\">\u00b7 Catarroja: 6 casos. Origen laboral<\/p>\n\n\n\n<p class=\"wp-block-paragraph\">\u00b7 Alicante: 6 casos. Origen social<\/p>\n\n\n\n<p class=\"wp-block-paragraph\">\u00b7 Val\u00e8ncia: 4 casos. Origen social<\/p>\n\n\n\n<p class=\"wp-block-paragraph\">\u00b7 Val\u00e8ncia: 4 casos. Origen social<\/p>\n\n\n\n<p class=\"wp-block-paragraph\">\u00b7 Ontinyent: 4 casos. Origen laboral<\/p>\n\n\n\n<p class=\"wp-block-paragraph\">\u00b7 Ontinyent: 4 casos. Origen social<\/p>\n\n\n\n<p class=\"wp-block-paragraph\">\u00b7 Villanueva de Castell\u00f3 (antes Villanueva de Castell\u00f3n): 5 casos. Origen social<\/p>\n","protected":false},"excerpt":{"rendered":"<div class=\"mh-excerpt\">La Comunitat Valenciana ha registrat 1.427 nous casos de coronavirus confirmats per prova PCR o mitjan\u00e7ant test d&#8217;ant\u00edgens, que situen la xifra total de positius en 97.397 persones. Per prov\u00edncies, la distribuci\u00f3 de nous positius <a class=\"mh-excerpt-more\" href=\"https:\/\/tucomarca.whitekongsoftware.com\/ca\/castello-de-la-ribera-aporta-5-casos-la-pobla-de-vallbona-4-ademus-3-i-lalcudia-3-als-1-427-nous-contagis-de-coronavirus-registrats-a-la-comunitat\/\" title=\"Castell\u00f3 de la Ribera aporta 5 casos, la Pobla de Vallbona 4, Adem\u00fas 3 i l&#8217;Alc\u00fadia 3 als 1.427 nous contagis de coronavirus registrats a la Comunitat\">[+] <\/a><\/div>\n","protected":false},"author":1,"featured_media":120269,"comment_status":"open","ping_status":"open","sticky":false,"template":"","format":"standard","meta":{"footnotes":""},"categories":[10890,10926,10892,11010,12202,10898,10948,10894,10904,10915,10902,10903,10947,10896,10897,11052],"tags":[11898,11097,10899,11939,11940,11077],"class_list":["post-120272","post","type-post","status-publish","format-standard","has-post-thumbnail","category-ademus","category-ademus-ca","category-camp-de-turia-ca","category-canal-salud","category-covid-19-ca","category-ventana-ca","category-infraestructuras-ca","category-la-comarca-ca","category-sin-categorizar-ca","category-la-pobla-ca","category-la-ribera-ca","category-medio-ambiente-la-comarca-ca","category-politica","category-seccion-ca","category-sucesos-la-comarca-ca","category-villanueva-de-castellon-ca","tag-ademas-ca","tag-ademuz-ca","tag-camp-de-turia-ca","tag-coronavirus-ca","tag-covid-19-ca","tag-la-ribera-alta-ca"],"_links":{"self":[{"href":"https:\/\/tucomarca.whitekongsoftware.com\/ca\/wp-json\/wp\/v2\/posts\/120272","targetHints":{"allow":["GET"]}}],"collection":[{"href":"https:\/\/tucomarca.whitekongsoftware.com\/ca\/wp-json\/wp\/v2\/posts"}],"about":[{"href":"https:\/\/tucomarca.whitekongsoftware.com\/ca\/wp-json\/wp\/v2\/types\/post"}],"author":[{"embeddable":true,"href":"https:\/\/tucomarca.whitekongsoftware.com\/ca\/wp-json\/wp\/v2\/users\/1"}],"replies":[{"embeddable":true,"href":"https:\/\/tucomarca.whitekongsoftware.com\/ca\/wp-json\/wp\/v2\/comments?post=120272"}],"version-history":[{"count":0,"href":"https:\/\/tucomarca.whitekongsoftware.com\/ca\/wp-json\/wp\/v2\/posts\/120272\/revisions"}],"wp:featuredmedia":[{"embeddable":true,"href":"https:\/\/tucomarca.whitekongsoftware.com\/ca\/wp-json\/wp\/v2\/media\/120269"}],"wp:attachment":[{"href":"https:\/\/tucomarca.whitekongsoftware.com\/ca\/wp-json\/wp\/v2\/media?parent=120272"}],"wp:term":[{"taxonomy":"category","embeddable":true,"href":"https:\/\/tucomarca.whitekongsoftware.com\/ca\/wp-json\/wp\/v2\/categories?post=120272"},{"taxonomy":"post_tag","embeddable":true,"href":"https:\/\/tucomarca.whitekongsoftware.com\/ca\/wp-json\/wp\/v2\/tags?post=120272"}],"curies":[{"name":"wp","href":"https:\/\/api.w.org\/{rel}","templated":true}]}}