{"id":120219,"date":"2020-11-25T15:00:16","date_gmt":"2020-11-25T14:00:16","guid":{"rendered":"http:\/\/www.tucomarca.com\/wordpress\/segunda\/?p=120219"},"modified":"2020-11-26T02:02:05","modified_gmt":"2020-11-26T01:02:05","slug":"el-60-de-les-dones-maltractades-patixen-sequeles-psicologiques-moderades-i-greus","status":"publish","type":"post","link":"https:\/\/tucomarca.whitekongsoftware.com\/ca\/el-60-de-les-dones-maltractades-patixen-sequeles-psicologiques-moderades-i-greus\/","title":{"rendered":"El 60% de les dones maltractades patixen seq\u00fceles psicol\u00f2giques moderades i greus"},"content":{"rendered":"\n<h4 class=\"wp-block-heading\">&#8220;<strong>Les seq\u00fceles a nivell emocional s\u00f3n nombroses i requerixen, en la majoria dels casos un proc\u00e9s de recuperaci\u00f3 llarg i cost\u00f3s&#8221;, segons Sonia Ricart, treballadora social en el Centre de Salut de Manises<\/strong><\/h4>\n\n\n\n<p class=\"wp-block-paragraph\">La viol\u00e8ncia de g\u00e8nere, \u00e9s a dir, qualsevol acte de viol\u00e8ncia basada en el g\u00e8nere i que danya f\u00edsica, sexual o psicol\u00f2gicament a la persona, incloent amenaces, coerci\u00f3 o privaci\u00f3 de la llibertat en la vida p\u00fablica o privada \u00e9s una problem\u00e0tica que afecta cada vegada de manera m\u00e9s evident a la nostra societat, de fet, nom\u00e9s en la Comunitat Valenciana el nombre de dones afectades per viol\u00e8ncia de g\u00e8nere ha aconseguit a 4.909 en 2019, un 2,5% m\u00e9s que el passat any segons dades de l&#8217;Institut Nacional d&#8217;Estad\u00edstica. A m\u00e9s, la pand\u00e8mia de la Covid-19 no ha fet una altra cosa que aguditzar este problema ja que les dones maltractades han passat durant estos \u00faltims mesos m\u00e9s temps de conviv\u00e8ncia amb el seu agressor. A\u00e7\u00f2 ha causat, junt amb la impossibilitat de demanar ajuda i la dificultat d&#8217;acudir als centres d&#8217;assist\u00e8ncia, un evident agreujament en les situacions viscudes per estes dones.<\/p>\n\n\n\n<p class=\"wp-block-paragraph\">Sonia Ricart, treballadora social en el Centre de Salut de Manises i agent d&#8217;igualtat, explica que &#8220;durante molt de temps s&#8217;ha posat el focus d&#8217;atenci\u00f3 en les afeccions f\u00edsiques de les dones v\u00edctimes de viol\u00e8ncia de g\u00e8nere. No obstant aix\u00f2, ning\u00fa parla de que el 60% tenen problemes psicol\u00f2gics i emocionals moderats o graves&#8221;. Estes seq\u00fceles, segons explica Ricart, &#8220;son nombroses i requerixen, en la majoria dels casos un proc\u00e9s de recuperaci\u00f3 llarg i cost\u00f3s en les dones ja que afecten la seua salut mental. La major part d&#8217;elles patixen trastorns d&#8217;estr\u00e9s posttraum\u00e0tic complex i depressi\u00f3 que es manifesten en sentiments negatius, autoestima baixa, pors diverses i una inseguretat vital que \u00e9s necessari que es traten&#8221;.<\/p>\n\n\n\n<p class=\"wp-block-paragraph\">Tant la salut f\u00edsica com la salut mental ha de ser priorit\u00e0ria en l&#8217;atenci\u00f3 sanit\u00e0ria d&#8217;estes dones ja que el proc\u00e9s de recuperaci\u00f3 posterior \u00e9s lent i progressiu. &#8220;Si descuidem de la salut mental de les pacients que acudixen als centres sanitaris, cometem l&#8217;error de no abordar el problema en la seua completa dimensi\u00f3, per a aix\u00f2, en el Departament de Salut de Manises treballem amb estes dones de manera multidisciplin\u00e0ria metges, treballadors socials i psic\u00f3logos&#8221;, explica Sonia Ricart.&nbsp;<\/p>\n\n\n\n<p class=\"wp-block-paragraph\">El Departament de Salut de Manises compta amb quasi 200 professionals formats per a la detecci\u00f3 preco\u00e7 de casos de viol\u00e8ncia de g\u00e8nere i durant l&#8217;any passat es van realitzar m\u00e9s de 1.500 atencions a dones maltractades en els seus centres sanitaris. &#8220;El comprom\u00eds del nostre Departament \u00e9s ferm contra qualsevol manifestaci\u00f3 de viol\u00e8ncia, especialment contra dones. La viol\u00e8ncia de g\u00e8nere \u00e9s un important problema de salut p\u00fablica, tant per la magnitud de les lesions produ\u00efdes, com per les seues conseq\u00fc\u00e8ncies a curt i a llarg termini sobre la salut de les v\u00edctimes, aix\u00ed com la dels seus hijos&#8221;, explica la Dra. Lola Alfonso, metge de fam\u00edlia del Centre de Salut de Manises i presidenta de la comissi\u00f3 de Viol\u00e8ncia de G\u00e8nere del Departament.<\/p>\n","protected":false},"excerpt":{"rendered":"<div class=\"mh-excerpt\">&#8220;Les seq\u00fceles a nivell emocional s\u00f3n nombroses i requerixen, en la majoria dels casos un proc\u00e9s de recuperaci\u00f3 llarg i cost\u00f3s&#8221;, segons Sonia Ricart, treballadora social en el Centre de Salut de Manises La viol\u00e8ncia <a class=\"mh-excerpt-more\" href=\"https:\/\/tucomarca.whitekongsoftware.com\/ca\/el-60-de-les-dones-maltractades-patixen-sequeles-psicologiques-moderades-i-greus\/\" title=\"El 60% de les dones maltractades patixen seq\u00fceles psicol\u00f2giques moderades i greus\">[+] <\/a><\/div>\n","protected":false},"author":12,"featured_media":120218,"comment_status":"open","ping_status":"open","sticky":false,"template":"","format":"standard","meta":{"footnotes":""},"categories":[10973,10911,10892,11010,10898,10977,10980,10894,10912,10902,10931,10978,10906,10896,11047,10974,10975],"tags":[11092,136,11629,952],"class_list":["post-120219","post","type-post","status-publish","format-standard","has-post-thumbnail","category-alborache-ca","category-bunol-ca","category-camp-de-turia-ca","category-canal-salud","category-ventana-ca","category-godelleta-ca","category-yatova-ca","category-la-comarca-ca","category-la-hoya-ca","category-la-ribera-ca","category-loriguilla-ca","category-macastre-ca","category-riba-roja-ca","category-seccion-ca","category-turis-ca","category-cheste-ca","category-chiva-ca","tag-hospital-de-manises-ca","tag-hospital-de-manises","tag-violencia-de-genero-ca","tag-violencia-de-genero"],"_links":{"self":[{"href":"https:\/\/tucomarca.whitekongsoftware.com\/ca\/wp-json\/wp\/v2\/posts\/120219","targetHints":{"allow":["GET"]}}],"collection":[{"href":"https:\/\/tucomarca.whitekongsoftware.com\/ca\/wp-json\/wp\/v2\/posts"}],"about":[{"href":"https:\/\/tucomarca.whitekongsoftware.com\/ca\/wp-json\/wp\/v2\/types\/post"}],"author":[{"embeddable":true,"href":"https:\/\/tucomarca.whitekongsoftware.com\/ca\/wp-json\/wp\/v2\/users\/12"}],"replies":[{"embeddable":true,"href":"https:\/\/tucomarca.whitekongsoftware.com\/ca\/wp-json\/wp\/v2\/comments?post=120219"}],"version-history":[{"count":0,"href":"https:\/\/tucomarca.whitekongsoftware.com\/ca\/wp-json\/wp\/v2\/posts\/120219\/revisions"}],"wp:featuredmedia":[{"embeddable":true,"href":"https:\/\/tucomarca.whitekongsoftware.com\/ca\/wp-json\/wp\/v2\/media\/120218"}],"wp:attachment":[{"href":"https:\/\/tucomarca.whitekongsoftware.com\/ca\/wp-json\/wp\/v2\/media?parent=120219"}],"wp:term":[{"taxonomy":"category","embeddable":true,"href":"https:\/\/tucomarca.whitekongsoftware.com\/ca\/wp-json\/wp\/v2\/categories?post=120219"},{"taxonomy":"post_tag","embeddable":true,"href":"https:\/\/tucomarca.whitekongsoftware.com\/ca\/wp-json\/wp\/v2\/tags?post=120219"}],"curies":[{"name":"wp","href":"https:\/\/api.w.org\/{rel}","templated":true}]}}