{"id":120209,"date":"2020-11-25T14:55:29","date_gmt":"2020-11-25T13:55:29","guid":{"rendered":"http:\/\/www.tucomarca.com\/wordpress\/segunda\/?p=120209"},"modified":"2020-11-26T02:06:35","modified_gmt":"2020-11-26T01:06:35","slug":"la-xarxa-de-municipis-protegits-contra-la-violencia-de-genere-de-la-diputacio-supera-el-centenar-de-membres","status":"publish","type":"post","link":"https:\/\/tucomarca.whitekongsoftware.com\/ca\/la-xarxa-de-municipis-protegits-contra-la-violencia-de-genere-de-la-diputacio-supera-el-centenar-de-membres\/","title":{"rendered":"La Xarxa de Municipis Protegits contra la Viol\u00e8ncia de G\u00e8nere de la Diputaci\u00f3 supera el centenar de membres"},"content":{"rendered":"\n<h4 class=\"wp-block-heading\">Amb l&#8217;adhesi\u00f3 de 17 nous municipis que es va formalitzar durant l&#8217;assemblea general del 20 de novembre, un total de 101 ajuntaments formaran part de la xarxa<\/h4>\n\n\n\n<h4 class=\"wp-block-heading\">La diputada d&#8217;Igualtat, Eli Garc\u00eda, t\u00e9 previst anunciar la celebraci\u00f3 de la segona trobada de la xarxa, que tindr\u00e0 lloc a principis de l&#8217;any que ve<\/h4>\n\n\n\n<p class=\"wp-block-paragraph\">La Xarxa de Municipis Protegits contra la Viol\u00e8ncia de G\u00e8nere de la Diputaci\u00f3 de Val\u00e8ncia supera el centenar de membres despr\u00e9s de sumar 17 nous membres, els quals van formalitzar la seua adhesi\u00f3 durant l&#8217;assemblea general que es va celebrar, de manera telem\u00e0tica, el divendres dia 20 de novembre. Amb la incorporaci\u00f3 d&#8217;estos ajuntaments de huit comarques valencianes, la xarxa provincial contra la viol\u00e8ncia masclista creada al novembre de 2018 suma ja 101 localitats.<\/p>\n\n\n\n<p class=\"wp-block-paragraph\">Per comarques, la Safor suma a la Xarxa els municipis de L&#8217;Alqueria de la Comtessa, Alfauir, Xeraco, Vilallonga i Guardamar de la Safor; la Vall d&#8217;Albaida incorpora a L&#8217;Olleria, Agullent, Pobla del Duc i R\u00e0fol de Salem; la Ribera a Riola i Alberic; i Hoya de Bu\u00f1ol a Chiva i Alborache. A m\u00e9s, passen a formar part d&#8217;esta iniciativa provincial contra la viol\u00e8ncia masclista els ajuntaments de Silla, a L&#8217;Horta Sud; Moixent, a La Costera; Anna, a La Canal de Navarr\u00e9s; i Ademuz, en Rinc\u00f3n de Ademuz.<\/p>\n\n\n\n<p class=\"wp-block-paragraph\">La responsable de l&#8217;\u00e0rea d&#8217;Igualtat de la Diputaci\u00f3, Eli Garc\u00eda ha declaratque valora \u201cmolt positivament l&#8217;inter\u00e9s dels ajuntaments per a formar partde la Xarxa de Municipis Protegits contra la Viol\u00e8ncia de G\u00e8nere, perqu\u00e8 la col\u00b7laboraci\u00f3 entre les administracions \u00e9s fonamental per a l&#8217;eliminaci\u00f3 d&#8217;un problema tan greu i tr\u00e0gic de la nostra societat com \u00e9s la viol\u00e8ncia exercidacontra les dones\u201d.<\/p>\n\n\n\n<p class=\"wp-block-paragraph\">Eli Garc\u00eda va anunciar a m\u00e9s la celebraci\u00f3 de la segona trobada de la xarxa, que tindr\u00e0 lloc a principis de l&#8217;any que ve, despr\u00e9s de l&#8217;\u00e8xit de la primera trobada, que va tindre lloc l&#8217;any passat coincidint amb els actes del 25N.<\/p>\n\n\n\n<p class=\"wp-block-paragraph\"><strong>Naixement i evoluci\u00f3&nbsp;<\/strong><\/p>\n\n\n\n<p class=\"wp-block-paragraph\">La Xarxa de Municipis Protegits contra la Viol\u00e8ncia de G\u00e8nere de la Diputaci\u00f3 de Val\u00e8ncia es va constituir el 14 de novembre de 2018 amb 49 ajuntaments fundadors, entre els quals destacaven grans poblacions com Gandia, X\u00e0tiva, Ontinyent, Mislata, Alzira i Burjassot, als quals l&#8217;\u00e0rea d&#8217;Igualtat de la corporaci\u00f3 provincial va oferir la possibilitat de compartir recursos i esfor\u00e7os en la lluita contra esta xacra social que ens afecta a totes i tots. L&#8217;objectiu de la iniciativa \u00e9s dotar de recursos als municipis per a ajudar-los a desenvolupar els seus propis plans d&#8217;igualtat i contra la viol\u00e8ncia de g\u00e8nere.<\/p>\n\n\n\n<p class=\"wp-block-paragraph\">Des d&#8217;aqueix moment, s&#8217;han celebrat tres assemblees generals en les quals s&#8217;han anat sumant municipis de totes les comarques valencianes. Al maig de 2019 ho van fer Pu\u00e7ol, Bocairent, Sagunt, Benissoda, Villar del Arzobispo, L&#8217;Alc\u00fadia, Massamagrell, Paterna, Llutxent, Vallada, Bonrep\u00f2s i Mirambell, Ll\u00edria i Piles. Al desembre del mateix any es van adherir Sedav\u00ed, Olocau, Vilamarxant, Massanassa i Aielo de Malferit.<\/p>\n\n\n\n<p class=\"wp-block-paragraph\">L&#8217;\u00faltima gran ampliaci\u00f3 va tindre lloc en l&#8217;assemblea celebrada al juny d&#8217;enguany, quan es van sumar les localitats de Salem, B\u00e8lgida, Atzeneta d&#8217;Albaida, Guadass\u00e8quies, Otos, Quatretonda, Beniatjar, el Real de Gandia, Ador, Rafelcofer, Sueca, Favara, Corbera, Torrent, L&#8217;Eliana, Carcaixent i Navarr\u00e9s.<\/p>\n\n\n\n<p class=\"wp-block-paragraph\">El Comit\u00e9 Avaluador es reunix sempre en la pr\u00e8via de cada assemblea per a revisar que els municipis sol\u00b7licitants complixen els requisits m\u00ednims exigibles per a adherir-se a la xarxa provincial, entre ells tindre una regidoria i un pla d&#8217;Igualtat, disposar de recursos econ\u00f2mics i professionals propis en la lluita contra la viol\u00e8ncia masclista i, en el cas de municipis de menys de 20.000 habitants, estar connectats al sistema d&#8217;atenci\u00f3 telef\u00f2nica ATENPRO.<\/p>\n","protected":false},"excerpt":{"rendered":"<div class=\"mh-excerpt\">Amb l&#8217;adhesi\u00f3 de 17 nous municipis que es va formalitzar durant l&#8217;assemblea general del 20 de novembre, un total de 101 ajuntaments formaran part de la xarxa La diputada d&#8217;Igualtat, Eli Garc\u00eda, t\u00e9 previst anunciar <a class=\"mh-excerpt-more\" href=\"https:\/\/tucomarca.whitekongsoftware.com\/ca\/la-xarxa-de-municipis-protegits-contra-la-violencia-de-genere-de-la-diputacio-supera-el-centenar-de-membres\/\" title=\"La Xarxa de Municipis Protegits contra la Viol\u00e8ncia de G\u00e8nere de la Diputaci\u00f3 supera el centenar de membres\">[+] <\/a><\/div>\n","protected":false},"author":12,"featured_media":120207,"comment_status":"open","ping_status":"open","sticky":false,"template":"","format":"standard","meta":{"footnotes":""},"categories":[10890,10926,10973,10889,10964,10892,11046,10898,10963,10894,10904,10912,10928,10893,10971,10947,10896,11029,10975],"tags":[13086,3677,2228,13110],"class_list":["post-120209","post","type-post","status-publish","format-standard","has-post-thumbnail","category-ademus","category-ademus-ca","category-alborache-ca","category-alzira-cat","category-anna-ca","category-camp-de-turia-ca","category-los-serranos-ca","category-ventana-ca","category-la-canal-de-navarres-ca","category-la-comarca-ca","category-sin-categorizar-ca","category-la-hoya-ca","category-lliria-ca","category-leliana-ca","category-navarres-ca","category-politica","category-seccion-ca","category-villar-del-arzobispo-ca","category-chiva-ca","tag-25n","tag-diputacio-de-valencia","tag-igualdad","tag-red-de-municipios-protegidos-contra-la-violencia-de-genero"],"_links":{"self":[{"href":"https:\/\/tucomarca.whitekongsoftware.com\/ca\/wp-json\/wp\/v2\/posts\/120209","targetHints":{"allow":["GET"]}}],"collection":[{"href":"https:\/\/tucomarca.whitekongsoftware.com\/ca\/wp-json\/wp\/v2\/posts"}],"about":[{"href":"https:\/\/tucomarca.whitekongsoftware.com\/ca\/wp-json\/wp\/v2\/types\/post"}],"author":[{"embeddable":true,"href":"https:\/\/tucomarca.whitekongsoftware.com\/ca\/wp-json\/wp\/v2\/users\/12"}],"replies":[{"embeddable":true,"href":"https:\/\/tucomarca.whitekongsoftware.com\/ca\/wp-json\/wp\/v2\/comments?post=120209"}],"version-history":[{"count":0,"href":"https:\/\/tucomarca.whitekongsoftware.com\/ca\/wp-json\/wp\/v2\/posts\/120209\/revisions"}],"wp:featuredmedia":[{"embeddable":true,"href":"https:\/\/tucomarca.whitekongsoftware.com\/ca\/wp-json\/wp\/v2\/media\/120207"}],"wp:attachment":[{"href":"https:\/\/tucomarca.whitekongsoftware.com\/ca\/wp-json\/wp\/v2\/media?parent=120209"}],"wp:term":[{"taxonomy":"category","embeddable":true,"href":"https:\/\/tucomarca.whitekongsoftware.com\/ca\/wp-json\/wp\/v2\/categories?post=120209"},{"taxonomy":"post_tag","embeddable":true,"href":"https:\/\/tucomarca.whitekongsoftware.com\/ca\/wp-json\/wp\/v2\/tags?post=120209"}],"curies":[{"name":"wp","href":"https:\/\/api.w.org\/{rel}","templated":true}]}}