{"id":120014,"date":"2020-11-24T13:00:26","date_gmt":"2020-11-24T12:00:26","guid":{"rendered":"http:\/\/www.tucomarca.com\/wordpress\/segunda\/?p=120014"},"modified":"2020-11-24T18:37:06","modified_gmt":"2020-11-24T17:37:06","slug":"leliana-invertira-35-milions-deuros-del-romanent-de-tresoreria-en-la-millora-dinfraestructures","status":"publish","type":"post","link":"https:\/\/tucomarca.whitekongsoftware.com\/ca\/leliana-invertira-35-milions-deuros-del-romanent-de-tresoreria-en-la-millora-dinfraestructures\/","title":{"rendered":"L&#8217;Eliana invertir\u00e0 3,5 milions d&#8217;euros del romanent de tresoreria en la millora d&#8217;infraestructures"},"content":{"rendered":"\n<h4 class=\"wp-block-heading\"><strong>L&#8217;Ajuntament executar\u00e0 un total de 12 actuacions amb part de l&#8217;estalvi obtingut en els \u00faltims anys.<\/strong><\/h4>\n\n\n\n<p class=\"wp-block-paragraph\">El Ple de l&#8217;Ajuntament de l&#8217;Eliana ha donat aquesta setmana llum verda a la modificaci\u00f3 de cr\u00e8dits que permetr\u00e0 al consistori destinar part del romanent l\u00edquid de tresoreria a un total de 12 actuacions en infraestructures per un import de 3.453.882 \u20ac. Les obres que s&#8217;executaran amb aquest cr\u00e8dit extraordinari, provinent dels estalvis que l&#8217;Ajuntament ha acumulat en els \u00faltims anys, es repartiran en cinc grans blocs: repavimentaci\u00f3 i renovaci\u00f3 de vials i cal\u00e7ades, renovaci\u00f3 i reparaci\u00f3 de voreres, generaci\u00f3 de sentits \u00fanics i millora de l&#8217;accessibilitat, ampliaci\u00f3 de la Casa de la M\u00fasica i millores en les infraestructures de l&#8217;aigua potable.<\/p>\n\n\n\n<p class=\"wp-block-paragraph\">La major inversi\u00f3 anir\u00e0 destinada a la repavimentaci\u00f3 i renovaci\u00f3 de diversos vials i cal\u00e7ades del terme municipal i estar\u00e0 dotada amb 1.095.000 euros, mentre que la renovaci\u00f3 i reparaci\u00f3 de voreres, tant del nucli urb\u00e0 com d&#8217;urbanitzacions, es portar\u00e0 m\u00e9s de 927.100 euros.<\/p>\n\n\n\n<p class=\"wp-block-paragraph\">Les obres d&#8217;accessibilitat sumaran prop de 600.000 euros per a completar la generaci\u00f3 de sentits \u00fanics en pr\u00e0cticament totes les zones residencials de la localitat, amb l&#8217;objectiu d&#8217;acabar amb els estacionaments sobre les voreres, evitant la seua deterioraci\u00f3 i facilitant el pas als vianants. A aquesta actuaci\u00f3 s&#8217;afegir\u00e0 l&#8217;obra d&#8217;adequaci\u00f3 de l&#8217;avinguda del Poliesportiu, que inclour\u00e0 l&#8217;ampliaci\u00f3 de voreres, la plantaci\u00f3 d&#8217;arbratge i instal\u00b7laci\u00f3 de mobiliari urb\u00e0 i la transformaci\u00f3 de la cal\u00e7ada en un cicle-carrer de sentit \u00fanic. Tot aix\u00f2 amb l&#8217;objectiu de dotar la zona de l&#8217;IES i el Poliesportiu en una zona d&#8217;esplai per als ve\u00efns i ve\u00efnes.<\/p>\n\n\n\n<p class=\"wp-block-paragraph\">Una altra de les accions m\u00e9s importants que s&#8217;han aprovat en aquest nou paquet d&#8217;inversions ser\u00e0 l&#8217;obra d&#8217;ampliaci\u00f3 de la Casa de la M\u00fasica, que ascendir\u00e0 a 345.706 \u20ac destinats al condicionament de les antigues instal\u00b7lacions del Mercat Municipal.&nbsp;<\/p>\n\n\n\n<p class=\"wp-block-paragraph\">L&#8217;\u00faltim bloc d&#8217;inversions sumar\u00e0 un total de 490.000 euros en el Pla Director d&#8217;Aig\u00fces amb l&#8217;objectiu de millorar l&#8217;estat de la xarxa, convertir-la en m\u00e9s eficient i millorar el servei que es presta a elianers i elianeres.&nbsp;<\/p>\n\n\n\n<p class=\"wp-block-paragraph\">L&#8217;alcalde, Salva Torrent, ha celebrat que, per primera vegada, l&#8217;Ajuntament puga destinar els seus estalvis a millorar infraestructures i serveis, la qual cosa es traduir\u00e0 en un impuls econ\u00f2mic per als empresaris de l&#8217;Eliana, gr\u00e0cies al registre municipal elaborat recentment, i ha anunciat que les inversions continuaran augmentant en els pr\u00f2xims anys per a millorar la qualitat de vida de la ciutadania.<br><\/p>\n","protected":false},"excerpt":{"rendered":"<div class=\"mh-excerpt\">L&#8217;Ajuntament executar\u00e0 un total de 12 actuacions amb part de l&#8217;estalvi obtingut en els \u00faltims anys. El Ple de l&#8217;Ajuntament de l&#8217;Eliana ha donat aquesta setmana llum verda a la modificaci\u00f3 de cr\u00e8dits que permetr\u00e0 <a class=\"mh-excerpt-more\" href=\"https:\/\/tucomarca.whitekongsoftware.com\/ca\/leliana-invertira-35-milions-deuros-del-romanent-de-tresoreria-en-la-millora-dinfraestructures\/\" title=\"L&#8217;Eliana invertir\u00e0 3,5 milions d&#8217;euros del romanent de tresoreria en la millora d&#8217;infraestructures\">[+] <\/a><\/div>\n","protected":false},"author":12,"featured_media":120013,"comment_status":"open","ping_status":"open","sticky":false,"template":"","format":"standard","meta":{"footnotes":""},"categories":[10892,10948,10894,10893,10947,10896],"tags":[10395,10433],"class_list":["post-120014","post","type-post","status-publish","format-standard","has-post-thumbnail","category-camp-de-turia-ca","category-infraestructuras-ca","category-la-comarca-ca","category-leliana-ca","category-politica","category-seccion-ca","tag-camp-de-turia","tag-leliana"],"_links":{"self":[{"href":"https:\/\/tucomarca.whitekongsoftware.com\/ca\/wp-json\/wp\/v2\/posts\/120014","targetHints":{"allow":["GET"]}}],"collection":[{"href":"https:\/\/tucomarca.whitekongsoftware.com\/ca\/wp-json\/wp\/v2\/posts"}],"about":[{"href":"https:\/\/tucomarca.whitekongsoftware.com\/ca\/wp-json\/wp\/v2\/types\/post"}],"author":[{"embeddable":true,"href":"https:\/\/tucomarca.whitekongsoftware.com\/ca\/wp-json\/wp\/v2\/users\/12"}],"replies":[{"embeddable":true,"href":"https:\/\/tucomarca.whitekongsoftware.com\/ca\/wp-json\/wp\/v2\/comments?post=120014"}],"version-history":[{"count":0,"href":"https:\/\/tucomarca.whitekongsoftware.com\/ca\/wp-json\/wp\/v2\/posts\/120014\/revisions"}],"wp:featuredmedia":[{"embeddable":true,"href":"https:\/\/tucomarca.whitekongsoftware.com\/ca\/wp-json\/wp\/v2\/media\/120013"}],"wp:attachment":[{"href":"https:\/\/tucomarca.whitekongsoftware.com\/ca\/wp-json\/wp\/v2\/media?parent=120014"}],"wp:term":[{"taxonomy":"category","embeddable":true,"href":"https:\/\/tucomarca.whitekongsoftware.com\/ca\/wp-json\/wp\/v2\/categories?post=120014"},{"taxonomy":"post_tag","embeddable":true,"href":"https:\/\/tucomarca.whitekongsoftware.com\/ca\/wp-json\/wp\/v2\/tags?post=120014"}],"curies":[{"name":"wp","href":"https:\/\/api.w.org\/{rel}","templated":true}]}}