{"id":120005,"date":"2020-11-24T07:00:59","date_gmt":"2020-11-24T06:00:59","guid":{"rendered":"http:\/\/www.tucomarca.com\/wordpress\/segunda\/?p=120005"},"modified":"2020-11-24T18:22:17","modified_gmt":"2020-11-24T17:22:17","slug":"lassociacio-dempresaris-i-autonoms-de-bunyol-i-lartista-local-toni-lopez-junt-amb-chuky-estudi-creguen-un-mural-per-a-fomentar-el-comerc-de-proximitat","status":"publish","type":"post","link":"https:\/\/tucomarca.whitekongsoftware.com\/ca\/lassociacio-dempresaris-i-autonoms-de-bunyol-i-lartista-local-toni-lopez-junt-amb-chuky-estudi-creguen-un-mural-per-a-fomentar-el-comerc-de-proximitat\/","title":{"rendered":"L&#8217;Associaci\u00f3 d&#8217;Empresaris i Aut\u00f2noms de Bunyol i l&#8217;artista local Toni L\u00f3pez junt amb Chuky Estudi creguen un mural per a fomentar  el comer\u00e7 de proximitat"},"content":{"rendered":"\n<h4 class=\"wp-block-heading\">El lema &#8220;Elige Bu\u00f1ol, Comer\u00e7 de Proximidad&#8221;, \u00e9s una iniciativa de l&#8217;Associaci\u00f3 d&#8217;Empresaris i Aut\u00f2noms de Bu\u00f1ol, en la que col\u00b7labora l&#8217;Ajuntament de la localitat i Uni\u00f3 Gremial, i que busca fomentar les compres en el comer\u00e7 local de cara a l&#8217;\u00e8poca nadalenca. \u00c9s un gran mural confeccionat per l&#8217;artista local Toni L\u00f3pez junt amb Chuky Estudi en la baixada de la &#8220;Cuesta Roya&#8221; despr\u00e9s de la rotonda de Las Ventas.<\/h4>\n\n\n\n<ul class=\"wp-block-gallery columns-1 is-cropped wp-block-gallery-1 is-layout-flex wp-block-gallery-is-layout-flex\"><li class=\"blocks-gallery-item\"><figure><img loading=\"lazy\" decoding=\"async\" width=\"787\" height=\"590\" src=\"http:\/\/www.tucomarca.com\/wordpress\/segunda\/wp-content\/uploads\/2020\/11\/ToniLopezmural03.jpg\" alt=\"\" data-id=\"120000\" data-link=\"http:\/\/www.tucomarca.com\/wordpress\/segunda\/?attachment_id=120000\" class=\"wp-image-120000\" srcset=\"https:\/\/tucomarca.whitekongsoftware.com\/wp-content\/uploads\/2020\/11\/ToniLopezmural03.jpg 787w, https:\/\/tucomarca.whitekongsoftware.com\/wp-content\/uploads\/2020\/11\/ToniLopezmural03-300x225.jpg 300w, https:\/\/tucomarca.whitekongsoftware.com\/wp-content\/uploads\/2020\/11\/ToniLopezmural03-768x576.jpg 768w, https:\/\/tucomarca.whitekongsoftware.com\/wp-content\/uploads\/2020\/11\/ToniLopezmural03-678x509.jpg 678w, https:\/\/tucomarca.whitekongsoftware.com\/wp-content\/uploads\/2020\/11\/ToniLopezmural03-326x245.jpg 326w, https:\/\/tucomarca.whitekongsoftware.com\/wp-content\/uploads\/2020\/11\/ToniLopezmural03-80x60.jpg 80w\" sizes=\"auto, (max-width: 787px) 100vw, 787px\" \/><\/figure><\/li><li class=\"blocks-gallery-item\"><figure><img loading=\"lazy\" decoding=\"async\" width=\"787\" height=\"590\" src=\"http:\/\/www.tucomarca.com\/wordpress\/segunda\/wp-content\/uploads\/2020\/11\/ToniLopezmural02.jpg\" alt=\"\" data-id=\"119998\" data-link=\"http:\/\/www.tucomarca.com\/wordpress\/segunda\/?attachment_id=119998\" class=\"wp-image-119998\" srcset=\"https:\/\/tucomarca.whitekongsoftware.com\/wp-content\/uploads\/2020\/11\/ToniLopezmural02.jpg 787w, https:\/\/tucomarca.whitekongsoftware.com\/wp-content\/uploads\/2020\/11\/ToniLopezmural02-300x225.jpg 300w, https:\/\/tucomarca.whitekongsoftware.com\/wp-content\/uploads\/2020\/11\/ToniLopezmural02-768x576.jpg 768w, https:\/\/tucomarca.whitekongsoftware.com\/wp-content\/uploads\/2020\/11\/ToniLopezmural02-678x509.jpg 678w, https:\/\/tucomarca.whitekongsoftware.com\/wp-content\/uploads\/2020\/11\/ToniLopezmural02-326x245.jpg 326w, https:\/\/tucomarca.whitekongsoftware.com\/wp-content\/uploads\/2020\/11\/ToniLopezmural02-80x60.jpg 80w\" sizes=\"auto, (max-width: 787px) 100vw, 787px\" \/><\/figure><\/li><\/ul>\n\n\n\n<p class=\"wp-block-paragraph\">La iniciativa naix de la m\u00e0 de la Junta Directiva i de l&#8217;artista Antonio L\u00f3pez per deixar plasmada la idea de la import\u00e0ncia del comer\u00e7 de la localitat.<\/p>\n\n\n\n<p class=\"wp-block-paragraph\">Amb el comer\u00e7 local tots s\u00f3n avantatges, ja que ens proporciona proximitat, confian\u00e7a i atenci\u00f3 personalitzada, alhora que genera riquesa i ocupaci\u00f3 local. A les nostres mans aquesta que aquests comer\u00e7os perduren en el temps.<\/p>\n\n\n\n<p class=\"wp-block-paragraph\">Al mural es veu t\u00edpiques botigues, un gest de complicitat a el petit comer\u00e7 d&#8217;aquest poble. Compta amb colors alegres i un disseny divertit fent refer\u00e8ncia a anar de compres pels nostres comer\u00e7os.<\/p>\n\n\n\n<p class=\"wp-block-paragraph\">Des de l&#8217;Associaci\u00f3 incideixen: &#8220;Els xiquets i xiquetes comprant representen el futur, en qu\u00e8 ensenyem d&#8217;anar de compres tamb\u00e9 pot ser divertit&#8221;.<\/p>\n\n\n\n<p class=\"wp-block-paragraph\">La junta directiva de l&#8217;Associaci\u00f3 d&#8217;Empresaris i Aut\u00f2noms de Bunyol agraeix p\u00fablicament Uni\u00f3 Gremial i a l&#8217;Ajuntament de Bunyol seua ajuda en l&#8217;elaboraci\u00f3 d&#8217;aquest gran mural, que llueix en un dels murs m\u00e9s grans i vistosos del municipi. &#8220;Esperem que siga del gust de tots&#8221;, conclouen.<\/p>\n","protected":false},"excerpt":{"rendered":"<div class=\"mh-excerpt\">El lema &#8220;Elige Bu\u00f1ol, Comer\u00e7 de Proximidad&#8221;, \u00e9s una iniciativa de l&#8217;Associaci\u00f3 d&#8217;Empresaris i Aut\u00f2noms de Bu\u00f1ol, en la que col\u00b7labora l&#8217;Ajuntament de la localitat i Uni\u00f3 Gremial, i que busca fomentar les compres en <a class=\"mh-excerpt-more\" href=\"https:\/\/tucomarca.whitekongsoftware.com\/ca\/lassociacio-dempresaris-i-autonoms-de-bunyol-i-lartista-local-toni-lopez-junt-amb-chuky-estudi-creguen-un-mural-per-a-fomentar-el-comerc-de-proximitat\/\" title=\"L&#8217;Associaci\u00f3 d&#8217;Empresaris i Aut\u00f2noms de Bunyol i l&#8217;artista local Toni L\u00f3pez junt amb Chuky Estudi creguen un mural per a fomentar  el comer\u00e7 de proximitat\">[+] <\/a><\/div>\n","protected":false},"author":12,"featured_media":120003,"comment_status":"open","ping_status":"open","sticky":false,"template":"","format":"gallery","meta":{"footnotes":""},"categories":[10911,10894,10912,11007,11063,10896],"tags":[10701,10385,5952,5106],"class_list":["post-120005","post","type-post","status-publish","format-gallery","has-post-thumbnail","category-bunol-ca","category-la-comarca-ca","category-la-hoya-ca","category-ocio-y-cultura-ca","category-pintura-ca","category-seccion-ca","tag-asociacion-de-comerciantes-de-bunol","tag-bunol","tag-la-hoya-de-bunol-chiva","tag-toni-lopez","post_format-post-format-gallery"],"_links":{"self":[{"href":"https:\/\/tucomarca.whitekongsoftware.com\/ca\/wp-json\/wp\/v2\/posts\/120005","targetHints":{"allow":["GET"]}}],"collection":[{"href":"https:\/\/tucomarca.whitekongsoftware.com\/ca\/wp-json\/wp\/v2\/posts"}],"about":[{"href":"https:\/\/tucomarca.whitekongsoftware.com\/ca\/wp-json\/wp\/v2\/types\/post"}],"author":[{"embeddable":true,"href":"https:\/\/tucomarca.whitekongsoftware.com\/ca\/wp-json\/wp\/v2\/users\/12"}],"replies":[{"embeddable":true,"href":"https:\/\/tucomarca.whitekongsoftware.com\/ca\/wp-json\/wp\/v2\/comments?post=120005"}],"version-history":[{"count":0,"href":"https:\/\/tucomarca.whitekongsoftware.com\/ca\/wp-json\/wp\/v2\/posts\/120005\/revisions"}],"wp:featuredmedia":[{"embeddable":true,"href":"https:\/\/tucomarca.whitekongsoftware.com\/ca\/wp-json\/wp\/v2\/media\/120003"}],"wp:attachment":[{"href":"https:\/\/tucomarca.whitekongsoftware.com\/ca\/wp-json\/wp\/v2\/media?parent=120005"}],"wp:term":[{"taxonomy":"category","embeddable":true,"href":"https:\/\/tucomarca.whitekongsoftware.com\/ca\/wp-json\/wp\/v2\/categories?post=120005"},{"taxonomy":"post_tag","embeddable":true,"href":"https:\/\/tucomarca.whitekongsoftware.com\/ca\/wp-json\/wp\/v2\/tags?post=120005"}],"curies":[{"name":"wp","href":"https:\/\/api.w.org\/{rel}","templated":true}]}}