{"id":119882,"date":"2020-11-23T09:30:14","date_gmt":"2020-11-23T08:30:14","guid":{"rendered":"http:\/\/www.tucomarca.com\/wordpress\/segunda\/?p=119882"},"modified":"2020-11-23T19:01:08","modified_gmt":"2020-11-23T18:01:08","slug":"riba-roja-redueix-un-25-la-taxa-datur-a-loctubre-i-formalitza-1-889-contractes-de-treball","status":"publish","type":"post","link":"https:\/\/tucomarca.whitekongsoftware.com\/ca\/riba-roja-redueix-un-25-la-taxa-datur-a-loctubre-i-formalitza-1-889-contractes-de-treball\/","title":{"rendered":"Riba-roja redueix un 2&#8217;5% la taxa d&#8217;atur a l&#8217;octubre i formalitza 1.889 contractes de treball"},"content":{"rendered":"\n<h4 class=\"wp-block-heading\">La localitat arriba a una taxa acumulada de creaci\u00f3 d&#8217;ocupaci\u00f3 de l&#8217;5&#8217;1%<\/h4>\n\n\n\n<p class=\"wp-block-paragraph\">La taxa d&#8217;atur a Riba-roja de T\u00faria s&#8217;ha redu\u00eft en un 2&#8217;5% entre els mesos de setembre i octubre passat amb la creaci\u00f3 de 44 nous llocs de treball entre la poblaci\u00f3 a el passar dels 1.737 aturats anteriorment als 1.693 de l&#8217;actualitat . La contractaci\u00f3 es confirma en els par\u00e0metres positius dels mesos precedents i, d&#8217;aquesta manera, es van crear altres 1.889 contractes entre els treballadors en el mes d&#8217;octubre.<\/p>\n\n\n\n<p class=\"wp-block-paragraph\">La taxa de creaci\u00f3 d&#8217;ocupaci\u00f3 en els \u00faltims dos mesos registrats, setembre i octubre, arriba als 5&#8217;1% en total, gr\u00e0cies als 73 llocs de treball que s&#8217;han generat entre els dos per\u00edodes de temps, amb 29 i 44 llocs de treball, respectivament. Dels 1.693 aturats actuals a la localitat hi ha un total de 1.015 que corresponen a dones mentre que els restants 678 s\u00f3n dones.<\/p>\n\n\n\n<p class=\"wp-block-paragraph\">Les dades ofertes pel Servei Valenci\u00e0 d&#8217;Ocupaci\u00f3 i Formaci\u00f3 (Labora), dependent de la Conselleria d&#8217;Economia Sostenibles, sectors productius, Comer\u00e7 i Treball, llancen uns \u00edndexs positius en creaci\u00f3 d&#8217;ocupaci\u00f3 i formalitzaci\u00f3 de contractacions entre la poblaci\u00f3 de Riba-roja de T\u00faria que constaten la senda positiva dels \u00faltims mesos des de l&#8217;inici de la pand\u00e8mia al mar\u00e7 passat.<\/p>\n\n\n\n<p class=\"wp-block-paragraph\">En sectors d&#8217;activitat, cal destacar que de les 1.693 persones registrades a l&#8217;atur hi ha una immensa majoria que pertany a l&#8217;\u00e0mbit dels serveis amb 1.218 persones en total, unes altres 218 de el sector de la ind\u00fastria, altres 124 de l&#8217;\u00e0rea de la construcci\u00f3 mentre que, finalment, altres 40 s\u00f3n de l&#8217;\u00e0mbit de l&#8217;agricultura. Les restants 93 persones de Riba-roja de T\u00faria inscrites a les llistes de Laboratori no tenen una activitat econ\u00f2mica definida.<\/p>\n\n\n\n<p class=\"wp-block-paragraph\">L&#8217;an\u00e0lisi de Laboratori sobre els grups d&#8217;ocupaci\u00f3 entre els aturats demandants d&#8217;una ocupaci\u00f3 a Riba-roja de T\u00faria suposa que una gran majoria de l&#8217;total s&#8217;engloben en les ocupacions elementals amb un total de 451 persones, altres 386 que s\u00f3n treballadors dels serveis de restauraci\u00f3, personals, protecci\u00f3 i venedors, altres 216 persones entre empleats comptables, administratius i altres ocupacions d&#8217;oficina, altres 201 entre els artesans i treballadors qualificats de les ind\u00fastries manufactureres i de la construcci\u00f3, mentre que, finalment altres 141 s\u00f3n t\u00e8cnics i professionals de suport i 128 s\u00f3n t\u00e8cnics i professionals cient\u00edfics i intel\u00b7lectuals, entre d&#8217;altres.<\/p>\n\n\n\n<p class=\"wp-block-paragraph\">Pel que fa a el nivell de formaci\u00f3 dels demandants d&#8217;una ocupaci\u00f3 a Riba-roja de T\u00faria, cal destacar que de l&#8217;total inscrits hi ha 571 persones que han finalitzat la seua primera etapa d&#8217;educaci\u00f3 secund\u00e0ria sense t\u00edtol de graduat escolar o equivalent mentre que altres 454 s\u00ed que han aconseguit el t\u00edtol de graduat escolar o un altre equivalent. Un altre grup de 142 persones han completat ensenyaments de grau mitj\u00e0 de formaci\u00f3 professional espec\u00edfica, arts pl\u00e0stiques i disseny i esportives mentre que 119 han finalitzat ensenyaments de batxillerat. Finalment, un grup de 107 demandants han realitzat ensenyaments de grau superior de formaci\u00f3 professional espec\u00edfica i equivalents, arts pl\u00e0stiques i disseny i esportives. Altres 20 han ensenyaments universitaris oficials de m\u00e0ster, 2 amb doctorats universitaris i 20 sense estudis.<\/p>\n\n\n\n<p class=\"wp-block-paragraph\">En formalitzaci\u00f3 de les contractacions de el passat mes d&#8217;octubre, cal destacar que dels 1.889 registrats hi ha 1.435 pertanyents a el sector dels serveis, altres 383 que corresponen a l&#8217;\u00e0mbit de la ind\u00fastria, un altre grup de 68 treballadors de la construcci\u00f3 i els restants 3 contractes s&#8217;han registrat en l&#8217;\u00e0mbit de l&#8217;agricultura de Riba-roja de T\u00faria. En tipus de contractacions, 1.750 han estat temporals i altres 138 de tipus indefinit, mentre que 1.430 van ser a temps complet i 459 parcial.<\/p>\n\n\n\n<p class=\"wp-block-paragraph\">L&#8217;alcalde de Riba-roja de T\u00faria, Robert Raga, ha afirmat que aquestes xifres donades a con\u00e8ixer per Labora &#8220;confirmen la tend\u00e8ncia positiva experimentada durant els \u00faltims mesos en plena pand\u00e8mia pel Covid i, per aix\u00f2, cal analitzar-les amb prud\u00e8ncia i sense cap tipus de triomfalisme conscients del moment que vivim que ens obliga a continuar el cam\u00ed empr\u00e8s per l&#8217;equip de govern de suport als nostres aut\u00f2noms, comer\u00e7os, pimes i treballadors en general &#8220;.<\/p>\n","protected":false},"excerpt":{"rendered":"<div class=\"mh-excerpt\">La localitat arriba a una taxa acumulada de creaci\u00f3 d&#8217;ocupaci\u00f3 de l&#8217;5&#8217;1% La taxa d&#8217;atur a Riba-roja de T\u00faria s&#8217;ha redu\u00eft en un 2&#8217;5% entre els mesos de setembre i octubre passat amb la creaci\u00f3 <a class=\"mh-excerpt-more\" href=\"https:\/\/tucomarca.whitekongsoftware.com\/ca\/riba-roja-redueix-un-25-la-taxa-datur-a-loctubre-i-formalitza-1-889-contractes-de-treball\/\" title=\"Riba-roja redueix un 2&#8217;5% la taxa d&#8217;atur a l&#8217;octubre i formalitza 1.889 contractes de treball\">[+] <\/a><\/div>\n","protected":false},"author":12,"featured_media":113330,"comment_status":"open","ping_status":"open","sticky":false,"template":"","format":"standard","meta":{"footnotes":""},"categories":[10892,10948,10894,10947,10906,10896],"tags":[10395,1504],"class_list":["post-119882","post","type-post","status-publish","format-standard","has-post-thumbnail","category-camp-de-turia-ca","category-infraestructuras-ca","category-la-comarca-ca","category-politica","category-riba-roja-ca","category-seccion-ca","tag-camp-de-turia","tag-riba-roja-2"],"_links":{"self":[{"href":"https:\/\/tucomarca.whitekongsoftware.com\/ca\/wp-json\/wp\/v2\/posts\/119882","targetHints":{"allow":["GET"]}}],"collection":[{"href":"https:\/\/tucomarca.whitekongsoftware.com\/ca\/wp-json\/wp\/v2\/posts"}],"about":[{"href":"https:\/\/tucomarca.whitekongsoftware.com\/ca\/wp-json\/wp\/v2\/types\/post"}],"author":[{"embeddable":true,"href":"https:\/\/tucomarca.whitekongsoftware.com\/ca\/wp-json\/wp\/v2\/users\/12"}],"replies":[{"embeddable":true,"href":"https:\/\/tucomarca.whitekongsoftware.com\/ca\/wp-json\/wp\/v2\/comments?post=119882"}],"version-history":[{"count":0,"href":"https:\/\/tucomarca.whitekongsoftware.com\/ca\/wp-json\/wp\/v2\/posts\/119882\/revisions"}],"wp:featuredmedia":[{"embeddable":true,"href":"https:\/\/tucomarca.whitekongsoftware.com\/ca\/wp-json\/wp\/v2\/media\/113330"}],"wp:attachment":[{"href":"https:\/\/tucomarca.whitekongsoftware.com\/ca\/wp-json\/wp\/v2\/media?parent=119882"}],"wp:term":[{"taxonomy":"category","embeddable":true,"href":"https:\/\/tucomarca.whitekongsoftware.com\/ca\/wp-json\/wp\/v2\/categories?post=119882"},{"taxonomy":"post_tag","embeddable":true,"href":"https:\/\/tucomarca.whitekongsoftware.com\/ca\/wp-json\/wp\/v2\/tags?post=119882"}],"curies":[{"name":"wp","href":"https:\/\/api.w.org\/{rel}","templated":true}]}}