{"id":119660,"date":"2020-11-18T19:45:46","date_gmt":"2020-11-18T18:45:46","guid":{"rendered":"http:\/\/www.tucomarca.com\/wordpress\/segunda\/?p=119660"},"modified":"2020-11-20T14:09:02","modified_gmt":"2020-11-20T13:09:02","slug":"titaguas-betera-i-xest-aporten-4-casos-cada-poble-als-1-850-nous-casos-de-coronavirus-registrats-a-la-comunitat","status":"publish","type":"post","link":"https:\/\/tucomarca.whitekongsoftware.com\/ca\/titaguas-betera-i-xest-aporten-4-casos-cada-poble-als-1-850-nous-casos-de-coronavirus-registrats-a-la-comunitat\/","title":{"rendered":"Titaguas, B\u00e9tera i Xest aporten 4 casos cada poble als 1.850 nous casos de coronavirus registrats a la Comunitat"},"content":{"rendered":"\n<h4 class=\"wp-block-heading\">Ana Barcel\u00f3: &#8216;El ritme de creixement de l&#8217;virus s&#8217;ha paralitzat en tots els departaments&#8217;<\/h4>\n\n\n\n<p class=\"wp-block-paragraph\"><strong>La consellera ha destacat que les mesures aplicades en la Comunitat Valenciana &#8220;estan produint una l\u00ednia d&#8217;evoluci\u00f3 positiva&#8221;<\/strong><\/p>\n\n\n\n<h4 class=\"wp-block-heading\">La Comunitat Valenciana registra 1.850 nous casos de coronavirus y 1.563 altes<\/h4>\n\n\n\n<p class=\"wp-block-paragraph\">La consellera de Sanitat Universal i Salut P\u00fablica, Ana Barcel\u00f3, ha destacat aquest dimarts que &#8220;el ritme de creixement s&#8217;ha paralitzat en tots els departaments de salut, s&#8217;est\u00e0 estabilitzant i estem aplacant la corba&#8221;.<\/p>\n\n\n\n<p class=\"wp-block-paragraph\">En aquest sentit, ha volgut llan\u00e7ar un missatge d&#8217;esperan\u00e7a, per\u00f2 ha incidida en que &#8220;aix\u00f2 \u00e9s bo, per\u00f2 no \u00e9s suficient, ni de bon tros. Necessitem doblar la corba&#8221;.<\/p>\n\n\n\n<p class=\"wp-block-paragraph\">D&#8217;altra banda, Barcel\u00f3 ha senyalat que &#8220;hem comprovats que les mesures aplicades estan produint una l\u00ednia d&#8217;evolucions positives, i el creixement exponencial es va detenint a poc a poc i es cada vegada m\u00e9s lent&#8221;.<\/p>\n\n\n\n<p class=\"wp-block-paragraph\">Per aix\u00f2, continuava, &#8220;no volem precipitar-nos. Hem de mantenir les mesures que estan en vigor per a comprovar si ens siguen ajudant a reduir els contagis. No podem relaxar-nos, ja que tenim experi\u00e8ncia suficient i sabem que el virus ens la juga quan vam baixar la gu\u00e0rdia&#8221;.<\/p>\n\n\n\n<p class=\"wp-block-paragraph\">La consellera ha assegurat que &#8220;seran els indicadors epidemiol\u00f2gics els que ens diran quan podem comen\u00e7ar a flexibilitzar les mesures&#8221;.<\/p>\n\n\n\n<p class=\"wp-block-paragraph\">La taxa d&#8217;incid\u00e8ncia acumulada en Els darrers 7 dies a la Comunitat Valenciana \u00e9s de 91,93 casos per cada 100.000 habitants, ia Los \u00faltims 14 dies \u00e9s de 284,29, mentre que la mitjana d&#8217;Espanya se situa en 200,83 casos per cada 100.000 habitants en els darrers 7 dies i 470,26 en els \u00faltims 14 dies.<\/p>\n\n\n\n<p class=\"wp-block-paragraph\">&#8220;Tenim la millor xifra de la pen\u00ednsula&#8221;, ha destacat Barcel\u00f3, per\u00f2 &#8220;les dades disten molt de ser, per descomptat, els que ens agradaria. Ja hem vist en algunes ocasions que es pueder donar situacions en qu\u00e8 els casos comencen a baixar per despr\u00e9s tornar a pujar &#8220;.<\/p>\n\n\n\n<p class=\"wp-block-paragraph\">Per aix\u00f2 ha insistida &#8220;en la necessitat de seguir unint esfor\u00e7os perqu\u00e8 entre tots, administraci\u00f3 i ciutadans, aconseguim doblar la corba&#8221;, recordant que &#8220;l&#8217;\u00fas de la m\u00e0scara es obligatori inclusiu quan estem en un bar, sempre que no estiguem consumint&#8221;.<\/p>\n\n\n\n<p class=\"wp-block-paragraph\"><strong>Actualitzaci\u00f3 de coronavirus<\/strong><\/p>\n\n\n\n<p class=\"wp-block-paragraph\">La Comunitat Valenciana ha registrat 1.850 nous casos de coronavirus confirmats per prova PCR o mitjan\u00e7ant test d&#8217;ant\u00edgens, que situen la xifra total de positius en 85.395 persones.<\/p>\n\n\n\n<p class=\"wp-block-paragraph\">Per prov\u00edncies, la distribuci\u00f3 de nous positius \u00e9s la seg\u00fcent: 173 a Castell\u00f3 (9.923 en total); 618 a Alacant (29.220 en total), i 1.059 a la prov\u00edncia de Val\u00e8ncia (46.250 en total). A m\u00e9s, el nombre total de pacients sense assignar es mant\u00e9 en 2.<\/p>\n\n\n\n<p class=\"wp-block-paragraph\">Per sumi part, des de l&#8217;\u00faltima actualitzaci\u00f3 s&#8217;han registrat 1.563 altes en pacients amb coronavirus, de manera que el total de persones curades des de l&#8217;inici de la pand\u00e8mia se situa en 78.098: 8.968 a Castell\u00f3, 26.857 a Alacant i 42.222 a Val\u00e8ncia. A m\u00e9s, hi ha 51 altes sense assignaci\u00f3.<\/p>\n\n\n\n<p class=\"wp-block-paragraph\">D&#8217;aquesta manera, en aquests Moments hi ha 15.815 casos Actius, fet que suposa un 16,47% del total de positius.<\/p>\n\n\n\n<p class=\"wp-block-paragraph\">Els hospitals valencians Tenen, actualment, 1.618 persones ingressades per coronavirus: 145 a la prov\u00edncia de Castell\u00f3, amb 21 pacients en UCI; 547 a la prov\u00edncia d&#8217;Alacant, 107 d&#8217;ells a l&#8217;UCI; i 926 a la prov\u00edncia de Val\u00e8ncia, 154 d&#8217;ells a UCI.<\/p>\n\n\n\n<p class=\"wp-block-paragraph\">En planta, l&#8217;ocupaci\u00f3 de pacients Covid \u00e9s de l&#8217;15,9% (pacients no Covid 53,3%). I a UCI, l&#8217;ocupaci\u00f3 de pacients Covid es de el 39,3% (pacients no Covid 27,7%).<\/p>\n\n\n\n<p class=\"wp-block-paragraph\">D&#8217;altra banda, s&#8217;han registrat 42 morts per coronavirus des de l&#8217;\u00faltima actualitzaci\u00f3, de manera que el total de defuncions \u00e9s de 2.107 persones: 303 a la prov\u00edncia de Castell\u00f3, 734 a la d&#8217;Alacant i 1.070 a la de Val\u00e8ncia. La consellera explicaci\u00f3 que 4 dels nous morts vivien resid\u00e8ncies i tenien edats compreses entre els 68 i els 96 anys. Els altres 38 morts tenien edats entre 57 i 97.<\/p>\n\n\n\n<p class=\"wp-block-paragraph\">El nombre total de Proves dutes a cabo per a la detecci\u00f3 de l&#8217;coronavirus ascendeix a 1.607.943, de les quals 1.448.137 han estat a trav\u00e9s de PCR i 159.806 mitjan\u00e7ant test r\u00e0pid.<\/p>\n\n\n\n<p class=\"wp-block-paragraph\"><strong>Actualitzaci\u00f3 de la situaci\u00f3 en resid\u00e8ncies<\/strong><\/p>\n\n\n\n<p class=\"wp-block-paragraph\">A dia de hui, hi ha algun cas positiu en 87 resid\u00e8ncies de majors (5 a la prov\u00edncia de Castell\u00f3, 19 a la prov\u00edncia d&#8217;Alacant i 63 a la prov\u00edncia de Val\u00e8ncia), 15 Centres de diversitat funcional (2 a la prov\u00edncia de Castell\u00f3, 4 a la prov\u00edncia d&#8217;Alacant i 9 a la prov\u00edncia de Val\u00e8ncia) i 4 Centres de menors a la prov\u00edncia de Val\u00e8ncia.<\/p>\n\n\n\n<ul class=\"wp-block-list\"><li>Residents nous positius: 45<\/li><li>Treballadors nous positius: 27<\/li><li>Residents morts: 4<\/li><\/ul>\n\n\n\n<p class=\"wp-block-paragraph\">Actualment, s&#8217;encuenta sota vigil\u00e0ncia activa de control sanitari 16 resid\u00e8ncies a la Comunitat Valenciana: 6 a la prov\u00edncia d&#8217;Alacant i 10 a la prov\u00edncia de Val\u00e8ncia.<\/p>\n\n\n\n<p class=\"wp-block-paragraph\"><strong>Actualitzaci\u00f3 brots de coronavirus<\/strong><\/p>\n\n\n\n<p class=\"wp-block-paragraph\">Nous brots: 41 (13 a la prov\u00edncia de Castell\u00f3, 6 a la prov\u00edncia d&#8217;Alacant i 22 a la prov\u00edncia de Val\u00e8ncia)<\/p>\n\n\n\n<p class=\"wp-block-paragraph\">\u00b7 Val\u00e8ncia: 9 casos. Origen social&nbsp;<br>\u00b7 Massamagrell: 6 casos. \u00c0mbit educatiu&nbsp;&nbsp;<br>\u00b7 L&#8217; Olleria: 3 casos. Origen social&nbsp;<br>\u00b7 Vinar\u00f2s: 3 casos. \u00c0mbit educatiu&nbsp;&nbsp;<br>\u00b7 Ontinyent: 4 casos. Origen social&nbsp;<br>\u00b7 Alaqu\u00e0s: 3 casos. Origen laboral&nbsp;<br>\u00b7 Val\u00e8ncia: 3 casos. Origen social&nbsp;<br>\u00b7 Vinar\u00f2s: 3 casos. \u00c0mbit educatiu&nbsp;&nbsp;<br>\u00b7 Alfara del Patriarca: 6 casos. Origen social&nbsp;<br>\u00b7 Almorad\u00ed: 4 casos. Origen social&nbsp;<br>\u00b7 Titaguas: 4 casos. Origen social&nbsp;<br>\u00b7 Pedreguer: 7 casos. Origen social&nbsp;<br>\u00b7 Vallada: 12 casos. Origen laboral&nbsp;<br>\u00b7 Alcoy: 4 casos. Origen laboral&nbsp;<br>\u00b7 Val\u00e8ncia: 4 casos. Origen laboral&nbsp;<br>\u00b7 El Puig de Santa Maria: 3 casos. \u00c0mbit educatiu&nbsp;<br>\u00b7 Torrevieja: 5 casos. Origen social&nbsp;<br>\u00b7 Gata de Gorgos: 4 casos. Origen social&nbsp;<br>\u00b7 Ontinyent: 3 casos. Origen laboral&nbsp;<br>\u00b7 Moncada: 4 casos. Origen social&nbsp;<br>\u00b7 Bocairent: 5 casos. Origen social&nbsp;<br>\u00b7 Val\u00e8ncia: 5 casos. Origen laboral&nbsp;<br>\u00b7 Benicarl\u00f3 4 casos. Origen social&nbsp;<br>\u00b7 Val\u00e8ncia: 5 casos. Origen social&nbsp;<br>\u00b7 Val\u00e8ncia: 4 casos. \u00c0mbit educatiu&nbsp;&nbsp;<br>\u00b7 Benicarl\u00f3: 3 casos. Origen social&nbsp;<br>\u00b7 Moncada: 3 casos. Origen social&nbsp;<br>\u00b7 Benicarl\u00f3: 12 casos. Origen social&nbsp;<br>\u00b7 Benicarl\u00f3: 7 casos. Origen social&nbsp;<br>\u00b7 Cheste: 4 casos. \u00c0mbit educatiu&nbsp;&nbsp;<br>\u00b7 Alcal\u00e0 de Xivert: 4 casos. Origen social&nbsp;<br>\u00b7 Mislata: 3 casos. \u00c0mbit educatiu&nbsp;<br>\u00b7 Traiguera: 7 casos. Origen social&nbsp;<br>\u00b7 Vinar\u00f3s: 4 casos. Origen laboral&nbsp;<br>\u00b7 Vinar\u00f3s: 4 casos. Origen laboral&nbsp;<br>\u00b7 C\u00e0lig: 3 casos. Origen social&nbsp;<br>\u00b7 Vinar\u00f3s: 5 casos. Origen social&nbsp;<br>\u00b7 Rafelbunyol: 10 casos. Origen social&nbsp;<br>\u00b7 B\u00e9tera: 4 casos. Origen laboral&nbsp;<br>\u00b7 Elche: 5 casos. Origen social&nbsp;<br>\u00b7 Benicarl\u00f3: 4 casos. Origen social&nbsp;<\/p>\n\n\n\n<p class=\"wp-block-paragraph\">El 99,7% dels brots detectats a la Comunitat Valenciana s\u00f3n aut\u00f2ctons. D&#8217;ells, el 63% \u00e9s d&#8217;origen social, el 17% s&#8217;ha produ\u00eft en l&#8217;\u00e0mbit laboral i la resta correspon a altres \u00e0mbits.<\/p>\n\n\n\n<p class=\"wp-block-paragraph\">Per franges d&#8217;edat, les persones entre 35 i 64 anys suposen el 41,1% de tots els detectats en brots, mentre que els de 15 a 34 anys representen el 24,5%. El 20% s\u00f3n majors de 64 anys. El 89,1 per cent s\u00f3n brots de petita magnitud (menys de 10 persones).<\/p>\n\n\n\n<p class=\"wp-block-paragraph\">El 11% dels brots correspon a la prov\u00edncia de Castell\u00f3, el 29% a la d&#8217;Alacant i el 60% a la de Val\u00e8ncia.<\/p>\n","protected":false},"excerpt":{"rendered":"<div class=\"mh-excerpt\">Ana Barcel\u00f3: &#8216;El ritme de creixement de l&#8217;virus s&#8217;ha paralitzat en tots els departaments&#8217; La consellera ha destacat que les mesures aplicades en la Comunitat Valenciana &#8220;estan produint una l\u00ednia d&#8217;evoluci\u00f3 positiva&#8221; La Comunitat Valenciana <a class=\"mh-excerpt-more\" href=\"https:\/\/tucomarca.whitekongsoftware.com\/ca\/titaguas-betera-i-xest-aporten-4-casos-cada-poble-als-1-850-nous-casos-de-coronavirus-registrats-a-la-comunitat\/\" title=\"Titaguas, B\u00e9tera i Xest aporten 4 casos cada poble als 1.850 nous casos de coronavirus registrats a la Comunitat\">[+] <\/a><\/div>\n","protected":false},"author":12,"featured_media":112017,"comment_status":"open","ping_status":"open","sticky":false,"template":"","format":"standard","meta":{"footnotes":""},"categories":[10937,10892,11010,12202,11046,10898,10894,10904,10912,10896,11027,10974],"tags":[12165,11939,12927,11940,10914,11080],"class_list":["post-119660","post","type-post","status-publish","format-standard","has-post-thumbnail","category-betera-ca","category-camp-de-turia-ca","category-canal-salud","category-covid-19-ca","category-los-serranos-ca","category-ventana-ca","category-la-comarca-ca","category-sin-categorizar-ca","category-la-hoya-ca","category-seccion-ca","category-titaguas-ca","category-cheste-ca","tag-conselleria-de-sanitat-ca","tag-coronavirus-ca","tag-coronaviruss-ca","tag-covid-19-ca","tag-la-hoya-de-bunol-chiva-ca","tag-los-serranos-ca"],"_links":{"self":[{"href":"https:\/\/tucomarca.whitekongsoftware.com\/ca\/wp-json\/wp\/v2\/posts\/119660","targetHints":{"allow":["GET"]}}],"collection":[{"href":"https:\/\/tucomarca.whitekongsoftware.com\/ca\/wp-json\/wp\/v2\/posts"}],"about":[{"href":"https:\/\/tucomarca.whitekongsoftware.com\/ca\/wp-json\/wp\/v2\/types\/post"}],"author":[{"embeddable":true,"href":"https:\/\/tucomarca.whitekongsoftware.com\/ca\/wp-json\/wp\/v2\/users\/12"}],"replies":[{"embeddable":true,"href":"https:\/\/tucomarca.whitekongsoftware.com\/ca\/wp-json\/wp\/v2\/comments?post=119660"}],"version-history":[{"count":0,"href":"https:\/\/tucomarca.whitekongsoftware.com\/ca\/wp-json\/wp\/v2\/posts\/119660\/revisions"}],"wp:featuredmedia":[{"embeddable":true,"href":"https:\/\/tucomarca.whitekongsoftware.com\/ca\/wp-json\/wp\/v2\/media\/112017"}],"wp:attachment":[{"href":"https:\/\/tucomarca.whitekongsoftware.com\/ca\/wp-json\/wp\/v2\/media?parent=119660"}],"wp:term":[{"taxonomy":"category","embeddable":true,"href":"https:\/\/tucomarca.whitekongsoftware.com\/ca\/wp-json\/wp\/v2\/categories?post=119660"},{"taxonomy":"post_tag","embeddable":true,"href":"https:\/\/tucomarca.whitekongsoftware.com\/ca\/wp-json\/wp\/v2\/tags?post=119660"}],"curies":[{"name":"wp","href":"https:\/\/api.w.org\/{rel}","templated":true}]}}