{"id":119593,"date":"2020-11-20T09:05:00","date_gmt":"2020-11-20T08:05:00","guid":{"rendered":"http:\/\/www.tucomarca.com\/wordpress\/segunda\/?p=119593"},"modified":"2020-11-20T13:52:42","modified_gmt":"2020-11-20T12:52:42","slug":"vilamarxant-demostra-la-seua-aposta-per-la-pilota-amb-la-celebracio-de-la-final-del-circuit-sub-23-descala-i-corda","status":"publish","type":"post","link":"https:\/\/tucomarca.whitekongsoftware.com\/ca\/vilamarxant-demostra-la-seua-aposta-per-la-pilota-amb-la-celebracio-de-la-final-del-circuit-sub-23-descala-i-corda\/","title":{"rendered":"Vilamarxant demostra la seua aposta per la pilota amb la celebraci\u00f3 de la final del Circuit sub-23 d\u2019escala i corda"},"content":{"rendered":"\n<h4 class=\"wp-block-heading\"><strong>La partida<\/strong> <strong>se celebrar\u00e0 sense p\u00fablic encara que podr\u00e0 seguir-se en stream a trav\u00e9s de la p\u00e0gina de Facebook de la Federaci\u00f3 de Pilota Valenciana<\/strong><\/h4>\n\n\n\n<p class=\"wp-block-paragraph\">L&#8217;Ajuntament de Vilamarxant, a trav\u00e9s de la Regidoria d&#8217;Esports, continua demostrant la seua aposta per la pilota valenciana amb fets. Aix\u00ed, el trinquet municipal, conegut com la Catedral del Camp de T\u00faria, acollir\u00e0 el divendres, 20 de novembre, la gran final del Circuit sub-23 \u2013 Trofeu Fundaci\u00f3 Trinidad Alfonso d&#8217;escala i corda.<\/p>\n\n\n\n<p class=\"wp-block-paragraph\">La formaci\u00f3 integrada per Mario, del CPV Riba-roja del T\u00faria, Rafa, del CPV Massalfassar, i Cuadrat, del CPV Meliana, s&#8217;enfrontaran en la cita del divendres a l&#8217;equip format per Carlos Donat, del CPV Marquesat, Efr\u00e9n, de la EPAF El Puig, i Pablo, del CPV Pelayo. La final comen\u00e7ar\u00e0 a les 18 hores sense pres\u00e8ncia de p\u00fablic com a conseq\u00fc\u00e8ncia de les mesures sanit\u00e0ries imposades en els esdeveniments esportius. Malgrat aix\u00f2, la final podr\u00e0 seguir-se a trav\u00e9s de la retransmissi\u00f3 en streaming en la p\u00e0gina de Facebook de la Federaci\u00f3 de Pilota Valenciana.<\/p>\n\n\n\n<p class=\"wp-block-paragraph\">De nou, el consistori de Vilamarxant declara el seu amor per la pilota valenciana, l&#8217;esport aut\u00f2cton de la Comunitat Valenciana i que tanta repercussi\u00f3 ha tingut en el municipi del Camp de T\u00faria al llarg de la seua dilatada hist\u00f2ria veient cr\u00e9ixer a grans jugadors de diferents modalitats.<\/p>\n\n\n\n<p class=\"wp-block-paragraph\">Gabriel Castellano, regidor d&#8217;Esports de Vilamarxant, s&#8217;ha mostrat molt \u201ccontent\u201d per \u201cacollir una de les cites esportives d&#8217;escala i corda m\u00e9s importants del calendari auton\u00f2mic\u201d. \u201cContinuem insistint a posar de nou al Trinquet de Vilamarxant en el lloc que es mereix\u201d, ha continuat el regidor.<\/p>\n\n\n\n<p class=\"wp-block-paragraph\">\u201cEn els \u00faltims mesos hem invertit molta faena a millorar el Trinquet de Vilamarxant per a tindre l&#8217;oportunitat de disfrutar de grans esdeveniments esportius de pilota valenciana. Desgraciadament la pand\u00e8mia de la COVID-19 impedir\u00e0 que acudisquen aficionats a presenciar la partida en directe per\u00f2 estem segurs que acollir estes partides fa que la nostra ciutadania seguisca molt pendent d&#8217;este esport\u201d, ha comentat Castellano, qui ha recordat que en l&#8217;\u00e0mbit municipal tamb\u00e9 hi ha iniciatives perqu\u00e8 els xiquets i joves practiquen este esport tan propi.<\/p>\n","protected":false},"excerpt":{"rendered":"<div class=\"mh-excerpt\">La partida se celebrar\u00e0 sense p\u00fablic encara que podr\u00e0 seguir-se en stream a trav\u00e9s de la p\u00e0gina de Facebook de la Federaci\u00f3 de Pilota Valenciana L&#8217;Ajuntament de Vilamarxant, a trav\u00e9s de la Regidoria d&#8217;Esports, continua <a class=\"mh-excerpt-more\" href=\"https:\/\/tucomarca.whitekongsoftware.com\/ca\/vilamarxant-demostra-la-seua-aposta-per-la-pilota-amb-la-celebracio-de-la-final-del-circuit-sub-23-descala-i-corda\/\" title=\"Vilamarxant demostra la seua aposta per la pilota amb la celebraci\u00f3 de la final del Circuit sub-23 d\u2019escala i corda\">[+] <\/a><\/div>\n","protected":false},"author":12,"featured_media":119592,"comment_status":"open","ping_status":"open","sticky":false,"template":"","format":"standard","meta":{"footnotes":""},"categories":[10892,11003,11009,10896,10927],"tags":[10395,12432,10439],"class_list":["post-119593","post","type-post","status-publish","format-standard","has-post-thumbnail","category-camp-de-turia-ca","category-sports","category-polideportivo-ca","category-seccion-ca","category-vilamarxant-ca","tag-camp-de-turia","tag-federacion-de-pelota-valenciana","tag-vilamarxant"],"_links":{"self":[{"href":"https:\/\/tucomarca.whitekongsoftware.com\/ca\/wp-json\/wp\/v2\/posts\/119593","targetHints":{"allow":["GET"]}}],"collection":[{"href":"https:\/\/tucomarca.whitekongsoftware.com\/ca\/wp-json\/wp\/v2\/posts"}],"about":[{"href":"https:\/\/tucomarca.whitekongsoftware.com\/ca\/wp-json\/wp\/v2\/types\/post"}],"author":[{"embeddable":true,"href":"https:\/\/tucomarca.whitekongsoftware.com\/ca\/wp-json\/wp\/v2\/users\/12"}],"replies":[{"embeddable":true,"href":"https:\/\/tucomarca.whitekongsoftware.com\/ca\/wp-json\/wp\/v2\/comments?post=119593"}],"version-history":[{"count":0,"href":"https:\/\/tucomarca.whitekongsoftware.com\/ca\/wp-json\/wp\/v2\/posts\/119593\/revisions"}],"wp:featuredmedia":[{"embeddable":true,"href":"https:\/\/tucomarca.whitekongsoftware.com\/ca\/wp-json\/wp\/v2\/media\/119592"}],"wp:attachment":[{"href":"https:\/\/tucomarca.whitekongsoftware.com\/ca\/wp-json\/wp\/v2\/media?parent=119593"}],"wp:term":[{"taxonomy":"category","embeddable":true,"href":"https:\/\/tucomarca.whitekongsoftware.com\/ca\/wp-json\/wp\/v2\/categories?post=119593"},{"taxonomy":"post_tag","embeddable":true,"href":"https:\/\/tucomarca.whitekongsoftware.com\/ca\/wp-json\/wp\/v2\/tags?post=119593"}],"curies":[{"name":"wp","href":"https:\/\/api.w.org\/{rel}","templated":true}]}}