{"id":119486,"date":"2020-11-18T13:00:32","date_gmt":"2020-11-18T12:00:32","guid":{"rendered":"http:\/\/www.tucomarca.com\/wordpress\/segunda\/?p=119486"},"modified":"2020-11-18T14:13:42","modified_gmt":"2020-11-18T13:13:42","slug":"caudete-de-las-fuentes-fara-proves-de-covid-19-als-veins-que-la-setmana-passada-hagen-estat-en-algun-bar-de-la-poblacio","status":"publish","type":"post","link":"https:\/\/tucomarca.whitekongsoftware.com\/ca\/caudete-de-las-fuentes-fara-proves-de-covid-19-als-veins-que-la-setmana-passada-hagen-estat-en-algun-bar-de-la-poblacio\/","title":{"rendered":"Caudete de las Fuentes far\u00e0 proves de Covid-19 als ve\u00efns que la setmana passada hagen estat en algun bar de la poblaci\u00f3"},"content":{"rendered":"\n<p class=\"wp-block-paragraph\">A causa de l&#8217;increment de casos de Covid-19 que s&#8217;estan produint en el municipi de Caudete de las Fuentes, Salut P\u00fablica ha decidit realitzar en esta poblaci\u00f3 un garbellament, segons fonts de l&#8217;Ajuntament caudete\u00f1o. Per tant, es van a realitzar proves a partir de les 16:30 hores de hui en el centre de salut de la poblaci\u00f3 a les persones que la passada setmana hagen estat en algun bar del municipi.<\/p>\n\n\n\n<p class=\"wp-block-paragraph\">Es tracta d&#8217;evitar, d&#8217;esta manera, que la pand\u00e8mia s&#8217;estenga m\u00e9s.<\/p>\n\n\n\n<p class=\"wp-block-paragraph\">L&#8217;alcaldessa de Caudete, Vanesa L\u00f3pez ha manifestat respecte d&#8217;aix\u00f2 que &#8220;nos juguem molt i a\u00e7\u00f2 es pot parar amb l&#8217;ajuda de tots&#8221;. Informa, <strong>Luis Ib\u00e1\u00f1ez.<\/strong><\/p>\n","protected":false},"excerpt":{"rendered":"<div class=\"mh-excerpt\">A causa de l&#8217;increment de casos de Covid-19 que s&#8217;estan produint en el municipi de Caudete de las Fuentes, Salut P\u00fablica ha decidit realitzar en esta poblaci\u00f3 un garbellament, segons fonts de l&#8217;Ajuntament caudete\u00f1o. Per <a class=\"mh-excerpt-more\" href=\"https:\/\/tucomarca.whitekongsoftware.com\/ca\/caudete-de-las-fuentes-fara-proves-de-covid-19-als-veins-que-la-setmana-passada-hagen-estat-en-algun-bar-de-la-poblacio\/\" title=\"Caudete de las Fuentes far\u00e0 proves de Covid-19 als ve\u00efns que la setmana passada hagen estat en algun bar de la poblaci\u00f3\">[+] <\/a><\/div>\n","protected":false},"author":12,"featured_media":119483,"comment_status":"open","ping_status":"open","sticky":false,"template":"","format":"standard","meta":{"footnotes":""},"categories":[11010,11032,12202,10894,10909,10896],"tags":[12700,11939,11940,10910],"class_list":["post-119486","post","type-post","status-publish","format-standard","has-post-thumbnail","category-canal-salud","category-caudete-ca","category-covid-19-ca","category-la-comarca-ca","category-requena-utiel-ca","category-seccion-ca","tag-caudete-de-las-fuentes-ca","tag-coronavirus-ca","tag-covid-19-ca","tag-requena-utiel-ca"],"_links":{"self":[{"href":"https:\/\/tucomarca.whitekongsoftware.com\/ca\/wp-json\/wp\/v2\/posts\/119486","targetHints":{"allow":["GET"]}}],"collection":[{"href":"https:\/\/tucomarca.whitekongsoftware.com\/ca\/wp-json\/wp\/v2\/posts"}],"about":[{"href":"https:\/\/tucomarca.whitekongsoftware.com\/ca\/wp-json\/wp\/v2\/types\/post"}],"author":[{"embeddable":true,"href":"https:\/\/tucomarca.whitekongsoftware.com\/ca\/wp-json\/wp\/v2\/users\/12"}],"replies":[{"embeddable":true,"href":"https:\/\/tucomarca.whitekongsoftware.com\/ca\/wp-json\/wp\/v2\/comments?post=119486"}],"version-history":[{"count":0,"href":"https:\/\/tucomarca.whitekongsoftware.com\/ca\/wp-json\/wp\/v2\/posts\/119486\/revisions"}],"wp:featuredmedia":[{"embeddable":true,"href":"https:\/\/tucomarca.whitekongsoftware.com\/ca\/wp-json\/wp\/v2\/media\/119483"}],"wp:attachment":[{"href":"https:\/\/tucomarca.whitekongsoftware.com\/ca\/wp-json\/wp\/v2\/media?parent=119486"}],"wp:term":[{"taxonomy":"category","embeddable":true,"href":"https:\/\/tucomarca.whitekongsoftware.com\/ca\/wp-json\/wp\/v2\/categories?post=119486"},{"taxonomy":"post_tag","embeddable":true,"href":"https:\/\/tucomarca.whitekongsoftware.com\/ca\/wp-json\/wp\/v2\/tags?post=119486"}],"curies":[{"name":"wp","href":"https:\/\/api.w.org\/{rel}","templated":true}]}}