{"id":119469,"date":"2020-11-15T23:55:05","date_gmt":"2020-11-15T22:55:05","guid":{"rendered":"http:\/\/www.tucomarca.com\/wordpress\/segunda\/?p=119469"},"modified":"2020-11-18T11:29:29","modified_gmt":"2020-11-18T10:29:29","slug":"la-confederacio-espanyola-de-societats-musicals-aconsegueix-el-suport-de-lsenat-per-rebaixar-liva-dels-instruments-a-l10","status":"publish","type":"post","link":"https:\/\/tucomarca.whitekongsoftware.com\/ca\/la-confederacio-espanyola-de-societats-musicals-aconsegueix-el-suport-de-lsenat-per-rebaixar-liva-dels-instruments-a-l10\/","title":{"rendered":"La Confederaci\u00f3 Espanyola de Societats Musicals aconsegueix el suport de l&#8217;Senat per rebaixar l&#8217;IVA dels instruments a l&#8217;10%"},"content":{"rendered":"\n<p class=\"wp-block-paragraph\">La Confederaci\u00f3 Espanyola de Societats Musicals (CoESsM) ha aconseguit, de la m\u00e0 de Comprom\u00eds i els partits que han recolzat la seva moci\u00f3, un important suport de la comissi\u00f3 de Cultura de l&#8217;Senat a la seva reivindicaci\u00f3 perqu\u00e8 els instruments s&#8217;incloguin dins de l&#8217;anomenat IVA cultural i es rebaixi l&#8217;impost de l&#8217;21% a l&#8217;10% en defensa el sector musical i de el projecte social, educatiu i cultural que desenvolupen les diverses federacions que agrupen 1.100 societats musicals, 80.000 m\u00fasics, 120.000 alumnes d&#8217;escoles de m\u00fasica i 1.000.000 de socis. [Veure documentaci\u00f3 adjunta]. Comprom\u00eds va presentar una moci\u00f3 el passat 28 de gener en la qual exposava: &#8220;la comissi\u00f3 corresponent de l&#8217;Senat insta el Govern a revisar i modificar el tram d&#8217;IVA aplicable a la compra d&#8217;instruments musicals, baixant-de l&#8217;actual 21% a un 10% en el termini de temps m\u00e9s breu possible &#8220;. D&#8217;aquesta manera, l&#8217;escrit presentat pel senador Carles Mulet atenia i s&#8217;adheria &#8220;a les peticions que ha manifestat la Confederaci\u00f3 Espanyola de Societats Musicals (CoESsM) respecte a la reducci\u00f3 de l&#8217;gravamen fiscal que s&#8217;aplica&#8221;. En nom de l&#8217;consens, va retirar 01:00 autoenmienda en qu\u00e8 reclamava l&#8217;eliminaci\u00f3 de l&#8217;IVA que s&#8217;aplica als instruments destinats a l&#8217;ensenyament. En aquest escrit, presentat el 11 de novembre, s&#8217;indicava que la rebaixa de l&#8217;impost suposaria &#8220;una reducci\u00f3 de la recaptaci\u00f3 de 11.080.000 d&#8217;euros&#8221;. A la sessi\u00f3 de la comissi\u00f3 de Cultura de la Cambra Alta, celebrada ahir, la moci\u00f3 de el Grup Parlamentari Esquerra Federal, a qu\u00e8 pertany Comprom\u00eds juntament amb Endavant Andalusia, M\u00e9s per Mallorca, M\u00e9s Madrid, Geroa Bai i Catalunya En Com\u00fa Podem, va obtenir 14 vots a favor dels grups parlamentaris Popular (PP); Esquerra Republicana-Euskal Herria Bildu, i el Nacionalista (Junts per Catalunya, Coalici\u00f3 Can\u00e0ria i Partit Nacionalista Canari); 14 abstencions de l&#8217;Socialista (PSOE), Basc (EAJ-PNB), i Mixt (Vox); i cap en contra. La CoESsM considera un \u00e8xit el que cap formaci\u00f3 s&#8217;opos\u00e9s frontalment a la moci\u00f3 i ha mostrat la seva satisfacci\u00f3 pel recolzament de l&#8217;Senat cap a una reivindicaci\u00f3 que va iniciar a l&#8217;octubre de 2018 sol\u00b7licitant a el Govern espanyol que s&#8217;incloguessin aquestes eines, fonamentals en l&#8217;educaci\u00f3 musical, ter\u00e0pies i treball art\u00edstic, dins de l&#8217;anomenat IVA cultural, com el cinema, el teatre o la dansa; i en defensa d&#8217;un marc normatiu diferenciat per a les societats musicals i professionals de sector que viuen moments molt dif\u00edcils per la crisi generada pel Covid-19. No obstant aix\u00f2, l&#8217;entitat \u00e9s conscient que &#8220;hem de sumar tots i seguir sensibilitzant sobre aquest assumpte perqu\u00e8 arribi a cristal\u00b7litzar&#8221;. A Espanya toquen un instrument musical al voltant de 3,6 milions de persones, el 7,8% de la poblaci\u00f3 segons el Ministeri de Cultura; i s&#8217;estima que la rebaixa podria beneficiar unes 750.000. En el sector, m\u00fasics aficionats i professionals, estudiants, professors, editorials, luthiers, fabricants, comerciants i persones relacionades amb la ind\u00fastria musical, no s&#8217;ent\u00e9n aquesta exclusi\u00f3 de l&#8217;IVA cultural i es posa com a exemple la pol\u00edtica que s&#8217;ha dut a terme en diversos pa\u00efsos europeus.<\/p>\n\n\n\n<p class=\"wp-block-paragraph\"><strong>Argumentos pedag\u00f3gicos, culturales y sociales<\/strong><\/p>\n\n\n\n<p class=\"wp-block-paragraph\">Vicente Cerd\u00e1, presidente de la CoESsM, ha manifestado su agradecimiento \u201ca Comprom\u00eds y a todos las formaciones que han hecho posible que esta moci\u00f3n haya sido aprobada\u201d, y ha indicado que \u201cesperamos que el Gobierno espa\u00f1ol sea sensible y tenga en cuenta esta moci\u00f3n para que a los instrumentos musicales se les aplique un 10% de IVA, en consonancia con otras manifestaciones culturales\u201d. Cerd\u00e1 subraya que \u201chay multitud de argumentos de peso, pedag\u00f3gicos, culturales y sociales, que justifican tomar esta importante decisi\u00f3n para la m\u00fasica en Espa\u00f1a\u201d.&nbsp;<br>Con anterioridad, los responsables de la CoESsM mantuvieron diversos contactos y reuniones con diversos partidos pol\u00edticos y con los presidentes de las comisiones de Cultura y Deporte y de Hacienda del Senado, Manuel Escarda y Cosme Bonet, as\u00ed como con Agust\u00edn Zamarr\u00f3n, presidente de la comisi\u00f3n de Cultura del Congreso de los Diputados, a los que expuso la necesidad de cambiar el marco normativo para proteger de manera adecuada y efectiva las actividades de inter\u00e9s general que en el \u00e1mbito musical desarrolla el movimiento asociativo al que representa; cambios entre los que se encuentra la solicitud de reducci\u00f3n del IVA aplicable a la compra de instrumentos musicales.<\/p>\n\n\n\n<p class=\"wp-block-paragraph\"><br><strong>Mayor consenso posible<\/strong><\/p>\n\n\n\n<p class=\"wp-block-paragraph\">La Confederaci\u00f3n tambi\u00e9n remiti\u00f3 un correo y contact\u00f3 con los senadores de la comisi\u00f3n de Cultura solicitando su apoyo a la moci\u00f3n que presentaba Comprom\u00eds y expon\u00eda que \u201cprocura que todas las propuestas que traslada gocen del mayor consenso posible, dado que todas ellas pretender proteger y promover las actividades que en el \u00e1mbito musical y educativo desarrollan las bandas y escuelas de m\u00fasica integradas en las sociedades musicales de toda Espa\u00f1a\u201d. &nbsp;&nbsp;<br>Para ello, hac\u00eda referencia a que la Diputaci\u00f3n de Valencia aprob\u00f3, el 30 de octubre de 2018 &nbsp;y a instancias de la CoESsM, una declaraci\u00f3n institucional con la unanimidad de todos los grupos pol\u00edticos (PSPV, Comprom\u00eds, Val\u00e8ncia en Com\u00fa, EUPV, Partido Popular, Ciudadanos y el grupo no adscrito) en la que instaba \u201cal Gobierno espa\u00f1ol a revisar y modificar el tramo de IVA aplicable a la compra de instrumentos musicales\u201d para bajarlo al 10%. Asimismo, apuntaba a las declaraciones de apoyo a la medida aprobadas, mayoritariamente por consenso, por diversos ayuntamientos como Val\u00e8ncia, Castell\u00f3, Ll\u00edria, Alcanar, Pu\u00e7ol, L\u2019Alc\u00fadia, Foios, Alberic, B\u00e9tera, Sant Jaume d\u2019Enveja o Godall, entre otros.<br><strong>Acciones<\/strong>En estos dos a\u00f1os, la Confederaci\u00f3n ha venido realizando numerosas acciones como el env\u00edo de cartas a diversas instancias del Gobierno espa\u00f1ol, b\u00fasqueda de apoyos de asociaciones, entidades, conservatorios&#8230;, difusi\u00f3n en medios de comunicaci\u00f3n y redes sociales, y uni\u00e9ndose a otras llevadas a cabo por entidades como Com\u00fasica, una organizaci\u00f3n empresarial sin \u00e1nimo de lucro compuesta por fabricantes, importadores y comerciantes, que recaba firmas a trav\u00e9s de una iniciativa en la plataforma&nbsp;<a class=\"\" href=\"http:\/\/change.org\/\">Change.org<\/a>&nbsp;(<a class=\"\" href=\"http:\/\/www.change.org\/p\/firmas-por-la-m%C3%BAsica\">www.change.org\/p\/firmas-por-la-m\u00fasica<\/a>).<br>La CoESsM es una entidad asociativa sin \u00e1nimo de lucro formada por las federaciones de sociedades musicales de cada comunidad aut\u00f3noma. La organizaci\u00f3n aglutina y representa a todo el movimiento band\u00edstico en Espa\u00f1a, es miembro del pleno del Consejo Estatal del INAEM, como \u00fanico interlocutor para abordar, a nivel nacional, todas las cuestiones relacionadas con este enorme colectivo que tradicionalmente ha contribuido a conservar una parte importante del patrimonio cultural y musical.<\/p>\n\n\n\n<p class=\"wp-block-paragraph\"><strong>Federaciones en Espa\u00f1a<br class=\"\"><\/strong>Actualmente, estas son las federaciones de sociedades musicales en Espa\u00f1a: &nbsp;Federaci\u00f3n de Bandas de M\u00fasica de Andaluc\u00eda, Federaci\u00f3n Aragonesa de Sociedades Musicales y Escuelas de M\u00fasica Amateurs, Federaci\u00f3n Balear de Bandas de M\u00fasica y Asociaciones Musicales, Federaci\u00f3n Regional Castellano-Manchega de Sociedades de M\u00fasica, Federaci\u00f3n Castellano-Leonesa de Asociaciones Musicales, Bandas y Escuelas M\u00fasica, Federaci\u00f3n Catalana de Sociedades Musicales, Federaci\u00f3n Extreme\u00f1a de Bandas de M\u00fasica, Federaci\u00f3n Gallega de Bandas de M\u00fasica Populares, Federaci\u00f3n Gran Canaria de Bandas de M\u00fasica, Federaci\u00f3n Regional de Sociedades Musicales de la Comunidad de Madrid, Federaci\u00f3n de Bandas de M\u00fasica de la Regi\u00f3n de Murcia, Federaci\u00f3n Tinerfe\u00f1a de Bandas de M\u00fasica, Federaci\u00f3n de Sociedades Musicales de la Comunidad Valenciana, Federaci\u00f3n Navarra de Bandas de M\u00fasica y Federaci\u00f3n Provincial de Bandas de Guadalajara.<\/p>\n","protected":false},"excerpt":{"rendered":"<div class=\"mh-excerpt\">La Confederaci\u00f3 Espanyola de Societats Musicals (CoESsM) ha aconseguit, de la m\u00e0 de Comprom\u00eds i els partits que han recolzat la seva moci\u00f3, un important suport de la comissi\u00f3 de Cultura de l&#8217;Senat a la <a class=\"mh-excerpt-more\" href=\"https:\/\/tucomarca.whitekongsoftware.com\/ca\/la-confederacio-espanyola-de-societats-musicals-aconsegueix-el-suport-de-lsenat-per-rebaixar-liva-dels-instruments-a-l10\/\" title=\"La Confederaci\u00f3 Espanyola de Societats Musicals aconsegueix el suport de l&#8217;Senat per rebaixar l&#8217;IVA dels instruments a l&#8217;10%\">[+] <\/a><\/div>\n","protected":false},"author":1,"featured_media":86335,"comment_status":"open","ping_status":"open","sticky":false,"template":"","format":"standard","meta":{"footnotes":""},"categories":[10890,10951,10892,11005,11046,10963,10894,10904,10912,10902,11007,10909,10896],"tags":[11213,3510,11066,10401,13049,637],"class_list":["post-119469","post","type-post","status-publish","format-standard","has-post-thumbnail","category-ademus","category-ayora-cofrentes-ca","category-camp-de-turia-ca","category-canal-musica","category-los-serranos-ca","category-la-canal-de-navarres-ca","category-la-comarca-ca","category-sin-categorizar-ca","category-la-hoya-ca","category-la-ribera-ca","category-ocio-y-cultura-ca","category-requena-utiel-ca","category-seccion-ca","tag-bandas-de-musica-ca","tag-bandas-de-musica","tag-musica-ca","tag-musica","tag-instrumentos-ca","tag-instrumentos"],"_links":{"self":[{"href":"https:\/\/tucomarca.whitekongsoftware.com\/ca\/wp-json\/wp\/v2\/posts\/119469","targetHints":{"allow":["GET"]}}],"collection":[{"href":"https:\/\/tucomarca.whitekongsoftware.com\/ca\/wp-json\/wp\/v2\/posts"}],"about":[{"href":"https:\/\/tucomarca.whitekongsoftware.com\/ca\/wp-json\/wp\/v2\/types\/post"}],"author":[{"embeddable":true,"href":"https:\/\/tucomarca.whitekongsoftware.com\/ca\/wp-json\/wp\/v2\/users\/1"}],"replies":[{"embeddable":true,"href":"https:\/\/tucomarca.whitekongsoftware.com\/ca\/wp-json\/wp\/v2\/comments?post=119469"}],"version-history":[{"count":0,"href":"https:\/\/tucomarca.whitekongsoftware.com\/ca\/wp-json\/wp\/v2\/posts\/119469\/revisions"}],"wp:featuredmedia":[{"embeddable":true,"href":"https:\/\/tucomarca.whitekongsoftware.com\/ca\/wp-json\/wp\/v2\/media\/86335"}],"wp:attachment":[{"href":"https:\/\/tucomarca.whitekongsoftware.com\/ca\/wp-json\/wp\/v2\/media?parent=119469"}],"wp:term":[{"taxonomy":"category","embeddable":true,"href":"https:\/\/tucomarca.whitekongsoftware.com\/ca\/wp-json\/wp\/v2\/categories?post=119469"},{"taxonomy":"post_tag","embeddable":true,"href":"https:\/\/tucomarca.whitekongsoftware.com\/ca\/wp-json\/wp\/v2\/tags?post=119469"}],"curies":[{"name":"wp","href":"https:\/\/api.w.org\/{rel}","templated":true}]}}