{"id":119403,"date":"2020-11-16T23:50:26","date_gmt":"2020-11-16T22:50:26","guid":{"rendered":"http:\/\/www.tucomarca.com\/wordpress\/segunda\/?p=119403"},"modified":"2020-11-17T18:16:11","modified_gmt":"2020-11-17T17:16:11","slug":"el-consell-inicia-el-proces-per-palliar-els-danys-de-ltemporal-de-la-setmana-passada-a-la-ribera-i-lhorta","status":"publish","type":"post","link":"https:\/\/tucomarca.whitekongsoftware.com\/ca\/el-consell-inicia-el-proces-per-palliar-els-danys-de-ltemporal-de-la-setmana-passada-a-la-ribera-i-lhorta\/","title":{"rendered":"El Consell inicia el proc\u00e9s per pal\u00b7liar els danys de l&#8217;temporal de la setmana passada a la Ribera i l&#8217;Horta"},"content":{"rendered":"\n<p class=\"wp-block-paragraph\">El Ple de el Consell ha aprovat iniciar, amb car\u00e0cter d&#8217;urg\u00e8ncia, el proc\u00e9s per a pal\u00b7liar els danys produ\u00efts pel temporal que va afectar principalment a la Ribera i l&#8217;Horta durant els passats 4, 5 i 6 de novembre.<\/p>\n\n\n\n<p class=\"wp-block-paragraph\">La Agencia Valenciana de Seguridad y Respuesta a las Emergencias coordinar\u00e1 todas las actuaciones de los diferentes departamentos del Consell y con otras administraciones p\u00fablicas para llevar a cabo cuantas acciones sean necesarias para conseguir la vuelta a la normalidad lo m\u00e1s pronto posible.<\/p>\n\n\n\n<p class=\"wp-block-paragraph\">Los municipios afectados por el temporal de lluvia a que se refiere esta iniciativa son los pertenecientes a las comarcas de la Ribera Alta, la Ribera Baja y L&#8217;Horta Sud en la provincia de Valencia.<\/p>\n\n\n\n<p class=\"wp-block-paragraph\">Tambi\u00e9n se podr\u00e1n a\u00f1adir otras localidades que justifiquen que sufrieron da\u00f1os mediante la presentaci\u00f3n de un informe de la amplitud del fen\u00f3meno meteorol\u00f3gico por causa de la lluvia o por encontrarse aguas debajo de la zona de afecci\u00f3n del ciclo de tormentas.<\/p>\n\n\n\n<p class=\"wp-block-paragraph\">El acuerdo establece un plazo de 45 d\u00edas para que las corporaciones locales de los municipios afectados y los diferentes departamentos de la Generalitat y su sector p\u00fablico instrumental, puedan presentar sus estimaciones de da\u00f1os en las infraestructuras y bienes p\u00fablicos que se hayan visto afectados, as\u00ed como, en su caso, de los gastos extraordinarios que, con car\u00e1cter urgente, se hayan tenido que efectuar como consecuencia del temporal.<\/p>\n\n\n\n<p class=\"wp-block-paragraph\">Las solicitudes presentadas ser\u00e1n evaluadas por la Oficina \u00danica Postemergencia, a la cual corresponder\u00e1 efectuar una estimaci\u00f3n econ\u00f3mica, que se elevar\u00e1 a la Comisi\u00f3n Interdepartamental, para su posterior aprobaci\u00f3n por el Consell.<\/p>\n","protected":false},"excerpt":{"rendered":"<div class=\"mh-excerpt\">El Ple de el Consell ha aprovat iniciar, amb car\u00e0cter d&#8217;urg\u00e8ncia, el proc\u00e9s per a pal\u00b7liar els danys produ\u00efts pel temporal que va afectar principalment a la Ribera i l&#8217;Horta durant els passats 4, 5 <a class=\"mh-excerpt-more\" href=\"https:\/\/tucomarca.whitekongsoftware.com\/ca\/el-consell-inicia-el-proces-per-palliar-els-danys-de-ltemporal-de-la-setmana-passada-a-la-ribera-i-lhorta\/\" title=\"El Consell inicia el proc\u00e9s per pal\u00b7liar els danys de l&#8217;temporal de la setmana passada a la Ribera i l&#8217;Horta\">[+] <\/a><\/div>\n","protected":false},"author":1,"featured_media":119066,"comment_status":"open","ping_status":"open","sticky":false,"template":"","format":"standard","meta":{"footnotes":""},"categories":[10898,10948,10894,10904,10902,10947,10896,10897],"tags":[11077,3640,11257,9229],"class_list":["post-119403","post","type-post","status-publish","format-standard","has-post-thumbnail","category-ventana-ca","category-infraestructuras-ca","category-la-comarca-ca","category-sin-categorizar-ca","category-la-ribera-ca","category-politica","category-seccion-ca","category-sucesos-la-comarca-ca","tag-la-ribera-alta-ca","tag-la-ribera-alta","tag-temporal-ca","tag-temporal"],"_links":{"self":[{"href":"https:\/\/tucomarca.whitekongsoftware.com\/ca\/wp-json\/wp\/v2\/posts\/119403","targetHints":{"allow":["GET"]}}],"collection":[{"href":"https:\/\/tucomarca.whitekongsoftware.com\/ca\/wp-json\/wp\/v2\/posts"}],"about":[{"href":"https:\/\/tucomarca.whitekongsoftware.com\/ca\/wp-json\/wp\/v2\/types\/post"}],"author":[{"embeddable":true,"href":"https:\/\/tucomarca.whitekongsoftware.com\/ca\/wp-json\/wp\/v2\/users\/1"}],"replies":[{"embeddable":true,"href":"https:\/\/tucomarca.whitekongsoftware.com\/ca\/wp-json\/wp\/v2\/comments?post=119403"}],"version-history":[{"count":0,"href":"https:\/\/tucomarca.whitekongsoftware.com\/ca\/wp-json\/wp\/v2\/posts\/119403\/revisions"}],"wp:featuredmedia":[{"embeddable":true,"href":"https:\/\/tucomarca.whitekongsoftware.com\/ca\/wp-json\/wp\/v2\/media\/119066"}],"wp:attachment":[{"href":"https:\/\/tucomarca.whitekongsoftware.com\/ca\/wp-json\/wp\/v2\/media?parent=119403"}],"wp:term":[{"taxonomy":"category","embeddable":true,"href":"https:\/\/tucomarca.whitekongsoftware.com\/ca\/wp-json\/wp\/v2\/categories?post=119403"},{"taxonomy":"post_tag","embeddable":true,"href":"https:\/\/tucomarca.whitekongsoftware.com\/ca\/wp-json\/wp\/v2\/tags?post=119403"}],"curies":[{"name":"wp","href":"https:\/\/api.w.org\/{rel}","templated":true}]}}