{"id":119382,"date":"2020-11-16T22:00:43","date_gmt":"2020-11-16T21:00:43","guid":{"rendered":"http:\/\/www.tucomarca.com\/wordpress\/segunda\/?p=119382"},"modified":"2020-11-17T06:57:02","modified_gmt":"2020-11-17T05:57:02","slug":"el-liceu-de-cheste-acull-un-concert-de-musica-barroca","status":"publish","type":"post","link":"https:\/\/tucomarca.whitekongsoftware.com\/ca\/el-liceu-de-cheste-acull-un-concert-de-musica-barroca\/","title":{"rendered":"El Liceu de Cheste acull un concert de m\u00fasica barroca"},"content":{"rendered":"\n<p class=\"wp-block-paragraph\">L&#8217;agrupaci\u00f3 instrumental Floresta Ensemble va protagonitzar un concert al teatre Liceu, el passat dissabte 14 de novembre, dins de la programaci\u00f3 cultural de mes de novembre, que inclou cinema, m\u00fasica i teatre.<\/p>\n\n\n\n<p class=\"wp-block-paragraph\">&#8220;Aquest concert estava previst per a setembre per\u00f2 va haver de posposar, per motiu de la pand\u00e8mia. Camerata Floresta Ensemble \u00e9s un grup constitu\u00eft en 2016 per m\u00fasics valencians de llarga traject\u00f2ria art\u00edstica, interessats en la interpretaci\u00f3 amb criteris historicistes&#8221;, introdu\u00efa la regidora de Cultura, M\u00aa \u00c1ngeles Llorente, abans que comenc\u00e9s l&#8217;actuaci\u00f3.<\/p>\n\n\n\n<p class=\"wp-block-paragraph\">Tal com va explicar Llorente en la presentaci\u00f3, els i les int\u00e8rprets de Camerata Floresta Ensemble fan servir instruments originals barrocs, i interpreten repertori que va 1700-1750, del barroc tard\u00e0; i aix\u00ed poder veure i escoltar-se en escena.<\/p>\n\n\n\n<p class=\"wp-block-paragraph\">L&#8217;agrupaci\u00f3, composta pel tenor Juan Francisco Lluch, la flautista Meritxell Ferrer, els violinistes \u00c0ngel Camps i Alberto Recubenis, la violista Carolina Montalt, la violoncel\u00b7lista Arhoa Rodrigo i Pedro J. Valbuena, al clavec\u00ed; va interpretar una selecci\u00f3 de peces d&#8217;Antonio Vilvaldi, B Marcello, C.F. Abel, J.Ch. Pepusch i G.F. H\u00e4ndel.<\/p>\n\n\n\n<p class=\"wp-block-paragraph\">La programaci\u00f3 cultural continuar\u00e0 aquest cap de setmana amb el concert de Santa Cec\u00edlia que oferir\u00e0 l&#8217;Associaci\u00f3 Musical La Lira, el dissabte 21 de novembre a les 19 hores al teatre Liceu, i amb la projecci\u00f3 de la pel\u00b7l\u00edcula Sentimental, que tindr\u00e0 lloc el diumenge 22 de novembre.<\/p>\n","protected":false},"excerpt":{"rendered":"<div class=\"mh-excerpt\">L&#8217;agrupaci\u00f3 instrumental Floresta Ensemble va protagonitzar un concert al teatre Liceu, el passat dissabte 14 de novembre, dins de la programaci\u00f3 cultural de mes de novembre, que inclou cinema, m\u00fasica i teatre. &#8220;Aquest concert estava <a class=\"mh-excerpt-more\" href=\"https:\/\/tucomarca.whitekongsoftware.com\/ca\/el-liceu-de-cheste-acull-un-concert-de-musica-barroca\/\" title=\"El Liceu de Cheste acull un concert de m\u00fasica barroca\">[+] <\/a><\/div>\n","protected":false},"author":12,"featured_media":119381,"comment_status":"open","ping_status":"open","sticky":false,"template":"","format":"standard","meta":{"footnotes":""},"categories":[11005,10894,10912,11007,10896,10974],"tags":[11071,5952,2854],"class_list":["post-119382","post","type-post","status-publish","format-standard","has-post-thumbnail","category-canal-musica","category-la-comarca-ca","category-la-hoya-ca","category-ocio-y-cultura-ca","category-seccion-ca","category-cheste-ca","tag-cheste","tag-la-hoya-de-bunol-chiva","tag-teatro-liceo"],"_links":{"self":[{"href":"https:\/\/tucomarca.whitekongsoftware.com\/ca\/wp-json\/wp\/v2\/posts\/119382","targetHints":{"allow":["GET"]}}],"collection":[{"href":"https:\/\/tucomarca.whitekongsoftware.com\/ca\/wp-json\/wp\/v2\/posts"}],"about":[{"href":"https:\/\/tucomarca.whitekongsoftware.com\/ca\/wp-json\/wp\/v2\/types\/post"}],"author":[{"embeddable":true,"href":"https:\/\/tucomarca.whitekongsoftware.com\/ca\/wp-json\/wp\/v2\/users\/12"}],"replies":[{"embeddable":true,"href":"https:\/\/tucomarca.whitekongsoftware.com\/ca\/wp-json\/wp\/v2\/comments?post=119382"}],"version-history":[{"count":0,"href":"https:\/\/tucomarca.whitekongsoftware.com\/ca\/wp-json\/wp\/v2\/posts\/119382\/revisions"}],"wp:featuredmedia":[{"embeddable":true,"href":"https:\/\/tucomarca.whitekongsoftware.com\/ca\/wp-json\/wp\/v2\/media\/119381"}],"wp:attachment":[{"href":"https:\/\/tucomarca.whitekongsoftware.com\/ca\/wp-json\/wp\/v2\/media?parent=119382"}],"wp:term":[{"taxonomy":"category","embeddable":true,"href":"https:\/\/tucomarca.whitekongsoftware.com\/ca\/wp-json\/wp\/v2\/categories?post=119382"},{"taxonomy":"post_tag","embeddable":true,"href":"https:\/\/tucomarca.whitekongsoftware.com\/ca\/wp-json\/wp\/v2\/tags?post=119382"}],"curies":[{"name":"wp","href":"https:\/\/api.w.org\/{rel}","templated":true}]}}