{"id":119332,"date":"2020-11-16T19:00:43","date_gmt":"2020-11-16T18:00:43","guid":{"rendered":"http:\/\/www.tucomarca.com\/wordpress\/segunda\/?p=119332"},"modified":"2020-11-17T07:31:59","modified_gmt":"2020-11-17T06:31:59","slug":"requena-utiel-venda-de-lmoro-higueruelas-benaguasil-i-betera-aporten-contagis-als-481-nous-casos-de-coronavirus-registrats-a-la-comunitat","status":"publish","type":"post","link":"https:\/\/tucomarca.whitekongsoftware.com\/ca\/requena-utiel-venda-de-lmoro-higueruelas-benaguasil-i-betera-aporten-contagis-als-481-nous-casos-de-coronavirus-registrats-a-la-comunitat\/","title":{"rendered":"Requena, Utiel, Venda de l&#8217;Moro, Higueruelas, Benaguasil i B\u00e9tera aporten contagis als 481 nous casos de coronavirus registrats a la Comunitat"},"content":{"rendered":"\n<h4 class=\"wp-block-heading\"><strong>Per prov\u00edncies: 113 a Castell\u00f3, 204 a Alacant i 164 a Val\u00e8ncia<\/strong><\/h4>\n\n\n\n<h4 class=\"wp-block-heading\"><strong>Els hospitals valencians tenen 1.661 persones ingressades i, d&#8217;elles, 283 en Unitats de Vigil\u00e0ncia Intensiva<\/strong><\/h4>\n\n\n\n<p class=\"wp-block-paragraph\">La Comunitat Valenciana ha registrat 481 nous casos de coronavirus confirmats per prova PCR o mitjan\u00e7ant test d&#8217;ant\u00edgens, que situen la xifra total de positius en 83.545 persones. Per prov\u00edncies, la distribuci\u00f3 de nous positius \u00e9s la seg\u00fcent: 113 a Castell\u00f3 (9.750 en total); 204 a Alacant (28.602 en total), i 164 a la prov\u00edncia de Val\u00e8ncia (45.191 en total). A m\u00e9s, el nombre total de pacients sense assignar es mant\u00e9 en 2.<\/p>\n\n\n\n<p class=\"wp-block-paragraph\">Per la seua banda, des de l&#8217;\u00faltima actualitzaci\u00f3 s&#8217;han registrat 3.028 altes a pacients amb coronavirus, de manera que el total de persones curades des de l&#8217;inici de la pand\u00e8mia se situa en 76.535: 8746 a Castell\u00f3, 26.324 a Alacant i 41.414 a Val\u00e8ncia. A m\u00e9s, hi ha 51 altes sense assignaci\u00f3.<\/p>\n\n\n\n<p class=\"wp-block-paragraph\">D&#8217;aquesta manera, a hores d&#8217;ara hi ha 15.511 casos actius, la qual cosa suposa un 16,48% de de el total de positius.<\/p>\n\n\n\n<p class=\"wp-block-paragraph\">Els hospitals valencians tenen, actualment, 1.661 persones ingressades: 144 a la prov\u00edncia de Castell\u00f3, amb 22 pacients en UCI; 544 a la prov\u00edncia d&#8217;Alacant, 111 d&#8217;ells a l&#8217;UCI; i 973 a la prov\u00edncia de Val\u00e8ncia, 150 d&#8217;ells a UCI.<\/p>\n\n\n\n<p class=\"wp-block-paragraph\">D&#8217;altra banda, s&#8217;han registrat 28 morts per coronavirus des de l&#8217;\u00faltima actualitzaci\u00f3, de manera que el total de defuncions \u00e9s de 2.065 persones: 298 a la prov\u00edncia de Castell\u00f3, 722 a la d&#8217;Alacant i 1.045 a la de Val\u00e8ncia.<\/p>\n\n\n\n<p class=\"wp-block-paragraph\">El nombre total de proves dutes a terme per a la detecci\u00f3 de l&#8217;coronavirus ascendeix a 1.597.873, de les quals 1.438.294 han estat a trav\u00e9s de PCR i 159.579 mitjan\u00e7ant test r\u00e0pid.<\/p>\n\n\n\n<p class=\"wp-block-paragraph\">Actualitzaci\u00f3 de la situaci\u00f3 en resid\u00e8ncies<\/p>\n\n\n\n<p class=\"wp-block-paragraph\">A dia de hui, hi ha algun cas positiu en 80 resid\u00e8ncies de majors (5 a la prov\u00edncia de Castell\u00f3, 19 a la prov\u00edncia d&#8217;Alacant i 56 a la prov\u00edncia de Val\u00e8ncia), 17 centres de diversitat funcional (4 a la prov\u00edncia de Castell\u00f3, 4 a la prov\u00edncia d&#8217;Alacant i 9 a la prov\u00edncia de Val\u00e8ncia) i 4 centres de menors a la prov\u00edncia de Val\u00e8ncia.<\/p>\n\n\n\n<p class=\"wp-block-paragraph\">\u00b7 Residents nous positius: 90<br>\n\u00b7 Treballadors i treballadores nous positius: 39<br>\n\u00b7 Residents morts: 7<\/p>\n\n\n\n<p class=\"wp-block-paragraph\">Actualment, es troben sota vigil\u00e0ncia activa de control sanitari 15 resid\u00e8ncies a la Comunitat Valenciana: 6 a la prov\u00edncia d&#8217;Alacant i 9 a la prov\u00edncia de Val\u00e8ncia.<\/p>\n\n\n\n<p class=\"wp-block-paragraph\"><strong>Actualitzaci\u00f3 brots de coronavirus<\/strong><\/p>\n\n\n\n<p class=\"wp-block-paragraph\">Nous brots: 56<\/p>\n\n\n\n<p class=\"wp-block-paragraph\">\u00b7 Aldaia: 8 casos. origen social<br>\n\u00b7 Ibi: 3 casos. origen social<br>\n\u00b7 Oriola: 3 casos. origen social<br>\n\u00b7 Elx: 6 casos. origen social<br>\n\u00b7 Elx: 3 casos. origen social<br>\n\u00b7 Val\u00e8ncia: 5 casos. origen social<br>\n\u00b7 Redov\u00e1n: 5 casos. \u00e0mbit educatiu<br>\n\u00b7 Val\u00e8ncia: 3 casos. origen social<br>\n\u00b7 Val\u00e8ncia: 4 casos. origen social<br>\n\u00b7 Higueruelas: 6 casos. origen laboral<br>\n\u00b7 Val\u00e8ncia: 5 casos. origen social<br>\n\u00b7 Elx: 3 casos. origen social<br>\n\u00b7 Val\u00e8ncia: 6 casos. origen social<br>\n\u00b7 Val\u00e8ncia: 7 casos. origen social<br>\n\u00b7 Val\u00e8ncia: 8 casos. origen laboral<br>\n\u00b7 Santa Pola: 4 casos. origen social<br>\n\u00b7 Elx: 7 casos. origen social<br>\n\u00b7 Val\u00e8ncia: 4 casos. origen social<br>\n\u00b7 Ontinyent: 5 casos. origen social<br>\n\u00b7 Val\u00e8ncia: 3 casos. origen social<br>\n\u00b7 Requena: 6 casos. origen social<br>\n\u00b7 Venda d&#8217;el Moro: 3 casos. origen social<br>\n\u00b7 Elx: 4 casos. origen social<br>\n\u00b7 Onil: 4 casos. origen laboral<br>\n\u00b7 Utiel: 3 casos. origen social<br>\n\u00b7 Alcoi: 5 casos. origen social<br>\n\u00b7 Val\u00e8ncia: 5 casos. \u00e0mbit educatiu<br>\n\u00b7 Sagunt: 3 casos. origen social<br>\n\u00b7 Sagunt: 6 casos. origen social<br>\n\u00b7 Val\u00e8ncia: 3 casos. origen social<br>\n\u00b7 Elx: 6 casos. origen social<br>\n\u00b7 Val\u00e8ncia: 8 casos. origen social<br>\n\u00b7 Emperador: 11 casos. origen laboral<br>\n\u00b7 Val\u00e8ncia: 6 casos. origen social<br>\n\u00b7 Aldaia: 6 casos. origen social<br>\n\u00b7 Quart de Poblet: 3 casos. \u00e0mbit educatiu<br>\n\u00b7 Benaguasil: 5 casos. origen social<br>\n\u00b7 Val\u00e8ncia: 4 casos. origen social<br>\n\u00b7 B\u00e9tera: 12 casos. origen social<br>\n\u00b7 Pu\u00e7ol: 4 casos. origen social<br>\n\u00b7 Val\u00e8ncia: 6 casos. \u00e0mbit educatiu<br>\n\u00b7 El Puig de Santa Maria: 3 casos. origen social<br>\n\u00b7 Val\u00e8ncia: 4 casos. origen social<br>\n\u00b7 Val\u00e8ncia: 4 casos. origen social<br>\n\u00b7 Mislata: 11 casos. \u00e0mbit educatiu<br>\n\u00b7 Cox: 3 casos. \u00e0mbit educatiu<br>\n\u00b7 Ibi: 3 casos. origen social<br>\n\u00b7 Mislata: 9 casos. origen social<br>\n\u00b7 Paterna: 6 casos. origen social<br>\n\u00b7 Rafal: 6 casos. origen laboral<br>\n\u00b7 Castalla: 3 casos. origen social<br>\n\u00b7 Ibi: 3 casos. origen laboral<br>\n\u00b7 El Pin\u00f3s: 3 casos. \u00e0mbit educatiu<br>\n\u00b7 Alcoi: 3 casos. origen social<br>\n\u00b7 Elda: 4 casos. \u00e0mbit educatiu<br>\n\u00b7 Banyeres de Mariola: 3 casos. \u00e0mbit educatiu<\/p>\n","protected":false},"excerpt":{"rendered":"<div class=\"mh-excerpt\">Per prov\u00edncies: 113 a Castell\u00f3, 204 a Alacant i 164 a Val\u00e8ncia Els hospitals valencians tenen 1.661 persones ingressades i, d&#8217;elles, 283 en Unitats de Vigil\u00e0ncia Intensiva La Comunitat Valenciana ha registrat 481 nous casos <a class=\"mh-excerpt-more\" href=\"https:\/\/tucomarca.whitekongsoftware.com\/ca\/requena-utiel-venda-de-lmoro-higueruelas-benaguasil-i-betera-aporten-contagis-als-481-nous-casos-de-coronavirus-registrats-a-la-comunitat\/\" title=\"Requena, Utiel, Venda de l&#8217;Moro, Higueruelas, Benaguasil i B\u00e9tera aporten contagis als 481 nous casos de coronavirus registrats a la Comunitat\">[+] <\/a><\/div>\n","protected":false},"author":12,"featured_media":104821,"comment_status":"open","ping_status":"open","sticky":false,"template":"","format":"standard","meta":{"footnotes":""},"categories":[11010,12202,11046,10898,11033,10894,10904,10908,10909,10896,11059,11060],"tags":[12165,11939,11940,11498],"class_list":["post-119332","post","type-post","status-publish","format-standard","has-post-thumbnail","category-canal-salud","category-covid-19-ca","category-los-serranos-ca","category-ventana-ca","category-higueruelas-ca","category-la-comarca-ca","category-sin-categorizar-ca","category-requena-ca","category-requena-utiel-ca","category-seccion-ca","category-utiel-ca","category-venta-del-moro-ca","tag-conselleria-de-sanitat-ca","tag-coronavirus-ca","tag-covid-19-ca","tag-generalitat-valenciana-ca"],"_links":{"self":[{"href":"https:\/\/tucomarca.whitekongsoftware.com\/ca\/wp-json\/wp\/v2\/posts\/119332","targetHints":{"allow":["GET"]}}],"collection":[{"href":"https:\/\/tucomarca.whitekongsoftware.com\/ca\/wp-json\/wp\/v2\/posts"}],"about":[{"href":"https:\/\/tucomarca.whitekongsoftware.com\/ca\/wp-json\/wp\/v2\/types\/post"}],"author":[{"embeddable":true,"href":"https:\/\/tucomarca.whitekongsoftware.com\/ca\/wp-json\/wp\/v2\/users\/12"}],"replies":[{"embeddable":true,"href":"https:\/\/tucomarca.whitekongsoftware.com\/ca\/wp-json\/wp\/v2\/comments?post=119332"}],"version-history":[{"count":0,"href":"https:\/\/tucomarca.whitekongsoftware.com\/ca\/wp-json\/wp\/v2\/posts\/119332\/revisions"}],"wp:featuredmedia":[{"embeddable":true,"href":"https:\/\/tucomarca.whitekongsoftware.com\/ca\/wp-json\/wp\/v2\/media\/104821"}],"wp:attachment":[{"href":"https:\/\/tucomarca.whitekongsoftware.com\/ca\/wp-json\/wp\/v2\/media?parent=119332"}],"wp:term":[{"taxonomy":"category","embeddable":true,"href":"https:\/\/tucomarca.whitekongsoftware.com\/ca\/wp-json\/wp\/v2\/categories?post=119332"},{"taxonomy":"post_tag","embeddable":true,"href":"https:\/\/tucomarca.whitekongsoftware.com\/ca\/wp-json\/wp\/v2\/tags?post=119332"}],"curies":[{"name":"wp","href":"https:\/\/api.w.org\/{rel}","templated":true}]}}