{"id":119305,"date":"2020-11-15T05:00:21","date_gmt":"2020-11-15T04:00:21","guid":{"rendered":"http:\/\/www.tucomarca.com\/wordpress\/segunda\/?p=119305"},"modified":"2020-11-16T02:45:32","modified_gmt":"2020-11-16T01:45:32","slug":"el-patronat-de-turisme-distribueix-880-500-euros-entre-73-ajuntaments-de-la-provincia-per-a-promocio-turistica","status":"publish","type":"post","link":"https:\/\/tucomarca.whitekongsoftware.com\/ca\/el-patronat-de-turisme-distribueix-880-500-euros-entre-73-ajuntaments-de-la-provincia-per-a-promocio-turistica\/","title":{"rendered":"El Patronat de Turisme distribueix 880.500 euros entre 73 ajuntaments de la prov\u00edncia per a promoci\u00f3 tur\u00edstica"},"content":{"rendered":"\n<h4 class=\"wp-block-heading\">El BOP publica hui la resoluci\u00f3 de la convocat\u00f2ria de subvencions del passat mes de juny, a m\u00e9s de l&#8217;ampliaci\u00f3 del termini de justificaci\u00f3 d&#8217;aquestes ajudes fins al pr\u00f2xim 10 de desembre<\/h4>\n\n\n\n<p class=\"wp-block-paragraph\">l Patronat de Turisme de Val\u00e8ncia ha aprovat distribuir un total de 880.554 euros entre 73 ajuntaments de la prov\u00edncia per a potenciar accions de promoci\u00f3 dirigides a contrarestar els efectes negatius de l&#8217;actual crisi sanit\u00e0ria en el sector tur\u00edstic, mitjan\u00e7ant la reactivaci\u00f3 del consum de productes i experi\u00e8ncies tur\u00edstiques.<\/p>\n\n\n\n<p class=\"wp-block-paragraph\">El Butllet\u00ed Oficial de la Prov\u00edncia (BOP) n\u00famero 218 de 12 de novembre publica la resoluci\u00f3 de la convocat\u00f2ria d&#8217;aquestes ajudes econ\u00f2miques impulsada el mes de juny passat, quan el Patronat de Turisme va reorientar totes les seues l\u00ednies de subvenci\u00f3 per a incentivar el consum tur\u00edstic a la prov\u00edncia i contrarestar els efectes econ\u00f2mics negatius derivats de la crisi de la COVID-19 mitjan\u00e7ant subvencions directes a ajuntaments, mancomunitats, associacions i entitats del sector, per un valor global d&#8217;1.331.000 euros.<\/p>\n\n\n\n<p class=\"wp-block-paragraph\">Un total de 98 ajuntaments de la prov\u00edncia de Val\u00e8ncia han concorregut a la convocat\u00f2ria resolta hui, en la qual 73 sol\u00b7licituds han sigut admeses per la comissi\u00f3 de valoraci\u00f3 prevista en les bases i 25 desestimades.<\/p>\n\n\n\n<p class=\"wp-block-paragraph\"><strong>Ampliaci\u00f3 del termini de justificaci\u00f3 de les ajudes<\/strong><\/p>\n\n\n\n<p class=\"wp-block-paragraph\">El mateix BOP publica, a m\u00e9s, el decret d&#8217;ampliaci\u00f3 del termini de justificaci\u00f3 d&#8217;aquestes ajudes econ\u00f2miques, que en principi finalitzava el 15 de novembre i ara s&#8217;est\u00e9n fins al pr\u00f2xim 10 de desembre.<\/p>\n","protected":false},"excerpt":{"rendered":"<div class=\"mh-excerpt\">El BOP publica hui la resoluci\u00f3 de la convocat\u00f2ria de subvencions del passat mes de juny, a m\u00e9s de l&#8217;ampliaci\u00f3 del termini de justificaci\u00f3 d&#8217;aquestes ajudes fins al pr\u00f2xim 10 de desembre l Patronat de <a class=\"mh-excerpt-more\" href=\"https:\/\/tucomarca.whitekongsoftware.com\/ca\/el-patronat-de-turisme-distribueix-880-500-euros-entre-73-ajuntaments-de-la-provincia-per-a-promocio-turistica\/\" title=\"El Patronat de Turisme distribueix 880.500 euros entre 73 ajuntaments de la prov\u00edncia per a promoci\u00f3 tur\u00edstica\">[+] <\/a><\/div>\n","protected":false},"author":12,"featured_media":114295,"comment_status":"open","ping_status":"open","sticky":false,"template":"","format":"standard","meta":{"footnotes":""},"categories":[10890,10951,10892,11046,10948,10963,10894,10904,10912,10902,10947,10909,10896],"tags":[10697,2231,9841],"class_list":["post-119305","post","type-post","status-publish","format-standard","has-post-thumbnail","category-ademus","category-ayora-cofrentes-ca","category-camp-de-turia-ca","category-los-serranos-ca","category-infraestructuras-ca","category-la-canal-de-navarres-ca","category-la-comarca-ca","category-sin-categorizar-ca","category-la-hoya-ca","category-la-ribera-ca","category-politica","category-requena-utiel-ca","category-seccion-ca","tag-patronat-de-turisme-de-valencia","tag-promocion-turistica","tag-valencia-turisme"],"_links":{"self":[{"href":"https:\/\/tucomarca.whitekongsoftware.com\/ca\/wp-json\/wp\/v2\/posts\/119305","targetHints":{"allow":["GET"]}}],"collection":[{"href":"https:\/\/tucomarca.whitekongsoftware.com\/ca\/wp-json\/wp\/v2\/posts"}],"about":[{"href":"https:\/\/tucomarca.whitekongsoftware.com\/ca\/wp-json\/wp\/v2\/types\/post"}],"author":[{"embeddable":true,"href":"https:\/\/tucomarca.whitekongsoftware.com\/ca\/wp-json\/wp\/v2\/users\/12"}],"replies":[{"embeddable":true,"href":"https:\/\/tucomarca.whitekongsoftware.com\/ca\/wp-json\/wp\/v2\/comments?post=119305"}],"version-history":[{"count":0,"href":"https:\/\/tucomarca.whitekongsoftware.com\/ca\/wp-json\/wp\/v2\/posts\/119305\/revisions"}],"wp:featuredmedia":[{"embeddable":true,"href":"https:\/\/tucomarca.whitekongsoftware.com\/ca\/wp-json\/wp\/v2\/media\/114295"}],"wp:attachment":[{"href":"https:\/\/tucomarca.whitekongsoftware.com\/ca\/wp-json\/wp\/v2\/media?parent=119305"}],"wp:term":[{"taxonomy":"category","embeddable":true,"href":"https:\/\/tucomarca.whitekongsoftware.com\/ca\/wp-json\/wp\/v2\/categories?post=119305"},{"taxonomy":"post_tag","embeddable":true,"href":"https:\/\/tucomarca.whitekongsoftware.com\/ca\/wp-json\/wp\/v2\/tags?post=119305"}],"curies":[{"name":"wp","href":"https:\/\/api.w.org\/{rel}","templated":true}]}}