{"id":119294,"date":"2020-11-15T18:00:55","date_gmt":"2020-11-15T17:00:55","guid":{"rendered":"http:\/\/www.tucomarca.com\/wordpress\/segunda\/?p=119294"},"modified":"2020-11-16T02:40:49","modified_gmt":"2020-11-16T01:40:49","slug":"la-pobla-de-vallbona-destina-25-milions-deuros-a-politiques-socials","status":"publish","type":"post","link":"https:\/\/tucomarca.whitekongsoftware.com\/ca\/la-pobla-de-vallbona-destina-25-milions-deuros-a-politiques-socials\/","title":{"rendered":"La Pobla de Vallbona destina 2,5 milions d\u2019euros a Pol\u00edtiques socials"},"content":{"rendered":"\n<h4 class=\"wp-block-heading\">El Ple aprova un pressupost de m\u00e9s de 20 milions d\u2019euros amb la mirada posada en les inversions i les pol\u00edtiques socials<\/h4>\n\n\n\n<h4 class=\"wp-block-heading\">La inversi\u00f3 creix a la Pobla en 900.000 euros i supera els 2 milions en 2021<\/h4>\n\n\n\n<p class=\"wp-block-paragraph\">Les pol\u00edtiques socials superaran els 2,5 milions d\u2019euros en el pressupost de la Pobla de Vallbona. Es tracta de la major partida destinada en la hist\u00f2ria del municipi a estes partides amb les que l\u2019Ajuntament espera millorar l\u2019atenci\u00f3 social, la depend\u00e8ncia i les noves necessitats que generen les conseq\u00fc\u00e8ncies de la COVID 19.<\/p>\n\n\n\n<p class=\"wp-block-paragraph\">Des del govern municipal s\u2019ha destacat que este creixement va ser un comprom\u00eds del govern en 2015 i en cinc anys s\u2019ha duplicat quantia destinada a Pol\u00edtiques Socials. La regidora d\u2019Hisenda, Iris Marco, ha remarcat que \u201chem passat de ser un dels municipis que menys destinaven a pol\u00edtiques socials a convertir estes partides en el centre del pressupost municipal amb m\u00e9s d\u2019un 10% del total\u201d.<\/p>\n\n\n\n<p class=\"wp-block-paragraph\">Les inversions experimentaran tamb\u00e9 un increment important amb els m\u00e9s de 900.000 euros que arribaran de subvencions de la Diputaci\u00f3 de Val\u00e8ncia i que permetran superar els 2 milions. La Pobla prioritzar\u00e0 la regeneraci\u00f3 ambiental de la zona del Safareig, l\u2019ampliaci\u00f3 dels aparcaments p\u00fablics gratu\u00efts, la repavimentaci\u00f3 de carrers i la reforma de l\u2019antic edifici de la Policia al parc municipal que servir\u00e0 de seu per a diferents associacions. Es consoliden a m\u00e9s les inversions participatives amb 200.000 euros i la finalitzaci\u00f3 de les obres de remodelaci\u00f3 del trinquet amb m\u00e9s de 100.000 euros.<\/p>\n\n\n\n<p class=\"wp-block-paragraph\">Iris Marco ha destacat que esta aposta per les inversions permetr\u00e0 millorar car\u00e8ncies estructurals del municipi al mateix temps que generen ocupaci\u00f3 i activen l\u2019economia de les empreses.&nbsp;<\/p>\n\n\n\n<p class=\"wp-block-paragraph\">L\u2019altra partida important del pressupost s\u00f3n els Serveis P\u00fablics B\u00e0sics. L\u2019Ajuntament destinar\u00e0 4,5 milions d\u2019euros per a refor\u00e7ar serveis essencials del municipi com \u00e9s el transport p\u00fablic municipal que continuar\u00e0 sent gratu\u00eft, la neteja vi\u00e0ria, l\u2019enllumenat p\u00fablic i la conservaci\u00f3 dels parcs i jardins. Destaca tamb\u00e9 la partida que la Pobla destinar\u00e0 en 2021 a Educaci\u00f3, Cultura, Joventut i Esports amb prop de 3,5 milions d\u2019euros.<\/p>\n\n\n\n<p class=\"wp-block-paragraph\">Marco posa de relleu que en 2021 l\u2019Ajuntament congelar\u00e0 un any m\u00e9s els impostos i&nbsp; destaca que la Pobla disposa d\u2019uns comptes sanejats amb 5 anys consecutius de super\u00e0vits. En este sentit, es preveu tancar l\u2019any vinent amb un deute del 14 %, el m\u00e9s baix de la hist\u00f2ria del municipi.<\/p>\n","protected":false},"excerpt":{"rendered":"<div class=\"mh-excerpt\">El Ple aprova un pressupost de m\u00e9s de 20 milions d\u2019euros amb la mirada posada en les inversions i les pol\u00edtiques socials La inversi\u00f3 creix a la Pobla en 900.000 euros i supera els 2 <a class=\"mh-excerpt-more\" href=\"https:\/\/tucomarca.whitekongsoftware.com\/ca\/la-pobla-de-vallbona-destina-25-milions-deuros-a-politiques-socials\/\" title=\"La Pobla de Vallbona destina 2,5 milions d\u2019euros a Pol\u00edtiques socials\">[+] <\/a><\/div>\n","protected":false},"author":12,"featured_media":119293,"comment_status":"open","ping_status":"open","sticky":false,"template":"","format":"standard","meta":{"footnotes":""},"categories":[10892,10894,10915,10947,10896],"tags":[10395,1335,13029],"class_list":["post-119294","post","type-post","status-publish","format-standard","has-post-thumbnail","category-camp-de-turia-ca","category-la-comarca-ca","category-la-pobla-ca","category-politica","category-seccion-ca","tag-camp-de-turia","tag-la-pobla-de-vallbona","tag-politicas-sociales"],"_links":{"self":[{"href":"https:\/\/tucomarca.whitekongsoftware.com\/ca\/wp-json\/wp\/v2\/posts\/119294","targetHints":{"allow":["GET"]}}],"collection":[{"href":"https:\/\/tucomarca.whitekongsoftware.com\/ca\/wp-json\/wp\/v2\/posts"}],"about":[{"href":"https:\/\/tucomarca.whitekongsoftware.com\/ca\/wp-json\/wp\/v2\/types\/post"}],"author":[{"embeddable":true,"href":"https:\/\/tucomarca.whitekongsoftware.com\/ca\/wp-json\/wp\/v2\/users\/12"}],"replies":[{"embeddable":true,"href":"https:\/\/tucomarca.whitekongsoftware.com\/ca\/wp-json\/wp\/v2\/comments?post=119294"}],"version-history":[{"count":0,"href":"https:\/\/tucomarca.whitekongsoftware.com\/ca\/wp-json\/wp\/v2\/posts\/119294\/revisions"}],"wp:featuredmedia":[{"embeddable":true,"href":"https:\/\/tucomarca.whitekongsoftware.com\/ca\/wp-json\/wp\/v2\/media\/119293"}],"wp:attachment":[{"href":"https:\/\/tucomarca.whitekongsoftware.com\/ca\/wp-json\/wp\/v2\/media?parent=119294"}],"wp:term":[{"taxonomy":"category","embeddable":true,"href":"https:\/\/tucomarca.whitekongsoftware.com\/ca\/wp-json\/wp\/v2\/categories?post=119294"},{"taxonomy":"post_tag","embeddable":true,"href":"https:\/\/tucomarca.whitekongsoftware.com\/ca\/wp-json\/wp\/v2\/tags?post=119294"}],"curies":[{"name":"wp","href":"https:\/\/api.w.org\/{rel}","templated":true}]}}