{"id":119269,"date":"2020-11-12T19:00:15","date_gmt":"2020-11-12T18:00:15","guid":{"rendered":"http:\/\/www.tucomarca.com\/wordpress\/segunda\/?p=119269"},"modified":"2020-11-15T12:03:50","modified_gmt":"2020-11-15T11:03:50","slug":"requena-afegeix-10-contagis-villar-de-larquebisbe-4-i-leliana-5-als-2-136-nous-casos-de-coronavirus-a-la-comunitat","status":"publish","type":"post","link":"https:\/\/tucomarca.whitekongsoftware.com\/ca\/requena-afegeix-10-contagis-villar-de-larquebisbe-4-i-leliana-5-als-2-136-nous-casos-de-coronavirus-a-la-comunitat\/","title":{"rendered":"Requena afegeix 10 contagis, Villar de l&#8217;Arquebisbe 4 i l&#8217;Eliana 5 als 2.136 nous casos de coronavirus a la Comunitat"},"content":{"rendered":"\n<p class=\"wp-block-paragraph\">La Comunitat Valenciana ha registrat 2.136 nous casos de coronavirus confirmats per prova PCR o mitjan\u00e7ant test d&#8217;ant\u00edgens, que situen la xifra total de positius en 79.076 persones. Per prov\u00edncies, la distribuci\u00f3 de nous positius \u00e9s la seg\u00fcent: 265 a Castell\u00f3 (9.142 en total); 640 a Alacant (27.015 en total), i 1.231 a la prov\u00edncia de Val\u00e8ncia (42.917 en total). A m\u00e9s, el nombre total de pacients sense assignar es mant\u00e9 en 2.<\/p>\n\n\n\n<p class=\"wp-block-paragraph\">Por su parte, desde la \u00faltima actualizaci\u00f3n, se han registrado 1.482 altas a pacientes con coronavirus, por lo que el total de personas curadas desde el inicio de la pandemia se sit\u00faa en 71.912: 8.061 en Castell\u00f3n, 24.640 en Alicante y 39.160 en Valencia. Adem\u00e1s, hay 51 altas sin asignaci\u00f3n.<\/p>\n\n\n\n<p class=\"wp-block-paragraph\">De esta forma, en estos momentos hay 15.596 casos activos, lo que supone un 17,42% del total de positivos.<\/p>\n\n\n\n<p class=\"wp-block-paragraph\">Los hospitales valencianos tienen, actualmente, 1.580 personas ingresadas: 136 en la provincia de Castell\u00f3n, con 19 pacientes en UCI; 509 en la provincia de Alicante, 95 de ellos en la UCI; y 935 en la provincia de Valencia, 146 de ellos en UCI.<\/p>\n\n\n\n<p class=\"wp-block-paragraph\">Por otro lado, se han registrado 19 fallecimientos por coronavirus desde la \u00faltima actualizaci\u00f3n, por lo que el total de defunciones es de 2.006 personas: 289 en la provincia de Castell\u00f3n, 697 en la de Alicante y 1.020 en la de Valencia.<\/p>\n\n\n\n<p class=\"wp-block-paragraph\">El n\u00famero total de pruebas llevadas a cabo para la detecci\u00f3n del coronavirus asciende a 1.551.459, de las que 1.392.426 han sido a trav\u00e9s de PCR y 159.033 mediante test r\u00e1pido.<\/p>\n\n\n\n<p class=\"wp-block-paragraph\"><strong>Actualizaci\u00f3n de la situaci\u00f3n en residencias<\/strong><\/p>\n\n\n\n<p class=\"wp-block-paragraph\">Actualmente hay alg\u00fan caso positivo en 73 residencias de mayores (4 en la provincia de Castell\u00f3n, 19 en la provincia de Alicante y 50 en la provincia de Valencia), 17 centros de diversidad funcional (5 en la provincia de Castell\u00f3n, 3 en la provincia de Alicante y 9 en la provincia de Valencia) y 4 centros de menores en la provincia de Valencia.<\/p>\n\n\n\n<p class=\"wp-block-paragraph\">&#8211; Residentes nuevos positivos: 31<\/p>\n\n\n\n<p class=\"wp-block-paragraph\">&#8211; Personas trabajadoras nuevos positivos: 22<\/p>\n\n\n\n<p class=\"wp-block-paragraph\">&#8211; Residentes fallecidos: 3<\/p>\n\n\n\n<p class=\"wp-block-paragraph\">Se encuentran bajo vigilancia activa de control sanitario 14 residencias en la Comunitat Valenciana: 1 en la provincia de Castell\u00f3n, 5 en la provincia de Alicante y 8 en la provincia de Valencia.<\/p>\n\n\n\n<p class=\"wp-block-paragraph\"><strong>Actualizaci\u00f3n brotes de coronavirus<\/strong><\/p>\n\n\n\n<p class=\"wp-block-paragraph\">Nuevos brotes: 59<\/p>\n\n\n\n<p class=\"wp-block-paragraph\">\u00b7 Val\u00e8ncia: 19 casos. Origen social&nbsp;<\/p>\n\n\n\n<p class=\"wp-block-paragraph\">\u00b7 Alquer\u00edas del Ni\u00f1o Perdido: 3 casos. Origen social<\/p>\n\n\n\n<p class=\"wp-block-paragraph\">\u00b7 Rafelbunyol: 4 casos. Origen social<\/p>\n\n\n\n<p class=\"wp-block-paragraph\">\u00b7 Sagunto: 4 casos. Origen social<\/p>\n\n\n\n<p class=\"wp-block-paragraph\">\u00b7 Castell\u00f3 de La Plana: 9 casos. Origen social<\/p>\n\n\n\n<p class=\"wp-block-paragraph\">\u00b7 Ontinyent: 7 casos. Origen social<\/p>\n\n\n\n<p class=\"wp-block-paragraph\">\u00b7 Sollana: 3 casos. \u00c1mbito educativo<\/p>\n\n\n\n<p class=\"wp-block-paragraph\">\u00b7 Traiguera: 7 casos. Origen social<\/p>\n\n\n\n<p class=\"wp-block-paragraph\">\u00b7 Borriol: 11 casos. \u00c1mbito educativo<\/p>\n\n\n\n<p class=\"wp-block-paragraph\">\u00b7 Pe\u00f1\u00edscola: 5 casos. Origen social<\/p>\n\n\n\n<p class=\"wp-block-paragraph\">\u00b7 Requena: 3 casos. Origen social<\/p>\n\n\n\n<p class=\"wp-block-paragraph\">\u00b7 Callosa de Segura: 5 casos. Origen social<\/p>\n\n\n\n<p class=\"wp-block-paragraph\">\u00b7 Crevillent: 6 casos. Origen social<\/p>\n\n\n\n<p class=\"wp-block-paragraph\">\u00b7 Val\u00e8ncia: 4 casos. Origen social<\/p>\n\n\n\n<p class=\"wp-block-paragraph\">\u00b7 Vinar\u00f2s: 3 casos. Origen social<\/p>\n\n\n\n<p class=\"wp-block-paragraph\">\u00b7 Requena: 4 casos. Origen social<\/p>\n\n\n\n<p class=\"wp-block-paragraph\">\u00b7 Val\u00e8ncia: 7 casos. Origen social<\/p>\n\n\n\n<p class=\"wp-block-paragraph\">\u00b7 Callosa de Segura: 4 casos. Origen social<\/p>\n\n\n\n<p class=\"wp-block-paragraph\">\u00b7 La Vall d&#8217;Uix\u00f3: 3 casos. Origen laboral<\/p>\n\n\n\n<p class=\"wp-block-paragraph\">\u00b7 Ontinyent: 3 casos. Origen social<\/p>\n\n\n\n<p class=\"wp-block-paragraph\">\u00b7 Val\u00e8ncia: 4 casos. \u00c1mbito educativo<\/p>\n\n\n\n<p class=\"wp-block-paragraph\">\u00b7 Estivella: 4 casos. Origen laboral<\/p>\n\n\n\n<p class=\"wp-block-paragraph\">\u00b7 Vila-Real: 4 casos. Origen laboral<\/p>\n\n\n\n<p class=\"wp-block-paragraph\">\u00b7 Val\u00e8ncia: 4 casos. Origen social<\/p>\n\n\n\n<p class=\"wp-block-paragraph\">\u00b7 Elche: 5 casos. Origen social<\/p>\n\n\n\n<p class=\"wp-block-paragraph\">\u00b7 Alfarras\u00ed: 7 casos. Origen laboral<\/p>\n\n\n\n<p class=\"wp-block-paragraph\">\u00b7 Cox: 4 casos. \u00c1mbito educativo<\/p>\n\n\n\n<p class=\"wp-block-paragraph\">\u00b7 Cox: 5 casos. Origen social<\/p>\n\n\n\n<p class=\"wp-block-paragraph\">\u00b7 Nules: 6 casos. Origen social<\/p>\n\n\n\n<p class=\"wp-block-paragraph\">\u00b7 Callosa de Segura: 4 casos. Origen laboral&nbsp;<\/p>\n\n\n\n<p class=\"wp-block-paragraph\">\u00b7 La Vall d&#8217;Uix\u00f3: 5 casos. Origen laboral<\/p>\n\n\n\n<p class=\"wp-block-paragraph\">\u00b7 Eslida: 5 casos. Origen social<\/p>\n\n\n\n<p class=\"wp-block-paragraph\">\u00b7 Val\u00e8ncia: 4 casos. Origen social&nbsp;<\/p>\n\n\n\n<p class=\"wp-block-paragraph\">\u00b7 Cox: 3 casos. \u00c1mbito educativo<\/p>\n\n\n\n<p class=\"wp-block-paragraph\">\u00b7 Villar del Arzobispo: 4 casos. Origen social<\/p>\n\n\n\n<p class=\"wp-block-paragraph\">\u00b7 L&#8217;Eliana: 5 casos. Origen laboral<\/p>\n\n\n\n<p class=\"wp-block-paragraph\">\u00b7 Almorad\u00ed: 3 casos. Origen social<\/p>\n\n\n\n<p class=\"wp-block-paragraph\">\u00b7 Val\u00e8ncia: 3 casos. Origen social<\/p>\n\n\n\n<p class=\"wp-block-paragraph\">\u00b7 Paterna: 6 casos. Origen social<\/p>\n\n\n\n<p class=\"wp-block-paragraph\">\u00b7 Estivella: 3 casos. Origen social<\/p>\n\n\n\n<p class=\"wp-block-paragraph\">\u00b7 Requena: 3 casos. \u00c1mbito educativo<\/p>\n\n\n\n<p class=\"wp-block-paragraph\">\u00b7 Almorad\u00ed: 3 casos. \u00c1mbito educativo<\/p>\n\n\n\n<p class=\"wp-block-paragraph\">\u00b7 Almorad\u00ed: 3 casos. \u00c1mbito educativo<\/p>\n\n\n\n<p class=\"wp-block-paragraph\">\u00b7 Val\u00e8ncia: 6 casos. Origen social<\/p>\n\n\n\n<p class=\"wp-block-paragraph\">\u00b7 Alfarras\u00ed: 4 casos. Origen social<\/p>\n\n\n\n<p class=\"wp-block-paragraph\">\u00b7 Callosa de Segura: 3 casos. \u00c1mbito educativo<\/p>\n\n\n\n<p class=\"wp-block-paragraph\">\u00b7 Cocentaina: 3 casos. Origen social<\/p>\n\n\n\n<p class=\"wp-block-paragraph\">\u00b7 Almorad\u00ed: 3 casos. \u00c1mbito educativo<\/p>\n\n\n\n<p class=\"wp-block-paragraph\">\u00b7 Foios: 6 casos. Origen social<\/p>\n\n\n\n<p class=\"wp-block-paragraph\">\u00b7 Val\u00e8ncia: 7 casos. Origen laboral&nbsp;<\/p>\n\n\n\n<p class=\"wp-block-paragraph\">\u00b7 Banyeres de Mariola: 3 casos. Origen social<\/p>\n\n\n\n<p class=\"wp-block-paragraph\">\u00b7 Val\u00e8ncia: 5 casos. Origen social<\/p>\n\n\n\n<p class=\"wp-block-paragraph\">\u00b7 Val\u00e8ncia: 9 casos. Origen laboral&nbsp;<\/p>\n\n\n\n<p class=\"wp-block-paragraph\">\u00b7 Val\u00e8ncia: 4 casos. Origen laboral&nbsp;<\/p>\n\n\n\n<p class=\"wp-block-paragraph\">\u00b7 Val\u00e8ncia: 9 casos. Origen social<\/p>\n\n\n\n<p class=\"wp-block-paragraph\">\u00b7 Val\u00e8ncia: 4 casos. Origen social<\/p>\n\n\n\n<p class=\"wp-block-paragraph\">\u00b7 Alcoy: 3 casos. Origen social<\/p>\n\n\n\n<p class=\"wp-block-paragraph\">\u00b7 Castalla: 3 casos. Origen social&nbsp;<\/p>\n\n\n\n<p class=\"wp-block-paragraph\">\u00b7 Ibi: 4 casos. Origen social<\/p>\n","protected":false},"excerpt":{"rendered":"<div class=\"mh-excerpt\">La Comunitat Valenciana ha registrat 2.136 nous casos de coronavirus confirmats per prova PCR o mitjan\u00e7ant test d&#8217;ant\u00edgens, que situen la xifra total de positius en 79.076 persones. Per prov\u00edncies, la distribuci\u00f3 de nous positius <a class=\"mh-excerpt-more\" href=\"https:\/\/tucomarca.whitekongsoftware.com\/ca\/requena-afegeix-10-contagis-villar-de-larquebisbe-4-i-leliana-5-als-2-136-nous-casos-de-coronavirus-a-la-comunitat\/\" title=\"Requena afegeix 10 contagis, Villar de l&#8217;Arquebisbe 4 i l&#8217;Eliana 5 als 2.136 nous casos de coronavirus a la Comunitat\">[+] <\/a><\/div>\n","protected":false},"author":1,"featured_media":103138,"comment_status":"open","ping_status":"open","sticky":false,"template":"","format":"standard","meta":{"footnotes":""},"categories":[10892,11010,12202,11046,10898,10948,10894,10904,10893,10903,10947,10908,10909,10896,10897,11029],"tags":[10899,11939,11940,11928,11080,10910],"class_list":["post-119269","post","type-post","status-publish","format-standard","has-post-thumbnail","category-camp-de-turia-ca","category-canal-salud","category-covid-19-ca","category-los-serranos-ca","category-ventana-ca","category-infraestructuras-ca","category-la-comarca-ca","category-sin-categorizar-ca","category-leliana-ca","category-medio-ambiente-la-comarca-ca","category-politica","category-requena-ca","category-requena-utiel-ca","category-seccion-ca","category-sucesos-la-comarca-ca","category-villar-del-arzobispo-ca","tag-camp-de-turia-ca","tag-coronavirus-ca","tag-covid-19-ca","tag-la-serrania-ca","tag-los-serranos-ca","tag-requena-utiel-ca"],"_links":{"self":[{"href":"https:\/\/tucomarca.whitekongsoftware.com\/ca\/wp-json\/wp\/v2\/posts\/119269","targetHints":{"allow":["GET"]}}],"collection":[{"href":"https:\/\/tucomarca.whitekongsoftware.com\/ca\/wp-json\/wp\/v2\/posts"}],"about":[{"href":"https:\/\/tucomarca.whitekongsoftware.com\/ca\/wp-json\/wp\/v2\/types\/post"}],"author":[{"embeddable":true,"href":"https:\/\/tucomarca.whitekongsoftware.com\/ca\/wp-json\/wp\/v2\/users\/1"}],"replies":[{"embeddable":true,"href":"https:\/\/tucomarca.whitekongsoftware.com\/ca\/wp-json\/wp\/v2\/comments?post=119269"}],"version-history":[{"count":0,"href":"https:\/\/tucomarca.whitekongsoftware.com\/ca\/wp-json\/wp\/v2\/posts\/119269\/revisions"}],"wp:featuredmedia":[{"embeddable":true,"href":"https:\/\/tucomarca.whitekongsoftware.com\/ca\/wp-json\/wp\/v2\/media\/103138"}],"wp:attachment":[{"href":"https:\/\/tucomarca.whitekongsoftware.com\/ca\/wp-json\/wp\/v2\/media?parent=119269"}],"wp:term":[{"taxonomy":"category","embeddable":true,"href":"https:\/\/tucomarca.whitekongsoftware.com\/ca\/wp-json\/wp\/v2\/categories?post=119269"},{"taxonomy":"post_tag","embeddable":true,"href":"https:\/\/tucomarca.whitekongsoftware.com\/ca\/wp-json\/wp\/v2\/tags?post=119269"}],"curies":[{"name":"wp","href":"https:\/\/api.w.org\/{rel}","templated":true}]}}