{"id":119243,"date":"2020-11-14T23:59:00","date_gmt":"2020-11-14T22:59:00","guid":{"rendered":"http:\/\/www.tucomarca.com\/wordpress\/segunda\/?p=119243"},"modified":"2020-11-15T11:37:06","modified_gmt":"2020-11-15T10:37:06","slug":"leliana-suma-5-casos-i-3-betera-casinos-cortes-de-pallas-i-alzira-als-ultims-1-697-nous-contagis-de-coronavirus-de-lultima-jornada","status":"publish","type":"post","link":"https:\/\/tucomarca.whitekongsoftware.com\/ca\/leliana-suma-5-casos-i-3-betera-casinos-cortes-de-pallas-i-alzira-als-ultims-1-697-nous-contagis-de-coronavirus-de-lultima-jornada\/","title":{"rendered":"L&#8217;Eliana suma 5 casos i 3 B\u00e9tera, Casinos, Cortes de Pall\u00e0s i Alzira als \u00faltims 1.697 nous contagis de coronavirus de l&#8217;\u00faltima jornada"},"content":{"rendered":"\n<p class=\"wp-block-paragraph\">La Conselleria de Sanitat Universal i Salut P\u00fablica ha registrat 1.697 nous contagis de coronavirus confirmats per prova PCR o prova d&#8217;ant\u00edgens a la Comunitat Valenciana, que situen la xifra total de positius en 83.064 persones. Per prov\u00edncies, la distribuci\u00f3 \u00e9s la seg\u00fcent: 224 a Castell\u00f3 (9.637 en total); 497 a Alacant (28.388 en total), i 946 a la prov\u00edncia de Val\u00e8ncia (45.007 en total). A m\u00e9s, s&#8217;han registrat 30 casos sense assignar, de manera que el nombre total ascendeix a 32.<\/p>\n\n\n\n<p class=\"wp-block-paragraph\">D&#8217;altra banda, els hospitals valencians compten en aquests moments amb 1.487 persones ingressades: 137 a la prov\u00edncia de Castell\u00f3, amb 22 pacients en UCI; 481 persones en la d&#8217;Alacant, amb 105 en UCI; i 869 a la prov\u00edncia de Val\u00e8ncia, dels quals 150 es troben a la UCI.<\/p>\n\n\n\n<p class=\"wp-block-paragraph\"><strong>Actualitzaci\u00f3 brots de coronavirus<\/strong><\/p>\n\n\n\n<p class=\"wp-block-paragraph\">Nous brots: 30<\/p>\n\n\n\n<p class=\"wp-block-paragraph\">\u00b7 L&#8217;Eliana: 5 casos. Origen social<\/p>\n\n\n\n<p class=\"wp-block-paragraph\">\u00b7 Sant Vicent del Raspeig: 8 casos. Origen social<\/p>\n\n\n\n<p class=\"wp-block-paragraph\">\u00b7 B\u00e9tera: 3 casos. Origen social<\/p>\n\n\n\n<p class=\"wp-block-paragraph\">\u00b7 Torrent: 3 casos. Origen social<\/p>\n\n\n\n<p class=\"wp-block-paragraph\">\u00b7 Alicante: 4 casos. Origen social<\/p>\n\n\n\n<p class=\"wp-block-paragraph\">\u00b7 Val\u00e8ncia: 3 casos. Origen social<\/p>\n\n\n\n<p class=\"wp-block-paragraph\">\u00b7 Val\u00e8ncia: 4 casos. Origen social<\/p>\n\n\n\n<p class=\"wp-block-paragraph\">\u00b7 Val\u00e8ncia: 4 casos. Origen social<\/p>\n\n\n\n<p class=\"wp-block-paragraph\">\u00b7 Val\u00e8ncia: 5 casos. Origen social<\/p>\n\n\n\n<p class=\"wp-block-paragraph\">\u00b7 Val\u00e8ncia: 7 casos. Origen social<\/p>\n\n\n\n<p class=\"wp-block-paragraph\">\u00b7 Val\u00e8ncia: 3 casos. \u00c1mbito educativo<\/p>\n\n\n\n<p class=\"wp-block-paragraph\">\u00b7 Casinos: 3 casos. Origen social<\/p>\n\n\n\n<p class=\"wp-block-paragraph\">\u00b7 Val\u00e8ncia: 13 casos. Origen social<\/p>\n\n\n\n<p class=\"wp-block-paragraph\">\u00b7 La Vall d&#8217;Uix\u00f3: 7 casos. Origen laboral<\/p>\n\n\n\n<p class=\"wp-block-paragraph\">\u00b7 Onda: 11 casos. \u00c1mbito educativo<\/p>\n\n\n\n<p class=\"wp-block-paragraph\">\u00b7 Onda: 6 casos. Origen social<\/p>\n\n\n\n<p class=\"wp-block-paragraph\">\u00b7 Elche: 3 casos. Origen social<\/p>\n\n\n\n<p class=\"wp-block-paragraph\">\u00b7 Elche: 4 casos. Origen social<\/p>\n\n\n\n<p class=\"wp-block-paragraph\">\u00b7 Manises: 3 casos. Origen social<\/p>\n\n\n\n<p class=\"wp-block-paragraph\">\u00b7 Cortes de Pall\u00e1s: 3 casos. Origen social<\/p>\n\n\n\n<p class=\"wp-block-paragraph\">\u00b7 Sueca: 10 casos. Origen social<\/p>\n\n\n\n<p class=\"wp-block-paragraph\">\u00b7 Sagunto: 3 casos. Origen social<\/p>\n\n\n\n<p class=\"wp-block-paragraph\">\u00b7 Val\u00e8ncia: 3 casos. Origen social<\/p>\n\n\n\n<p class=\"wp-block-paragraph\">\u00b7 Llocnou d&#8217;En Fenollet: 6 casos. Origen social<\/p>\n\n\n\n<p class=\"wp-block-paragraph\">\u00b7 Alboraya: 3 casos. Origen social<\/p>\n\n\n\n<p class=\"wp-block-paragraph\">\u00b7 Alzira: 3 casos. Origen laboral<\/p>\n\n\n\n<p class=\"wp-block-paragraph\">\u00b7 Ontinyent: 3 casos. Origen social<\/p>\n\n\n\n<p class=\"wp-block-paragraph\">\u00b7 Ontinyent: 3 casos. Origen social<\/p>\n\n\n\n<p class=\"wp-block-paragraph\">\u00b7 Quart de Poblet: 10 casos. Orien laboral<\/p>\n\n\n\n<p class=\"wp-block-paragraph\">\u00b7 Almorad\u00ed: 5 casos. \u00c1mbito educativo<\/p>\n","protected":false},"excerpt":{"rendered":"<div class=\"mh-excerpt\">La Conselleria de Sanitat Universal i Salut P\u00fablica ha registrat 1.697 nous contagis de coronavirus confirmats per prova PCR o prova d&#8217;ant\u00edgens a la Comunitat Valenciana, que situen la xifra total de positius en 83.064 <a class=\"mh-excerpt-more\" href=\"https:\/\/tucomarca.whitekongsoftware.com\/ca\/leliana-suma-5-casos-i-3-betera-casinos-cortes-de-pallas-i-alzira-als-ultims-1-697-nous-contagis-de-coronavirus-de-lultima-jornada\/\" title=\"L&#8217;Eliana suma 5 casos i 3 B\u00e9tera, Casinos, Cortes de Pall\u00e0s i Alzira als \u00faltims 1.697 nous contagis de coronavirus de l&#8217;\u00faltima jornada\">[+] <\/a><\/div>\n","protected":false},"author":1,"featured_media":119244,"comment_status":"open","ping_status":"open","sticky":false,"template":"","format":"standard","meta":{"footnotes":""},"categories":[10951,10889,10937,10892,11010,10930,10953,12202,10898,10948,10894,10904,10902,10893,10903,10947,10896,10897],"tags":[11216,10899,11939,11940,11077],"class_list":["post-119243","post","type-post","status-publish","format-standard","has-post-thumbnail","category-ayora-cofrentes-ca","category-alzira-cat","category-betera-ca","category-camp-de-turia-ca","category-canal-salud","category-casinos-ca","category-cortes-de-pallas-ca","category-covid-19-ca","category-ventana-ca","category-infraestructuras-ca","category-la-comarca-ca","category-sin-categorizar-ca","category-la-ribera-ca","category-leliana-ca","category-medio-ambiente-la-comarca-ca","category-politica","category-seccion-ca","category-sucesos-la-comarca-ca","tag-ayora-cofrentes-ca","tag-camp-de-turia-ca","tag-coronavirus-ca","tag-covid-19-ca","tag-la-ribera-alta-ca"],"_links":{"self":[{"href":"https:\/\/tucomarca.whitekongsoftware.com\/ca\/wp-json\/wp\/v2\/posts\/119243","targetHints":{"allow":["GET"]}}],"collection":[{"href":"https:\/\/tucomarca.whitekongsoftware.com\/ca\/wp-json\/wp\/v2\/posts"}],"about":[{"href":"https:\/\/tucomarca.whitekongsoftware.com\/ca\/wp-json\/wp\/v2\/types\/post"}],"author":[{"embeddable":true,"href":"https:\/\/tucomarca.whitekongsoftware.com\/ca\/wp-json\/wp\/v2\/users\/1"}],"replies":[{"embeddable":true,"href":"https:\/\/tucomarca.whitekongsoftware.com\/ca\/wp-json\/wp\/v2\/comments?post=119243"}],"version-history":[{"count":0,"href":"https:\/\/tucomarca.whitekongsoftware.com\/ca\/wp-json\/wp\/v2\/posts\/119243\/revisions"}],"wp:featuredmedia":[{"embeddable":true,"href":"https:\/\/tucomarca.whitekongsoftware.com\/ca\/wp-json\/wp\/v2\/media\/119244"}],"wp:attachment":[{"href":"https:\/\/tucomarca.whitekongsoftware.com\/ca\/wp-json\/wp\/v2\/media?parent=119243"}],"wp:term":[{"taxonomy":"category","embeddable":true,"href":"https:\/\/tucomarca.whitekongsoftware.com\/ca\/wp-json\/wp\/v2\/categories?post=119243"},{"taxonomy":"post_tag","embeddable":true,"href":"https:\/\/tucomarca.whitekongsoftware.com\/ca\/wp-json\/wp\/v2\/tags?post=119243"}],"curies":[{"name":"wp","href":"https:\/\/api.w.org\/{rel}","templated":true}]}}