{"id":119181,"date":"2020-11-14T09:00:47","date_gmt":"2020-11-14T08:00:47","guid":{"rendered":"http:\/\/www.tucomarca.com\/wordpress\/segunda\/?p=119181"},"modified":"2020-11-14T19:28:58","modified_gmt":"2020-11-14T18:28:58","slug":"riba-roja-aprova-realitzar-tallers-de-prevencio-de-violencia-de-genere-entre-els-escolars-i-els-funcionaris","status":"publish","type":"post","link":"https:\/\/tucomarca.whitekongsoftware.com\/ca\/riba-roja-aprova-realitzar-tallers-de-prevencio-de-violencia-de-genere-entre-els-escolars-i-els-funcionaris\/","title":{"rendered":"Riba-roja aprova realitzar tallers de prevenci\u00f3 de viol\u00e8ncia de g\u00e8nere entre els escolars i els funcionaris"},"content":{"rendered":"\n<h4 class=\"wp-block-heading\"><strong>L&#8217;ajuntament se suma al Dia Internacional contra la viol\u00e8ncia de g\u00e8nere<\/strong><\/h4>\n\n\n\n<p class=\"wp-block-paragraph\">L&#8217;Ajuntament de Riba-roja de T\u00faria, a trav\u00e9s dels seus regidories d&#8217;Igualtat i d&#8217;Educaci\u00f3, realitzar\u00e0 tallers de prevenci\u00f3 sobre la viol\u00e8ncia de g\u00e8nere entre els escolars i entre els funcionaris municipals amb l&#8217;objectiu de conscienciar sobre aquesta xacra que afecta la societat des de fa anys, de manera que es pugui eradicar per complet en un futur pr\u00f2xim.<\/p>\n\n\n\n<p class=\"wp-block-paragraph\">En aquest sentit, el ple de l&#8217;Ajuntament de Riba-roja ha aprovat una moci\u00f3 contra la viol\u00e8ncia de g\u00e8nere amb motiu del Dia Internacional que tindr\u00e0 lloc el proper 25 de novembre en el qual insta tots els poders p\u00fablics a continuar desenvolupant les mesures contemplades en el Pacte d&#8217;Estat contra la viol\u00e8ncia de g\u00e8nere a el temps que es reclama dotar amb les corresponents consignacions pressupost\u00e0ries.<\/p>\n\n\n\n<p class=\"wp-block-paragraph\">La moci\u00f3 ha estat redactada conjuntament entre els partits pol\u00edtics de l&#8217;PSPV, el Partit Popular, Ciudadados, l&#8217;Esquerra, Comprom\u00eds i Podem Riba-roja Pot, mentre que la formaci\u00f3 Vox ha votat en contra de la mateixa. La resoluci\u00f3 aposta per instar el Govern d&#8217;Espanya a continuar treballant en tots aquells canvis legislatius que protegeixin tant a la v\u00edctima com als seus fills i filles.<\/p>\n\n\n\n<p class=\"wp-block-paragraph\">La proposta aprovada pel ple de Riba-roja de T\u00faria tamb\u00e9 es mostra favorable perqu\u00e8 es desenvolupen mesures que suposen en la pr\u00e0ctica una &#8220;independ\u00e8ncia econ\u00f2mica de les dones v\u00edctimes de viol\u00e8ncia&#8221; amb l&#8217;objectiu que no sigui una barrera infranquejable, a m\u00e9s de expressar el seu rebuig a aquells posicionaments pol\u00edtics que propugnen &#8220;la negaci\u00f3 de l&#8217;exist\u00e8ncia de la viol\u00e8ncia de g\u00e8nere o rebutge la validesa de les pol\u00edtiques p\u00fabliques enfocades a la seva eradicaci\u00f3&#8221;.<\/p>\n\n\n\n<p class=\"wp-block-paragraph\">La regidoria d&#8217;Igualtat augmentar\u00e0 el coneixement que la societat i els agents professionals tenen de la xarxa de recursos per a dones que pateixen viol\u00e8ncia de g\u00e8nere, amb l&#8217;objectiu de garantir l&#8217;acc\u00e9s a la informaci\u00f3 i un foment, amb coordinaci\u00f3, entre els diversos recursos i agents implicats. El ple elevar\u00e0 a el govern central i auton\u00f2mic aquestes propostes perqu\u00e8 els mateixos tinguin un coneixement exacte i la necessitat d&#8217;adoptar les mesures a l&#8217;efecte.<\/p>\n\n\n\n<p class=\"wp-block-paragraph\">La moci\u00f3 ratificada pels partits pol\u00edtics de Riba-roja de T\u00faria, excepte Vox, incideix en la necessitat de configurar &#8220;una societat m\u00e9s igualit\u00e0ria&#8221; que repercuteix a el mateix temps &#8220;en un major nivell de benestar, i aix\u00f2 suposa que Riba-roja assumeix la responsabilitat de construir aquest municipi com un espai lliure de viol\u00e8ncia masclista, a l&#8217;estar adherits a la Xarxa de Municipis contra la viol\u00e8ncia de g\u00e8nere, ja que \u00e9s tasca de tota la societat en comprometre&#8217;ns amb aquesta lluita&#8221;.<\/p>\n\n\n\n<p class=\"wp-block-paragraph\">El text de la proposta municipal ressalta &#8220;el comprom\u00eds pol\u00edtic de treballar fermament contra totes les manifestacions d&#8217;aquest tipus de viol\u00e8ncia i el comprom\u00eds col\u00b7lectiu de tota la societat, no nom\u00e9s un dia com avui, sin\u00f3 tots els dies de l&#8217;any, ja que ens obliga a totes ia tots a combatre&#8217;l amb tots els mitjans al nostre abast a Riba-roja de T\u00faria&#8221;.<\/p>\n\n\n\n<p class=\"wp-block-paragraph\">Per aix\u00f2, el ple recorda que &#8220;no podem oblidar que l&#8217;escola o l&#8217;institut constitueixen mitjans de socialitzaci\u00f3 important\u00edssims a trav\u00e9s dels quals podem transmetre pautes de comportament, creences i actituds que contribueixen a millorar les relacions entre iguals, basades en la toler\u00e0ncia i el respecte, on s&#8217;incorporin valors que eviten la viol\u00e8ncia i desqualifiquin aquells valors que la propicien&#8221;.<\/p>\n\n\n\n<p class=\"wp-block-paragraph\">L&#8217;alcalde de Riba-roja de T\u00faria, Robert Raga, ha subratllat que la proposta aprovada pel ple municipal &#8220;\u00e9s molt important per seguir conscienciant a la societat en la import\u00e0ncia de continuar lluitant contra la xacra de la viol\u00e8ncia de g\u00e8nere que, malauradament, patim des de fa anys i, en la mesura del possible l&#8217;ajuntament aportem el nostre granet de sorra, no nom\u00e9s amb la declaraci\u00f3 dels partits pol\u00edtics sin\u00f3 tamb\u00e9 amb les propostes que dia a dia duem a terme des de l&#8217;ajuntament &#8220;.<\/p>\n","protected":false},"excerpt":{"rendered":"<div class=\"mh-excerpt\">L&#8217;ajuntament se suma al Dia Internacional contra la viol\u00e8ncia de g\u00e8nere L&#8217;Ajuntament de Riba-roja de T\u00faria, a trav\u00e9s dels seus regidories d&#8217;Igualtat i d&#8217;Educaci\u00f3, realitzar\u00e0 tallers de prevenci\u00f3 sobre la viol\u00e8ncia de g\u00e8nere entre els <a class=\"mh-excerpt-more\" href=\"https:\/\/tucomarca.whitekongsoftware.com\/ca\/riba-roja-aprova-realitzar-tallers-de-prevencio-de-violencia-de-genere-entre-els-escolars-i-els-funcionaris\/\" title=\"Riba-roja aprova realitzar tallers de prevenci\u00f3 de viol\u00e8ncia de g\u00e8nere entre els escolars i els funcionaris\">[+] <\/a><\/div>\n","protected":false},"author":12,"featured_media":94817,"comment_status":"open","ping_status":"open","sticky":false,"template":"","format":"standard","meta":{"footnotes":""},"categories":[10892,10894,10947,10906,10896,10897],"tags":[10395,8900,952],"class_list":["post-119181","post","type-post","status-publish","format-standard","has-post-thumbnail","category-camp-de-turia-ca","category-la-comarca-ca","category-politica","category-riba-roja-ca","category-seccion-ca","category-sucesos-la-comarca-ca","tag-camp-de-turia","tag-riba-roja-del-turia","tag-violencia-de-genero"],"_links":{"self":[{"href":"https:\/\/tucomarca.whitekongsoftware.com\/ca\/wp-json\/wp\/v2\/posts\/119181","targetHints":{"allow":["GET"]}}],"collection":[{"href":"https:\/\/tucomarca.whitekongsoftware.com\/ca\/wp-json\/wp\/v2\/posts"}],"about":[{"href":"https:\/\/tucomarca.whitekongsoftware.com\/ca\/wp-json\/wp\/v2\/types\/post"}],"author":[{"embeddable":true,"href":"https:\/\/tucomarca.whitekongsoftware.com\/ca\/wp-json\/wp\/v2\/users\/12"}],"replies":[{"embeddable":true,"href":"https:\/\/tucomarca.whitekongsoftware.com\/ca\/wp-json\/wp\/v2\/comments?post=119181"}],"version-history":[{"count":0,"href":"https:\/\/tucomarca.whitekongsoftware.com\/ca\/wp-json\/wp\/v2\/posts\/119181\/revisions"}],"wp:featuredmedia":[{"embeddable":true,"href":"https:\/\/tucomarca.whitekongsoftware.com\/ca\/wp-json\/wp\/v2\/media\/94817"}],"wp:attachment":[{"href":"https:\/\/tucomarca.whitekongsoftware.com\/ca\/wp-json\/wp\/v2\/media?parent=119181"}],"wp:term":[{"taxonomy":"category","embeddable":true,"href":"https:\/\/tucomarca.whitekongsoftware.com\/ca\/wp-json\/wp\/v2\/categories?post=119181"},{"taxonomy":"post_tag","embeddable":true,"href":"https:\/\/tucomarca.whitekongsoftware.com\/ca\/wp-json\/wp\/v2\/tags?post=119181"}],"curies":[{"name":"wp","href":"https:\/\/api.w.org\/{rel}","templated":true}]}}