{"id":119177,"date":"2020-11-13T10:00:59","date_gmt":"2020-11-13T09:00:59","guid":{"rendered":"http:\/\/www.tucomarca.com\/wordpress\/segunda\/?p=119177"},"modified":"2020-11-14T19:33:36","modified_gmt":"2020-11-14T18:33:36","slug":"la-diputacio-millorara-la-seguretat-de-la-carretera-que-connecta-torrent-montroi-montserrat-i-real","status":"publish","type":"post","link":"https:\/\/tucomarca.whitekongsoftware.com\/ca\/la-diputacio-millorara-la-seguretat-de-la-carretera-que-connecta-torrent-montroi-montserrat-i-real\/","title":{"rendered":"La Diputaci\u00f3 millorar\u00e0 la seguretat de la carretera que connecta Torrent, Montroi, Montserrat i Real"},"content":{"rendered":"\n<h4 class=\"wp-block-heading\"><strong>L&#8217;\u00e0rea provincial d&#8217;Infraestructures que dirigix Rafa Garc\u00eda licita el projecte de condicionament de la CV-405 entre el By-Pass i Venta Cabrera, una actuaci\u00f3 reivindicada pels quatre municipis<\/strong><\/h4>\n\n\n\n<h4 class=\"wp-block-heading\"><strong>El projecte b\u00e0sic t\u00e9 un cost aproximat de 140.000 euros i un termini d&#8217;execuci\u00f3 d&#8217;11 mesos. En l&#8217;estudi de l&#8217;obra es tindr\u00e0 en compte la seguretat dels nombrosos ciclistes que utilitzen la via<\/strong><\/h4>\n\n\n\n<p class=\"wp-block-paragraph\">La Diputaci\u00f3 de Val\u00e8ncia ha fet el primer pas per a refor\u00e7ar la seguretat vi\u00e0ria de la CV-405 de Torrent a Montroi, en concret en els set quil\u00f2metres entre el By-Pass i la nova glorieta de Venta Cabrera, un tram que presenta una elevada sinistralitat a conseq\u00fc\u00e8ncia dels canvis de rasant, corbes tancades i abs\u00e8ncia de carril espec\u00edfic per a ciclistes. La corporaci\u00f3 provincial ha licitat el projecte b\u00e0sic de condicionament entre el punt quilom\u00e8tric 3,3 i el 10 de la via, amb un pressupost de 140.000 euros i un termini d&#8217;execuci\u00f3 d&#8217;11 mesos.<\/p>\n\n\n\n<p class=\"wp-block-paragraph\">Amb este treball previ a l&#8217;obra, l&#8217;\u00e0rea provincial d&#8217;Infraestructures que dirigix Rafa Garc\u00eda pret\u00e9n solucionar els problemes de seguretat vi\u00e0ria en una carretera amb tr\u00e0nsit intens i pres\u00e8ncia habitual de ciclistes, donant resposta a la reivindicaci\u00f3 que compartixen els municipis de Torrent, Real, Montserrat i Montroi, connectats per la CV-405.<\/p>\n\n\n\n<p class=\"wp-block-paragraph\">El responsable de Carreteres explica que l&#8217;\u00e0rea que dirigix considera necessari realitzar una actuaci\u00f3 de refor\u00e7 de la seguretat en un tram de quasi set quil\u00f2metres en el qual conflu\u00efxen \u201cdiverses circumst\u00e0ncies que incidixen en la perillositat de la via, com les zones amb escassa visibilitat, les retencions en per\u00edodes vacacionals a causa dels habitatges de segona resid\u00e8ncia, els nombrosos accessos des de camins p\u00fablics i urbanitzacions o la secci\u00f3 transversal insuficient davant l&#8217;elevada intensitat de tr\u00e0nsit i la pres\u00e8ncia habitual de ciclistes\u201d.<\/p>\n\n\n\n<p class=\"wp-block-paragraph\"><strong>Acc\u00e9s a Val\u00e8ncia des del sud-oest<\/strong><\/p>\n\n\n\n<p class=\"wp-block-paragraph\">El tra\u00e7at actual, entre el By-Pass i Venta Cabrera, es compon d&#8217;una cal\u00e7ada de set metres, amb un carril per sentit, vorals laterals de 1,5 metres i bermes inexistents en pr\u00e0cticament tot el recorregut. La via connecta els municipis de Torrent, Montserrat, Montroi i Real, entre altres, amb l&#8217;A-7 i la CV-50, i constitu\u00efx el principal acc\u00e9s a l&#8217;\u00e0rea metropolitana de Val\u00e8ncia des de les poblacions del sud-oest de la prov\u00edncia.<\/p>\n\n\n\n<p class=\"wp-block-paragraph\">L&#8217;\u00e0rea d&#8217;Infraestructures licita un projecte b\u00e0sic que estudiar\u00e0 totes les alternatives sobre la secci\u00f3 transversal (amb la intenci\u00f3 de tindre dos carrils per sentit), accessibilitat (control d&#8217;accessos i estudi d&#8217;interseccions) i compatibilitat amb el tr\u00e0nsit ciclista, augmentant la seua capacitat i les oportunitats d&#8217;avan\u00e7aments. En este sentit, la seguretat dels usuaris m\u00e9s vulnerables de la via \u00e9s tamb\u00e9 priorit\u00e0ria en una carretera que forma part del recorregut habitual de penyes ciclistes durant dies festius i d&#8217;aficionats durant la resta de la setmana.<\/p>\n\n\n\n<p class=\"wp-block-paragraph\">D&#8217;esta manera, la Diputaci\u00f3 complix amb la paraula donada als alcaldes dels quatre municipis que en el present any s&#8217;iniciaria el proc\u00e9s administratiu necessari per a escometre una obra \u00e0mpliament reivindicada per diferents localitats de L&#8217;Horta i La Ribera. Els responsables locals es van reunir amb Rafa Garc\u00eda per a traslladar-li la problem\u00e0tica d&#8217;una via que acumula fins a 14.000 vehicles diaris en algunes corbes i incorporacions perilloses, cas de Monte-Real.<\/p>\n\n\n\n<p class=\"wp-block-paragraph\">La millora de la seguretat de la CV-405 entre el By-Pass i la nova glorieta de Venta Cabrera, constru\u00efda per l&#8217;\u00e0rea provincial de Carreteres per a regular la intersecci\u00f3 amb la CV-415 entre Picassent i Montserrat, est\u00e0 ja en proc\u00e9s d&#8217;estudi i forma part de les actuacions projectades per l&#8217;\u00e0rea d&#8217;Infraestructures de la Diputaci\u00f3 de Val\u00e8ncia en la seua programaci\u00f3 2020-24.<\/p>\n","protected":false},"excerpt":{"rendered":"<div class=\"mh-excerpt\">L&#8217;\u00e0rea provincial d&#8217;Infraestructures que dirigix Rafa Garc\u00eda licita el projecte de condicionament de la CV-405 entre el By-Pass i Venta Cabrera, una actuaci\u00f3 reivindicada pels quatre municipis El projecte b\u00e0sic t\u00e9 un cost aproximat de <a class=\"mh-excerpt-more\" href=\"https:\/\/tucomarca.whitekongsoftware.com\/ca\/la-diputacio-millorara-la-seguretat-de-la-carretera-que-connecta-torrent-montroi-montserrat-i-real\/\" title=\"La Diputaci\u00f3 millorar\u00e0 la seguretat de la carretera que connecta Torrent, Montroi, Montserrat i Real\">[+] <\/a><\/div>\n","protected":false},"author":12,"featured_media":119176,"comment_status":"open","ping_status":"open","sticky":false,"template":"","format":"standard","meta":{"footnotes":""},"categories":[10898,10948,10894,10902,11000,11001,10947,11051,10896],"tags":[3677,3640],"class_list":["post-119177","post","type-post","status-publish","format-standard","has-post-thumbnail","category-ventana-ca","category-infraestructuras-ca","category-la-comarca-ca","category-la-ribera-ca","category-monserrat-ca","category-montroi-ca","category-politica","category-real-de-montroi-ca","category-seccion-ca","tag-diputacio-de-valencia","tag-la-ribera-alta"],"_links":{"self":[{"href":"https:\/\/tucomarca.whitekongsoftware.com\/ca\/wp-json\/wp\/v2\/posts\/119177","targetHints":{"allow":["GET"]}}],"collection":[{"href":"https:\/\/tucomarca.whitekongsoftware.com\/ca\/wp-json\/wp\/v2\/posts"}],"about":[{"href":"https:\/\/tucomarca.whitekongsoftware.com\/ca\/wp-json\/wp\/v2\/types\/post"}],"author":[{"embeddable":true,"href":"https:\/\/tucomarca.whitekongsoftware.com\/ca\/wp-json\/wp\/v2\/users\/12"}],"replies":[{"embeddable":true,"href":"https:\/\/tucomarca.whitekongsoftware.com\/ca\/wp-json\/wp\/v2\/comments?post=119177"}],"version-history":[{"count":0,"href":"https:\/\/tucomarca.whitekongsoftware.com\/ca\/wp-json\/wp\/v2\/posts\/119177\/revisions"}],"wp:featuredmedia":[{"embeddable":true,"href":"https:\/\/tucomarca.whitekongsoftware.com\/ca\/wp-json\/wp\/v2\/media\/119176"}],"wp:attachment":[{"href":"https:\/\/tucomarca.whitekongsoftware.com\/ca\/wp-json\/wp\/v2\/media?parent=119177"}],"wp:term":[{"taxonomy":"category","embeddable":true,"href":"https:\/\/tucomarca.whitekongsoftware.com\/ca\/wp-json\/wp\/v2\/categories?post=119177"},{"taxonomy":"post_tag","embeddable":true,"href":"https:\/\/tucomarca.whitekongsoftware.com\/ca\/wp-json\/wp\/v2\/tags?post=119177"}],"curies":[{"name":"wp","href":"https:\/\/api.w.org\/{rel}","templated":true}]}}